{"id":50642,"date":"2012-04-18T22:15:18","date_gmt":"2012-04-18T19:15:18","guid":{"rendered":"http:\/\/www.korhanyilmaz.com\/?p=50642"},"modified":"2012-04-19T09:07:01","modified_gmt":"2012-04-19T06:07:01","slug":"tutuklu-vekiller-ak-partinin-sorunu-degil","status":"publish","type":"post","link":"http:\/\/www.korhanyilmaz.com\/?p=50642","title":{"rendered":"&#8220;Tutuklu vekiller AK Parti&#8217;nin sorunu de\u011fil&#8221;"},"content":{"rendered":"<p style=\"text-align: center;\"><a href=\"http:\/\/www.korhanyilmaz.com\/wp-content\/uploads\/2012\/04\/D0049.jpg\"  class=\"lightview\"><img loading=\"lazy\" decoding=\"async\" class=\"aligncenter  wp-image-50643\" src=\"http:\/\/www.korhanyilmaz.com\/wp-content\/uploads\/2012\/04\/D0049.jpg\" alt=\"\" width=\"396\" height=\"180\" \/><\/a><\/p>\n<p style=\"text-align: justify;\">TBMM Ba\u015fkan\u0131 Cemil \u00c7i\u00e7ek&#8217;in tutuklu milletvekilleri konusundaki giri\u015fimini sayg\u0131yla kar\u015f\u0131lad\u0131klar\u0131n\u0131 s\u00f6yleyen Erdo\u011fan, &#8220;Tutuklu milletvekilleri Ak Parti&#8217;nin sorunu de\u011fil. Tutuklu milletvekilleri hangi siyasi partilere aitse \u00f6nce o siyasi partilerin g\u00f6r\u00fc\u015flerini g\u00f6rmek laz\u0131m&#8221; dedi.\u00a0<!--more--><\/p>\n<p style=\"text-align: justify;\">ANKARA \u2013 Ba\u015fbakan Recep Tayyip Erdo\u011fan, G\u00fcney K\u0131br\u0131s\u2019\u0131n Danimarka\u2019n\u0131n ard\u0131ndan AB D\u00f6nem Ba\u015fkanl\u0131\u011f\u0131\u2019na gelmesiyle, T\u00fcrkiye\u2019nin 6 ay s\u00fcreyle AB ili\u015fkilerine ara verece\u011fini s\u00f6yledi. Ba\u015fbakan Erdo\u011fan, Suriye\u2019de tanklar\u0131n hen\u00fcz k\u0131\u015flaya \u00e7ekilmedi\u011fine de dikkat \u00e7ekerek, \u201cSay\u0131n Annan\u2019\u0131n plan\u0131ndaki 6 maddelik s\u00f6z yerine geldi diyemeyiz\u201d diye konu\u015ftu. Erdo\u011fan, Barzani\u2019yle yapaca\u011f\u0131 g\u00f6r\u00fc\u015fmelerinde PKK konusunun da masaya gelece\u011fini belirterek, \u201cTemenni ediyorum ki bu g\u00f6r\u00fc\u015fmeler tesirini en k\u0131sa s\u00fcrede g\u00f6sterir\u201d dedi.<\/p>\n<p style=\"text-align: justify;\">Finlandiya Ba\u015fbakan\u0131 Jyrki Katainen\u2019le yapt\u0131\u011f\u0131 g\u00f6r\u00fc\u015fmenin ard\u0131ndan ortak bas\u0131n toplant\u0131s\u0131 d\u00fczenleyen Ba\u015fbakan Recep Tayyip Erdo\u011fan, bas\u0131n mensuplar\u0131n\u0131n sorular\u0131n\u0131 yan\u0131tlad\u0131. T\u00fcrkiye\u2019nin Suriye ile ilgili olarak Annan plan\u0131n\u0131n arkas\u0131nda oldu\u011funu vurgulayan Erdo\u011fan, \u201cFakat, bu plan\u0131n y\u00fcr\u00fcy\u00fcp y\u00fcr\u00fcmeyece\u011fi, Suriye y\u00f6netiminin buna sad\u0131k kal\u0131p kalmayaca\u011f\u0131 noktas\u0131nda, i\u00e7eriden ald\u0131\u011f\u0131m\u0131z istihbari bilgiler maalesef olumlu de\u011fil. Hala rejim orada kan ak\u0131tmaya, \u00f6ld\u00fcrmeye devam ediyor\u201d diye konu\u015ftu. Suriye\u2019den T\u00fcrkiye\u2019ye ve di\u011fer kom\u015fu \u00fclkelere ka\u00e7anlar\u0131n \u015eam d\u0131\u015f\u0131ndaki yerlerde \u00f6l\u00fcmlerinin devam etti\u011fi y\u00f6n\u00fcnde bilgi verdi\u011fini ifade eden Erdo\u011fan, Suriye\u2019nin \u201cTanklar\u0131 \u00e7ektik\u201d a\u00e7\u0131klamas\u0131n\u0131n da ger\u00e7e\u011fi yans\u0131tmad\u0131\u011f\u0131n\u0131 s\u00f6yledi. \u201c\u00c7ekilen tanklar k\u0131rsal kesime al\u0131n\u0131yor. Caddelerde bu g\u00f6r\u00fcnt\u00fcler olmuyor ama tanklar k\u0131\u015flaya da \u00e7ekilmiyor. K\u0131rsalda sald\u0131rmaya haz\u0131r bekliyorlar. Bunlar k\u0131\u015flalar\u0131na \u00e7ekilmeli. Say\u0131n Annan\u2019\u0131n plan\u0131ndaki 6 maddelik s\u00f6z yerine geldi diyemeyiz\u201d diyen Erdo\u011fan, BM G\u00fcvenlik Konseyi\u2019nin Suriye\u2019ye g\u00f6zlemciler g\u00f6ndermeye ba\u015flad\u0131\u011f\u0131n\u0131, yap\u0131lacak \u00e7al\u0131\u015fmalar\u0131n ve denetimin b\u00fcy\u00fck \u00f6nem arz etti\u011fini kaydetti. Erdo\u011fan, \u201cTemenni ediyoruz ki \u00f6l\u00fcm dursun, kan dursun\u201d diye konu\u015ftu.<\/p>\n<p style=\"text-align: justify;\"><strong>AB\u2019YE 6 AY ARA<\/strong><\/p>\n<p style=\"text-align: justify;\">AB \u00fcyeli\u011finin T\u00fcrkiye i\u00e7in stratejik ve siyasi bir karar oldu\u011funu belirten Erdo\u011fan, \u201cBiz bu karar\u0131m\u0131z\u0131n arkas\u0131nday\u0131z, caym\u0131\u015f de\u011filiz. Ama ne yaz\u0131k ki AB \u00fcyesi \u00fclkelerin T\u00fcrkiye\u2019ye kar\u015f\u0131 ahde vefa anlay\u0131\u015f\u0131nda b\u00fcy\u00fck bir sapma var. Onlar s\u00f6zlerini yerine getirmiyorlar. Biz \u00e7al\u0131\u015fmalar\u0131m\u0131z\u0131 s\u00fcrd\u00fcr\u00fcyoruz. \u015eimdi Danimarka\u2019dan sonra G\u00fcney K\u0131br\u0131s\u2019\u0131n d\u00f6nem ba\u015fkanl\u0131\u011f\u0131 ba\u015flayacak. Bu s\u00fcreyi 6 ay ara vererek ge\u00e7irece\u011fiz. Biz, G\u00fcney K\u0131br\u0131s devletini tan\u0131m\u0131yoruz. Tan\u0131mad\u0131\u011f\u0131m\u0131z bir y\u00f6netimle bir arada olamay\u0131z, ayn\u0131 masaya oturamay\u0131z. AB kurumlar\u0131yla g\u00f6r\u00fc\u015fmeleri bizim buradaki kurumlar\u0131m\u0131z y\u00fcr\u00fctmeye devam eder. Bu \u00e7al\u0131\u015fmalar bu \u015fekilde s\u00fcrebilir\u201d dedi.<\/p>\n<p style=\"text-align: justify;\"><strong>BARZAN\u0130&#8217;YLE G\u00d6R\u00dc\u015eMEDE PKK MASADA OLACAK<\/strong><\/p>\n<p style=\"text-align: justify;\">Ba\u015fbakan Erdo\u011fan, yar\u0131n T\u00fcrkiye\u2019ye gelecek Kuzey Irak B\u00f6lgesel K\u00fcrt Y\u00f6netimi Ba\u015fkan\u0131 Mesut Barzani ile yapaca\u011f\u0131 g\u00f6r\u00fc\u015fmenin i\u00e7eri\u011fiyle ilgili soruya ise, \u201cIrak masadaki en \u00f6nemli konu. Ard\u0131ndan b\u00f6lgedeki son geli\u015fmeler ve Suriye g\u00fcndemimizdeki en \u00f6nemli konular olacakt\u0131r. Ama g\u00f6r\u00fc\u015fmeler esnas\u0131nda farkl\u0131 konular g\u00fcndeme gelebilir. T\u00fcrkiye\u2019deki ter\u00f6r konusu, PKK boyutu Kuzey Irak\u2019\u0131 da ilgilendiren bir konu oldu\u011fundan bunu da orada g\u00f6r\u00fc\u015fme f\u0131rsat\u0131m\u0131z olacak. Temenni ediyorum ki bu g\u00f6r\u00fc\u015fmeler tesirini en k\u0131sa s\u00fcrede g\u00f6sterir\u201d \u015feklinde yan\u0131t verdi.<\/p>\n<p style=\"text-align: justify;\"><strong>TUTUKLU VEK\u0130LLER<\/strong><\/p>\n<p style=\"text-align: justify;\">Ba\u015fbakan Erdo\u011fan, tutuklu milletvekilleri konusunda TBMM\u2019de yasal d\u00fczenleme yap\u0131laca\u011f\u0131 y\u00f6n\u00fcndeki haberlere ili\u015fkin, \u201cBu tutuklu milletvekilleri hangi siyasi partilere aitse \u00f6nce o siyasi partilerin bir defa g\u00f6r\u00fc\u015fleri nedir, hangi g\u00fcndemle ortaya \u00e7\u0131kacaklar? Bunu g\u00f6rmek laz\u0131m. Bu i\u015f, bu sorun AK Parti\u2019nin sorunu de\u011fil. Onlar\u0131n sorunu. E\u011fer yasal \u00e7er\u00e7eve i\u00e7erisinde varsa Anayasam\u0131za, yasalara uygun baz\u0131 ger\u00e7ekleri biz ortaya koyar\u0131z. Fakat \u015funu hi\u00e7bir zaman unutmay\u0131n; bu se\u00e7imlere giderken birilerinin milletvekili olamayaca\u011f\u0131n\u0131 bile bile veya \u2018Bunu \u015f\u00f6yle arkadan dola\u015fmak suretiyle \u00e7\u00f6zer miyiz?\u2019 diye farkl\u0131 y\u00f6ntemleri denemek, demokrasinin usulleri i\u00e7erisinde yoktur. \u00d6zellikle de bir hukuk devletinin i\u00e7erisinde hi\u00e7 mi hi\u00e7 yoktur&#8221; dedi.<\/p>\n<p style=\"text-align: justify;\">TBMM Ba\u015fkan\u0131 Cemil \u00c7i\u00e7ek\u2019in bu konudaki giri\u015fimini de sayg\u0131yla kar\u015f\u0131lad\u0131klar\u0131n\u0131 s\u00f6yleyen Erdo\u011fan, \u201cAma \u00f6n\u00fcm\u00fcze gelen nedir, ne de\u011fildir? Bunu g\u00f6r\u00fcr\u00fcz. Burada anayasaya, yasalara uygun bir \u015fey varsa bunu bizler de yetkili kurullar\u0131m\u0131zda de\u011ferlendiririz\u201d diye konu\u015ftu.(ANKA)<\/p>\n<p style=\"text-align: justify;\"><a href=\"http:\/\/www.gazeteport.com.tr\/haber\/90567\/quottutuklu_vekiller_ak_partinin_sorunu_degilquot\" target=\"_blank\">Kaynak : GAZETEPORT<\/a><\/p>\n","protected":false},"excerpt":{"rendered":"<p style=\"text-align: center;\">\n<p style=\"text-align: justify;\">TBMM Ba\u015fkan\u0131 Cemil \u00c7i\u00e7ek&#8217;in tutuklu milletvekilleri konusundaki giri\u015fimini sayg\u0131yla kar\u015f\u0131lad\u0131klar\u0131n\u0131 s\u00f6yleyen Erdo\u011fan, &#8220;Tutuklu milletvekilleri Ak Parti&#8217;nin sorunu de\u011fil. Tutuklu milletvekilleri hangi siyasi partilere aitse \u00f6nce o siyasi partilerin g\u00f6r\u00fc\u015flerini g\u00f6rmek laz\u0131m&#8221; dedi. <\/p>\n","protected":false},"author":1,"featured_media":0,"comment_status":"open","ping_status":"open","sticky":false,"template":"","format":"standard","meta":{"footnotes":""},"categories":[105],"tags":[],"class_list":["post-50642","post","type-post","status-publish","format-standard","hentry","category-gundem","odd"],"_links":{"self":[{"href":"http:\/\/www.korhanyilmaz.com\/index.php?rest_route=\/wp\/v2\/posts\/50642","targetHints":{"allow":["GET"]}}],"collection":[{"href":"http:\/\/www.korhanyilmaz.com\/index.php?rest_route=\/wp\/v2\/posts"}],"about":[{"href":"http:\/\/www.korhanyilmaz.com\/index.php?rest_route=\/wp\/v2\/types\/post"}],"author":[{"embeddable":true,"href":"http:\/\/www.korhanyilmaz.com\/index.php?rest_route=\/wp\/v2\/users\/1"}],"replies":[{"embeddable":true,"href":"http:\/\/www.korhanyilmaz.com\/index.php?rest_route=%2Fwp%2Fv2%2Fcomments&post=50642"}],"version-history":[{"count":0,"href":"http:\/\/www.korhanyilmaz.com\/index.php?rest_route=\/wp\/v2\/posts\/50642\/revisions"}],"wp:attachment":[{"href":"http:\/\/www.korhanyilmaz.com\/index.php?rest_route=%2Fwp%2Fv2%2Fmedia&parent=50642"}],"wp:term":[{"taxonomy":"category","embeddable":true,"href":"http:\/\/www.korhanyilmaz.com\/index.php?rest_route=%2Fwp%2Fv2%2Fcategories&post=50642"},{"taxonomy":"post_tag","embeddable":true,"href":"http:\/\/www.korhanyilmaz.com\/index.php?rest_route=%2Fwp%2Fv2%2Ftags&post=50642"}],"curies":[{"name":"wp","href":"https:\/\/api.w.org\/{rel}","templated":true}]}}