{"id":50629,"date":"2012-04-18T08:06:35","date_gmt":"2012-04-18T05:06:35","guid":{"rendered":"http:\/\/www.korhanyilmaz.com\/?p=50629"},"modified":"2012-08-25T12:05:28","modified_gmt":"2012-08-25T09:05:28","slug":"taklamakan","status":"publish","type":"post","link":"http:\/\/www.korhanyilmaz.com\/?p=50629","title":{"rendered":"Taklamakan"},"content":{"rendered":"<div id=\"attachment_37365\" style=\"width: 100px\" class=\"wp-caption alignright\"><img loading=\"lazy\" decoding=\"async\" aria-describedby=\"caption-attachment-37365\" class=\" wp-image-37365  \" title=\"Y\u0131lmaz \u00d6zdil - H\u00fcrriyet Gazetesi\" src=\"http:\/\/www.korhanyilmaz.com\/wp-content\/uploads\/2011\/07\/257.jpg\" alt=\"\" width=\"90\" height=\"96\" \/><p id=\"caption-attachment-37365\" class=\"wp-caption-text\">Y\u0131lmaz \u00d6zdil<\/p><\/div>\n<p style=\"text-align: justify;\">Takla\u2019makan \u00e7\u00f6l\u00fcnde&#8230;<\/p>\n<p style=\"text-align: justify;\">Yal\u201c<strong>takla<\/strong>\u201dnma me\u015fhurmu\u015f.<\/p>\n<p style=\"text-align: justify;\">F\u0131\u015f\u2019takla f\u0131\u015f\u2019takla&#8230;<\/p>\n<p style=\"text-align: justify;\">Kos\u201ctakla\u201dnm\u0131\u015f padi\u015fah.<\/p>\n<p style=\"text-align: justify;\"><span style=\"text-decoration: underline;\"><!--more--><\/span><\/p>\n<p style=\"text-align: justify;\">Memleket takla\u2019makan ya&#8230;<\/p>\n<p style=\"text-align: justify;\">Toplay\u0131n ahaliyi, beni sevip sevmediklerini kan\u0131tlamak i\u00e7in takla ats\u0131nlar, g\u00f6reyim bakiim demi\u015f.<\/p>\n<p style=\"text-align: justify;\">Ters takla.<\/p>\n<p style=\"text-align: justify;\">G\u00fcvercin takla.<\/p>\n<p style=\"text-align: justify;\">Salto atan bile olmu\u015f.<\/p>\n<p style=\"text-align: justify;\">E s\u0131k\u0131lm\u0131\u015f seyretmekten&#8230;<\/p>\n<p style=\"text-align: justify;\">Tar\u201c<strong>takla<\/strong>\u201dy\u0131n da\u011f\u0131ls\u0131nlar demi\u015f.<\/p>\n<p style=\"text-align: justify;\">Tar\u2019takla tar\u2019takla&#8230;<\/p>\n<p style=\"text-align: justify;\">\u00c7\u0131t yok.<\/p>\n<p style=\"text-align: justify;\">Pa\u201c<strong>takla<\/strong>\u201dy\u0131n demi\u015f.<\/p>\n<p style=\"text-align: justify;\">Vermi\u015fler ahaliye odunu.<\/p>\n<p style=\"text-align: justify;\">Pa\u2019takla pa\u2019takla&#8230;<\/p>\n<p style=\"text-align: justify;\">Tepe\u2019takla oluyorlar.<\/p>\n<p style=\"text-align: justify;\">G\u0131k \u00e7\u0131km\u0131yor.<\/p>\n<p style=\"text-align: justify;\">Padi\u015fah delirecek&#8230;<\/p>\n<p style=\"text-align: justify;\">Ulan demi\u015f, bu ne bi\u00e7im ahali?<\/p>\n<p style=\"text-align: justify;\">Odunu kal\u0131nla\u015ft\u0131r\u0131n, bi tane de<\/p>\n<p style=\"text-align: justify;\">takla\u2019vat\u0131 g\u00fc\u00e7l\u00fc \u0131zbandut koyun,<\/p>\n<p style=\"text-align: justify;\">hem pataklas\u0131n, hem de&#8230;<\/p>\n<p style=\"text-align: justify;\">Uygulama derhal ba\u015flam\u0131\u015f.<\/p>\n<p style=\"text-align: justify;\">T\u0131k yok iyi mi.<\/p>\n<p style=\"text-align: justify;\">Mutlu mesut&#8230;<\/p>\n<p style=\"text-align: justify;\">Pay\u201c<strong>takla<\/strong>\u201dya pay\u201c<strong>takla<\/strong>\u201dya geziyorlar.<\/p>\n<p style=\"text-align: justify;\">Padi\u015fah dayanamam\u0131\u015f&#8230;<\/p>\n<p style=\"text-align: justify;\">Benim bile kan\u0131ma dokundu, h\u00e2l\u00e2<\/p>\n<p style=\"text-align: justify;\">k\u0131l\u0131n\u0131z k\u0131p\u0131rdam\u0131yor, yok mu bi itiraz\u0131 olan?<\/p>\n<p style=\"text-align: justify;\">Kalabal\u0131\u011f\u0131n en arkas\u0131ndan biri utana s\u0131k\u0131la elini kald\u0131rm\u0131\u015f, \u201c<strong>efenim<\/strong>\u201d demi\u015f&#8230;<\/p>\n<p style=\"text-align: justify;\">\u201c<strong>M\u00fcmk\u00fcnse takla\u2019vat\u0131 g\u00fc\u00e7l\u00fc arkada\u015f\u0131n say\u0131s\u0131n\u0131 ikiye \u00e7\u0131kar\u0131n, tek tek u\u011fra\u015f\u0131rken kuyruk oluyor da!<\/strong>\u201d<\/p>\n<p style=\"text-align: justify;\"><strong>NOT:<\/strong><\/p>\n<p style=\"text-align: justify;\">Ay ba\u015f\u0131nda \u201c<strong>Do\u011falgaz\u2019\u0131k<\/strong>\u201d yazm\u0131\u015f, zamlar\u0131ndan \u015fik\u00e2yet edilen do\u011falgaz\u0131n adeta bayram havas\u0131nda kar\u015f\u0131land\u0131\u011f\u0131n\u0131 hat\u0131rlat\u0131rken, Nazilli \u00f6rne\u011fini vermi\u015f, \u201c<strong>do\u011falgaz d\u00f6\u015feme \u015ferefine, mehter tak\u0131m\u0131 e\u015fli\u011finde, Belediye Ba\u015fkan\u0131, Kaymakam, Ba\u015fsavc\u0131 ve Garnizon Komutan\u0131 taraf\u0131ndan lokma da\u011f\u0131t\u0131ld\u0131<\/strong>\u201d demi\u015ftim. Nazilli Ba\u015fsavc\u0131s\u0131 say\u0131n Do\u011fan Kaya, s\u00f6z konusu t\u00f6rene kat\u0131lmad\u0131\u011f\u0131n\u0131 belirterek, cevap ve d\u00fczeltme metni g\u00f6nderdi. Hakl\u0131&#8230; Asl\u0131nda yerel kaynaklardan ald\u0131\u011f\u0131m bilgilerle yazm\u0131\u015ft\u0131m ama, tekrar d\u00f6n\u00fcp sorunca anl\u0131yorum ki, e\u015feklik edip, yanl\u0131\u015f yazm\u0131\u015f\u0131m. Kendisinden \u00f6z\u00fcr dilerim. Ba\u015fsavc\u0131 kat\u0131lmad\u0131.<\/p>\n<p style=\"text-align: justify;\">M\u00fcft\u00fc kat\u0131ld\u0131.<\/p>\n<p style=\"text-align: justify;\"><a href=\"http:\/\/www.hurriyet.com.tr\/yazarlar\/20367670.asp\" target=\"_blank\">Kaynak : H\u00fcrriyet.com.tr<\/a><\/p>\n","protected":false},"excerpt":{"rendered":"<p id=\"caption-attachment-37365\" class=\"wp-caption-text\">Y\u0131lmaz \u00d6zdil<\/p>\n<p style=\"text-align: justify;\">Takla\u2019makan \u00e7\u00f6l\u00fcnde&#8230;<\/p>\n<p style=\"text-align: justify;\">Yal\u201ctakla\u201dnma me\u015fhurmu\u015f.<\/p>\n<p style=\"text-align: justify;\">F\u0131\u015f\u2019takla f\u0131\u015f\u2019takla&#8230;<\/p>\n<p style=\"text-align: justify;\">Kos\u201ctakla\u201dnm\u0131\u015f padi\u015fah.<\/p>\n<p style=\"text-align: justify;\">\n","protected":false},"author":1,"featured_media":0,"comment_status":"open","ping_status":"open","sticky":false,"template":"","format":"standard","meta":{"footnotes":""},"categories":[16],"tags":[30],"class_list":["post-50629","post","type-post","status-publish","format-standard","hentry","category-kose-yazilari","tag-yilmaz-ozdil","odd"],"_links":{"self":[{"href":"http:\/\/www.korhanyilmaz.com\/index.php?rest_route=\/wp\/v2\/posts\/50629","targetHints":{"allow":["GET"]}}],"collection":[{"href":"http:\/\/www.korhanyilmaz.com\/index.php?rest_route=\/wp\/v2\/posts"}],"about":[{"href":"http:\/\/www.korhanyilmaz.com\/index.php?rest_route=\/wp\/v2\/types\/post"}],"author":[{"embeddable":true,"href":"http:\/\/www.korhanyilmaz.com\/index.php?rest_route=\/wp\/v2\/users\/1"}],"replies":[{"embeddable":true,"href":"http:\/\/www.korhanyilmaz.com\/index.php?rest_route=%2Fwp%2Fv2%2Fcomments&post=50629"}],"version-history":[{"count":0,"href":"http:\/\/www.korhanyilmaz.com\/index.php?rest_route=\/wp\/v2\/posts\/50629\/revisions"}],"wp:attachment":[{"href":"http:\/\/www.korhanyilmaz.com\/index.php?rest_route=%2Fwp%2Fv2%2Fmedia&parent=50629"}],"wp:term":[{"taxonomy":"category","embeddable":true,"href":"http:\/\/www.korhanyilmaz.com\/index.php?rest_route=%2Fwp%2Fv2%2Fcategories&post=50629"},{"taxonomy":"post_tag","embeddable":true,"href":"http:\/\/www.korhanyilmaz.com\/index.php?rest_route=%2Fwp%2Fv2%2Ftags&post=50629"}],"curies":[{"name":"wp","href":"https:\/\/api.w.org\/{rel}","templated":true}]}}