{"id":50625,"date":"2012-04-19T07:03:37","date_gmt":"2012-04-19T04:03:37","guid":{"rendered":"http:\/\/www.korhanyilmaz.com\/?p=50625"},"modified":"2012-04-19T08:23:28","modified_gmt":"2012-04-19T05:23:28","slug":"takla-vakasinin-sirri-cozuldu","status":"publish","type":"post","link":"http:\/\/www.korhanyilmaz.com\/?p=50625","title":{"rendered":"&#8216;Takla&#8217; vakas\u0131n\u0131n s\u0131rr\u0131 \u00e7\u00f6z\u00fcld\u00fc"},"content":{"rendered":"<p style=\"text-align: justify;\"><a href=\"http:\/\/www.korhanyilmaz.com\/wp-content\/uploads\/2012\/04\/D0045.jpg\"  class=\"lightview\"><img loading=\"lazy\" decoding=\"async\" class=\"aligncenter size-full wp-image-50626\" title=\"\" src=\"http:\/\/www.korhanyilmaz.com\/wp-content\/uploads\/2012\/04\/D0045.jpg\" alt=\"\" width=\"298\" height=\"199\" \/><\/a><\/p>\n<p style=\"text-align: justify;\">\u0130\u00e7i\u015fleri Bakan\u0131 \u0130dris Naim \u015eahin&#8217;in &#8216;hadi takla at da g\u00f6relim&#8217; s\u00f6zlerini s\u00f6yledi\u011fi vatanda\u015f\u0131n, bakana cambaz olarak tan\u0131t\u0131ld\u0131\u011f\u0131 ileri s\u00fcr\u00fcld\u00fc.<\/p>\n<p style=\"text-align: justify;\">\u0130\u00e7i\u015fleri Bakan\u0131 \u0130dris Naim \u015eahin&#8217;in Erzurum Pasinler gezisinde g\u00fcndeme gelen &#8216;takla&#8217; olay\u0131n\u0131n perde arkas\u0131 belli oldu.<\/p>\n<p style=\"text-align: justify;\">Ak\u015fam gazetesinden Levet Akp\u0131nar&#8217;\u0131n haberine g\u00f6re Bakan \u015eahin cambazlar\u0131 kar\u0131\u015ft\u0131rd\u0131.\u00a0<!--more--><\/p>\n<p style=\"text-align: justify;\">Habere g\u00f6re \u015eahin&#8217;e, &#8216;hadi takla at da g\u00f6relim&#8217; dedi\u011fi 64 ya\u015f\u0131ndaki Mustafa Bo\u011fa\u00e7ay\u0131r hayvan al\u0131m sat\u0131m\u0131yla u\u011fra\u015ft\u0131\u011f\u0131 i\u00e7in cambaz olarak tan\u0131t\u0131ld\u0131 ancak \u015eahin vatanda\u015f\u0131 ip cambaz\u0131 zannetti.<\/p>\n<p style=\"text-align: justify;\">Haberde, olay\u0131n ayr\u0131nt\u0131lar\u0131 \u015f\u00f6yle verildi:<\/p>\n<p style=\"text-align: justify;\">Bakan \u015eahin ve ile kendisini davul zurnayla kar\u015f\u0131layan partililer Pasinler sokaklar\u0131nda y\u00fcr\u00fcrken, kar\u015f\u0131lar\u0131na \u00e7obanl\u0131k ve hayvanc\u0131l\u0131k yapan &#8216;Pala Mustafa&#8217; lakapl\u0131 64 ya\u015f\u0131ndaki Mustafa Bo\u011fa\u00e7ay\u0131r \u00e7\u0131kt\u0131. Bakan \u015eahin&#8217;in yan\u0131ndakiler Bo\u011fa\u00e7ay\u0131r&#8217;\u0131 y\u00f6rede &#8216;hayvan sat\u0131c\u0131s\u0131 &#8211; arac\u0131&#8217; anlam\u0131na gelen &#8216;cambaz&#8217; diye tan\u0131t\u0131nca olanlar oldu. Bo\u011fa\u00e7ay\u0131r Bakan \u015eahin&#8217;e do\u011fru yakla\u015f\u0131p &#8216;Say\u0131n Bakan\u0131m, il\u00e7emize geldi\u011finize \u00e7ok sevindim&#8217; dedi. \u015eahin ise kendisine &#8216;cambaz&#8217; olarak tan\u0131t\u0131lan vatanda\u015f\u0131 ip cambaz\u0131 san\u0131p, takla atmas\u0131n\u0131 istedi&#8230;<\/p>\n<p style=\"text-align: justify;\"><a href=\"http:\/\/www.ntvmsnbc.com\/id\/25341504\/\" target=\"_blank\">Kaynak : NTVMSNBC<\/a><\/p>\n","protected":false},"excerpt":{"rendered":"<p style=\"text-align: justify;\">\n<p style=\"text-align: justify;\">\u0130\u00e7i\u015fleri Bakan\u0131 \u0130dris Naim \u015eahin&#8217;in &#8216;hadi takla at da g\u00f6relim&#8217; s\u00f6zlerini s\u00f6yledi\u011fi vatanda\u015f\u0131n, bakana cambaz olarak tan\u0131t\u0131ld\u0131\u011f\u0131 ileri s\u00fcr\u00fcld\u00fc.<\/p>\n<p style=\"text-align: justify;\">\u0130\u00e7i\u015fleri Bakan\u0131 \u0130dris Naim \u015eahin&#8217;in Erzurum Pasinler gezisinde g\u00fcndeme gelen &#8216;takla&#8217; olay\u0131n\u0131n perde arkas\u0131 belli oldu.<\/p>\n<p style=\"text-align: justify;\">Ak\u015fam gazetesinden Levet Akp\u0131nar&#8217;\u0131n haberine g\u00f6re Bakan \u015eahin cambazlar\u0131 kar\u0131\u015ft\u0131rd\u0131. <\/p>\n","protected":false},"author":1,"featured_media":0,"comment_status":"open","ping_status":"open","sticky":false,"template":"","format":"standard","meta":{"footnotes":""},"categories":[105],"tags":[],"class_list":["post-50625","post","type-post","status-publish","format-standard","hentry","category-gundem","odd"],"_links":{"self":[{"href":"http:\/\/www.korhanyilmaz.com\/index.php?rest_route=\/wp\/v2\/posts\/50625","targetHints":{"allow":["GET"]}}],"collection":[{"href":"http:\/\/www.korhanyilmaz.com\/index.php?rest_route=\/wp\/v2\/posts"}],"about":[{"href":"http:\/\/www.korhanyilmaz.com\/index.php?rest_route=\/wp\/v2\/types\/post"}],"author":[{"embeddable":true,"href":"http:\/\/www.korhanyilmaz.com\/index.php?rest_route=\/wp\/v2\/users\/1"}],"replies":[{"embeddable":true,"href":"http:\/\/www.korhanyilmaz.com\/index.php?rest_route=%2Fwp%2Fv2%2Fcomments&post=50625"}],"version-history":[{"count":0,"href":"http:\/\/www.korhanyilmaz.com\/index.php?rest_route=\/wp\/v2\/posts\/50625\/revisions"}],"wp:attachment":[{"href":"http:\/\/www.korhanyilmaz.com\/index.php?rest_route=%2Fwp%2Fv2%2Fmedia&parent=50625"}],"wp:term":[{"taxonomy":"category","embeddable":true,"href":"http:\/\/www.korhanyilmaz.com\/index.php?rest_route=%2Fwp%2Fv2%2Fcategories&post=50625"},{"taxonomy":"post_tag","embeddable":true,"href":"http:\/\/www.korhanyilmaz.com\/index.php?rest_route=%2Fwp%2Fv2%2Ftags&post=50625"}],"curies":[{"name":"wp","href":"https:\/\/api.w.org\/{rel}","templated":true}]}}