{"id":50621,"date":"2012-04-19T00:59:01","date_gmt":"2012-04-18T21:59:01","guid":{"rendered":"http:\/\/www.korhanyilmaz.com\/?p=50621"},"modified":"2012-04-19T08:02:15","modified_gmt":"2012-04-19T05:02:15","slug":"almanya-ihhnin-faliyetlerini-durdurdu","status":"publish","type":"post","link":"http:\/\/www.korhanyilmaz.com\/?p=50621","title":{"rendered":"Almanya \u0130HH&#8217;n\u0131n faliyetlerini durdurdu"},"content":{"rendered":"<p style=\"text-align: center;\"><a href=\"http:\/\/www.korhanyilmaz.com\/wp-content\/uploads\/2012\/04\/D0044.jpg\"  class=\"lightview\"><img loading=\"lazy\" decoding=\"async\" class=\"aligncenter  wp-image-50622\" src=\"http:\/\/www.korhanyilmaz.com\/wp-content\/uploads\/2012\/04\/D0044.jpg\" alt=\"\" width=\"380\" height=\"218\" \/><\/a><\/p>\n<p style=\"text-align: justify;\">Almanya\u2019da mahkeme &#8216;toplad\u0131\u011f\u0131 yard\u0131mlar\u0131 a\u015f\u0131r\u0131 dinci Hamas \u00f6grg\u00fct\u00fcne yak\u0131n derneklere g\u00f6nderdi\u011fi gerek\u00e7esiyle&#8217; \u0130HH\u2019n\u0131n faliyetlerini durdurma karar\u0131 ald\u0131.<\/p>\n<p style=\"text-align: justify;\">Almanya&#8217;da federal mahkeme, Uluslararas\u0131 \u0130nsani Yard\u0131m Vakf\u0131 \u0130HH&#8217;n\u0131n faaliyetlerini durdurma karar\u0131 ald\u0131.<\/p>\n<p style=\"text-align: justify;\">Karar, Almanya&#8217;n\u0131n Leipzig kentinde bulunan Federal \u0130dare Mahkemesi taraf\u0131ndan al\u0131nd\u0131.\u00a0<!--more--><\/p>\n<p style=\"text-align: justify;\">Karara gerek\u00e7e olarak \u0130HH&#8217;n\u0131n toplad\u0131\u011f\u0131 yard\u0131mlar\u0131 a\u015f\u0131r\u0131 dinci Hamas \u00f6rg\u00fct\u00fcne yak\u0131n Gazze \u015eeridi&#8217;ndeki sosyal derneklere dolayl\u0131 olarak y\u00f6nlendirmesi g\u00f6sterildi.<\/p>\n<p style=\"text-align: justify;\">Federal \u0130\u00e7i\u015fleri Bakanl\u0131\u011f\u0131, 2010 y\u0131l\u0131nda \u0130HH&#8217;n\u0131n faaliyetlerini yasaklama karar\u0131 alm\u0131\u015ft\u0131.<\/p>\n<p style=\"text-align: justify;\">\u0130HH bu karara dava a\u00e7m\u0131\u015f, Federal \u0130dari Mahkemesi&#8217;nden 2011 y\u0131l\u0131nda bir uzla\u015fma karar\u0131 \u00e7\u0131km\u0131\u015ft\u0131.<\/p>\n<p style=\"text-align: justify;\">Uzla\u015fma karar\u0131na g\u00f6re, \u0130HH&#8217;n\u0131n faaliyetlerini s\u00fcrd\u00fcrebilece\u011fi, ancak 3 y\u0131l boyunca Bat\u0131 \u015eeria ve Gazze \u015eeridi&#8217;ne yard\u0131m malzemesi g\u00f6nderemeyece\u011fi ifade edilmi\u015fti.<\/p>\n<p style=\"text-align: justify;\"><a href=\"http:\/\/www.ntvmsnbc.com\/id\/25341489\" target=\"_blank\">Kaynak : NTVMSNBC<\/a><\/p>\n","protected":false},"excerpt":{"rendered":"<p style=\"text-align: center;\">\n<p style=\"text-align: justify;\">Almanya\u2019da mahkeme &#8216;toplad\u0131\u011f\u0131 yard\u0131mlar\u0131 a\u015f\u0131r\u0131 dinci Hamas \u00f6grg\u00fct\u00fcne yak\u0131n derneklere g\u00f6nderdi\u011fi gerek\u00e7esiyle&#8217; \u0130HH\u2019n\u0131n faliyetlerini durdurma karar\u0131 ald\u0131.<\/p>\n<p style=\"text-align: justify;\">Almanya&#8217;da federal mahkeme, Uluslararas\u0131 \u0130nsani Yard\u0131m Vakf\u0131 \u0130HH&#8217;n\u0131n faaliyetlerini durdurma karar\u0131 ald\u0131.<\/p>\n<p style=\"text-align: justify;\">Karar, Almanya&#8217;n\u0131n Leipzig kentinde bulunan Federal \u0130dare Mahkemesi taraf\u0131ndan al\u0131nd\u0131. <\/p>\n","protected":false},"author":1,"featured_media":0,"comment_status":"open","ping_status":"open","sticky":false,"template":"","format":"standard","meta":{"footnotes":""},"categories":[105],"tags":[],"class_list":["post-50621","post","type-post","status-publish","format-standard","hentry","category-gundem","odd"],"_links":{"self":[{"href":"http:\/\/www.korhanyilmaz.com\/index.php?rest_route=\/wp\/v2\/posts\/50621","targetHints":{"allow":["GET"]}}],"collection":[{"href":"http:\/\/www.korhanyilmaz.com\/index.php?rest_route=\/wp\/v2\/posts"}],"about":[{"href":"http:\/\/www.korhanyilmaz.com\/index.php?rest_route=\/wp\/v2\/types\/post"}],"author":[{"embeddable":true,"href":"http:\/\/www.korhanyilmaz.com\/index.php?rest_route=\/wp\/v2\/users\/1"}],"replies":[{"embeddable":true,"href":"http:\/\/www.korhanyilmaz.com\/index.php?rest_route=%2Fwp%2Fv2%2Fcomments&post=50621"}],"version-history":[{"count":0,"href":"http:\/\/www.korhanyilmaz.com\/index.php?rest_route=\/wp\/v2\/posts\/50621\/revisions"}],"wp:attachment":[{"href":"http:\/\/www.korhanyilmaz.com\/index.php?rest_route=%2Fwp%2Fv2%2Fmedia&parent=50621"}],"wp:term":[{"taxonomy":"category","embeddable":true,"href":"http:\/\/www.korhanyilmaz.com\/index.php?rest_route=%2Fwp%2Fv2%2Fcategories&post=50621"},{"taxonomy":"post_tag","embeddable":true,"href":"http:\/\/www.korhanyilmaz.com\/index.php?rest_route=%2Fwp%2Fv2%2Ftags&post=50621"}],"curies":[{"name":"wp","href":"https:\/\/api.w.org\/{rel}","templated":true}]}}