{"id":50589,"date":"2012-04-16T00:45:38","date_gmt":"2012-04-15T21:45:38","guid":{"rendered":"http:\/\/www.korhanyilmaz.com\/?p=50589"},"modified":"2012-04-16T07:58:59","modified_gmt":"2012-04-16T04:58:59","slug":"cevik-bir-tutuklandi","status":"publish","type":"post","link":"http:\/\/www.korhanyilmaz.com\/?p=50589","title":{"rendered":"\u00c7evik Bir tutukland\u0131"},"content":{"rendered":"<p style=\"text-align: center;\"><a href=\"http:\/\/www.korhanyilmaz.com\/wp-content\/uploads\/2012\/04\/D0036.jpg\"  class=\"lightview\"><img loading=\"lazy\" decoding=\"async\" class=\"aligncenter  wp-image-50590\" src=\"http:\/\/www.korhanyilmaz.com\/wp-content\/uploads\/2012\/04\/D0036.jpg\" alt=\"\" width=\"396\" height=\"180\" \/><\/a><\/p>\n<p style=\"text-align: justify;\">28 \u015eubat soru\u015fturmas\u0131 kapsam\u0131nda adliyede ifade veren Genelkurmay eski Ba\u015fkan\u0131 \u00c7evik Bir tutuklanma talebiyle mahkemeye sevkedildi. Bir mahkeme taraf\u0131ndan tutukland\u0131.<\/p>\n<p style=\"text-align: justify;\">ANKARA &#8211; Ankara Cumhuriyet Ba\u015fsavc\u0131vekilli\u011fi taraf\u0131ndan y\u00fcr\u00fct\u00fclen 28 \u015eubat Soru\u015fturmas\u0131 kapsam\u0131nda yakla\u015f\u0131k 8 saat ifade veren emekli Orgeneral \u00c7evik Bir, hakim kar\u015f\u0131s\u0131na \u00e7\u0131kar\u0131ld\u0131ktan sonra mahkemede ifade verdi. Bir, sonras\u0131nda mahkeme taraf\u0131ndan tutukland\u0131.\u00a0<!--more--><\/p>\n<p style=\"text-align: justify;\">Savc\u0131l\u0131\u011f\u0131n tutuklanma talebi ile mahkemeye sevketmesinin ard\u0131ndan emekli Orgeneral Bir, N\u00f6bet\u00e7i Ankara 11. A\u011f\u0131r Ceza Mahkemesinde hakim kar\u015f\u0131s\u0131na \u00e7\u0131kt\u0131. Bir, mahkemede verdi\u011fi ifadenin ard\u0131ndan tutukland\u0131.<\/p>\n<p style=\"text-align: justify;\">28 \u015eubat Soru\u015fturmas\u0131 kapsam\u0131nda Savc\u0131l\u0131k ifadesinin ard\u0131ndan serbest b\u0131rak\u0131lan emekli Astsubay Ahmet Tar\u0131k Yelkenci\u2019nin avukat\u0131 Mustafa Bozkurt ise Adliye \u00e7\u0131k\u0131\u015f\u0131nda gazetecilere k\u0131sa bir de\u011ferlendirmede bulunarak, Savc\u0131l\u0131\u011f\u0131n delilleri de\u011ferlendirerek m\u00fcvekkilini serbest b\u0131rakt\u0131\u011f\u0131n\u0131 s\u00f6yledi. Bozkurt, \u201cSavc\u0131l\u0131\u011f\u0131n takdiridir. Yarg\u0131lama devam ediyor. Savc\u0131l\u0131k delilleri de\u011ferlendirerek serbest b\u0131rakma karar\u0131 ald\u0131\u201d dedi.<\/p>\n<p style=\"text-align: justify;\">Yelkenci ise \u00d6zel Yetkili Mahkeme\u2019den \u00e7\u0131karak polis arac\u0131nda bulunan bavulunu alarak serbest kalma i\u015flemlerini tamamlamak \u00fczere Adliye binas\u0131na tekrar girdi.(ANKA)<\/p>\n<p style=\"text-align: justify;\"><a href=\"http:\/\/www.gazeteport.com.tr\/haber\/90021\/bire_tutuklama_talebi\" target=\"_blank\">Kaynak : GAZETEPORT<\/a><\/p>\n","protected":false},"excerpt":{"rendered":"<p style=\"text-align: center;\">\n<p style=\"text-align: justify;\">28 \u015eubat soru\u015fturmas\u0131 kapsam\u0131nda adliyede ifade veren Genelkurmay eski Ba\u015fkan\u0131 \u00c7evik Bir tutuklanma talebiyle mahkemeye sevkedildi. Bir mahkeme taraf\u0131ndan tutukland\u0131.<\/p>\n<p style=\"text-align: justify;\">ANKARA &#8211; Ankara Cumhuriyet Ba\u015fsavc\u0131vekilli\u011fi taraf\u0131ndan y\u00fcr\u00fct\u00fclen 28 \u015eubat Soru\u015fturmas\u0131 kapsam\u0131nda yakla\u015f\u0131k 8 saat ifade veren emekli Orgeneral \u00c7evik Bir, hakim kar\u015f\u0131s\u0131na \u00e7\u0131kar\u0131ld\u0131ktan sonra mahkemede ifade verdi. Bir, <\/p>\n","protected":false},"author":1,"featured_media":0,"comment_status":"open","ping_status":"open","sticky":false,"template":"","format":"standard","meta":{"footnotes":""},"categories":[105],"tags":[],"class_list":["post-50589","post","type-post","status-publish","format-standard","hentry","category-gundem","odd"],"_links":{"self":[{"href":"http:\/\/www.korhanyilmaz.com\/index.php?rest_route=\/wp\/v2\/posts\/50589","targetHints":{"allow":["GET"]}}],"collection":[{"href":"http:\/\/www.korhanyilmaz.com\/index.php?rest_route=\/wp\/v2\/posts"}],"about":[{"href":"http:\/\/www.korhanyilmaz.com\/index.php?rest_route=\/wp\/v2\/types\/post"}],"author":[{"embeddable":true,"href":"http:\/\/www.korhanyilmaz.com\/index.php?rest_route=\/wp\/v2\/users\/1"}],"replies":[{"embeddable":true,"href":"http:\/\/www.korhanyilmaz.com\/index.php?rest_route=%2Fwp%2Fv2%2Fcomments&post=50589"}],"version-history":[{"count":0,"href":"http:\/\/www.korhanyilmaz.com\/index.php?rest_route=\/wp\/v2\/posts\/50589\/revisions"}],"wp:attachment":[{"href":"http:\/\/www.korhanyilmaz.com\/index.php?rest_route=%2Fwp%2Fv2%2Fmedia&parent=50589"}],"wp:term":[{"taxonomy":"category","embeddable":true,"href":"http:\/\/www.korhanyilmaz.com\/index.php?rest_route=%2Fwp%2Fv2%2Fcategories&post=50589"},{"taxonomy":"post_tag","embeddable":true,"href":"http:\/\/www.korhanyilmaz.com\/index.php?rest_route=%2Fwp%2Fv2%2Ftags&post=50589"}],"curies":[{"name":"wp","href":"https:\/\/api.w.org\/{rel}","templated":true}]}}