{"id":50586,"date":"2012-04-16T07:05:37","date_gmt":"2012-04-16T04:05:37","guid":{"rendered":"http:\/\/www.korhanyilmaz.com\/?p=50586"},"modified":"2012-04-16T07:56:28","modified_gmt":"2012-04-16T04:56:28","slug":"wildersten-gul-karsiti-kampanya","status":"publish","type":"post","link":"http:\/\/www.korhanyilmaz.com\/?p=50586","title":{"rendered":"Wilders\u2019ten G\u00fcl kar\u015f\u0131t\u0131 kampanya"},"content":{"rendered":"<p style=\"text-align: center;\"><a href=\"http:\/\/www.korhanyilmaz.com\/wp-content\/uploads\/2012\/04\/D0035.jpg\"  class=\"lightview\"><img loading=\"lazy\" decoding=\"async\" class=\"aligncenter  wp-image-50587\" src=\"http:\/\/www.korhanyilmaz.com\/wp-content\/uploads\/2012\/04\/D0035.jpg\" alt=\"\" width=\"338\" height=\"195\" \/><\/a><\/p>\n<p style=\"text-align: justify;\">Hollanda\u2019da \u0131rk\u00e7\u0131 milletvekili Geert Wilders, Cumhurba\u015fkan\u0131 G\u00fcl\u2019\u00fcn ziyareti \u00f6ncesinde internette kampanya ba\u015flatt\u0131.<\/p>\n<p style=\"text-align: justify;\">\u0130STANBUL &#8211; Cumhurba\u015fkan\u0131 Abdullah G\u00fcl, Hollanda-T\u00fcrkiye ili\u015fkilerinin 400\u2019\u00fcnc\u00fc y\u0131l\u0131 i\u00e7in \u00f6n\u00fcm\u00fczdeki hafta bu \u00fclkeyi ziyaret etmesinden hemen \u00f6nce Hollanda\u2019n\u0131n en \u00e7ok satan gazetesi De Telegraaf\u2019a r\u00f6portaj verdi.<\/p>\n<p style=\"text-align: justify;\">Vatan gazetesinin haberine g\u00f6re; Cumhurba\u015fkan\u0131 G\u00fcl, temelleri \u00e7o\u011fulculu\u011fa dayanan Avrupa\u2019da geli\u015fen \u0130slamofobi\u2019yi, tehlikeli buldu\u011funu belirterek ho\u015fg\u00f6r\u00fc \u00e7a\u011fr\u0131s\u0131nda bulundu.\u00a0<!--more--><\/p>\n<p style=\"text-align: justify;\">Hollanda\u2019daki \u0130slam ve yabanc\u0131 kar\u015f\u0131t\u0131 \u00d6zg\u00fcrl\u00fck Partisi (PVV) lideri Geert Wilders\u2019i \u201c\u0130slamafobiye, a\u015f\u0131r\u0131l\u0131\u011fa \u00e7a\u011f\u0131ran, radikalleri besleyen ki\u015fi\u201d olarak tan\u0131mlad\u0131. Buna ra\u011fmen ziyareti s\u0131ras\u0131nda Wilders ile kar\u015f\u0131la\u015fmas\u0131 durumunda el s\u0131k\u0131\u015fmaktan geri durmayaca\u011f\u0131n\u0131 da s\u00f6zlerine ekledi.<\/p>\n<p style=\"text-align: justify;\">Cumhurba\u015fkan\u0131 G\u00fcl, Wilders i\u00e7in, \u201cGelip yerinde g\u00f6r\u00fcrse \u00fclkemizi, ne kadar \u00f6n yarg\u0131l\u0131 oldu\u011funu yerinde g\u00f6rm\u00fc\u015f olur\u201d ifadelerini kulland\u0131.<\/p>\n<p style=\"text-align: justify;\">G\u00fcl\u2019\u00fcn bu s\u00f6zlerinin gazetede yay\u0131nlanmas\u0131n\u0131n ard\u0131ndan Wilders \u00e7irkin bir kampanya ba\u015flatt\u0131.<\/p>\n<p style=\"text-align: justify;\">Twitter\u2019da \u201cT\u00fcrk mizah\u0131: Hiristiyan\u2019\u0131 taciz eden, K\u00fcrtler\u2019e sald\u0131ran, Hamas dostu \u0130slamc\u0131 G\u00fcl ho\u015fg\u00f6r\u00fc \u015fikayetinde bulunuyor!\u201d diye yazarak #Gulstayhome (G\u00fcl evinde kal) isimli bir konu ba\u015fl\u0131\u011f\u0131 a\u00e7t\u0131.<\/p>\n<p style=\"text-align: justify;\">K\u0131sa s\u00fcrede \u0131rk\u00e7\u0131 Hollandal\u0131lar\u2019\u0131n da deste\u011fiyle bu konu \u00fclkenin en \u00e7ok konu\u015fulan Twitter konusu oldu. Cumhurba\u015fkan\u0131 G\u00fcl&#8217;\u00fcn yar\u0131n ba\u015flayacak ziyaret \u00f6ncesinde hava gerginle\u015fti.<\/p>\n<p style=\"text-align: justify;\">Ziyareti s\u0131ras\u0131nda bir\u00e7ok kutlamaya kat\u0131lacak olan G\u00fcl, ba\u015fta Hollanda Krali\u00e7esi Beatrix ve Ba\u015fbakan\u0131 Mark Rutte olmak \u00fczere bir\u00e7ok yetkili ile g\u00f6r\u00fc\u015fmelerde bulunacak.<\/p>\n<p style=\"text-align: justify;\">G\u00fcl\u2019\u00fcn Hollandal\u0131 yetkililerle g\u00f6r\u00fc\u015fmelerinin ana g\u00fcndeminde, iki \u00fclke aras\u0131ndaki ticaret bulunuyor.<\/p>\n<p style=\"text-align: justify;\">T\u00fcrkiye\u2019de en fazla yat\u0131r\u0131m yapan AB \u00fclkesi Hollanda, kutlamalar vesilesiyle T\u00fcrkiye ile ticari ili\u015fkilerini daha da geli\u015ftirmeyi hedefliyor.<\/p>\n<p style=\"text-align: justify;\"><a href=\"http:\/\/www.ntvmsnbc.com\/id\/25340422\" target=\"_blank\">Kaynak : NTVMSNBC<\/a><\/p>\n","protected":false},"excerpt":{"rendered":"<p style=\"text-align: center;\">\n<p style=\"text-align: justify;\">Hollanda\u2019da \u0131rk\u00e7\u0131 milletvekili Geert Wilders, Cumhurba\u015fkan\u0131 G\u00fcl\u2019\u00fcn ziyareti \u00f6ncesinde internette kampanya ba\u015flatt\u0131.<\/p>\n<p style=\"text-align: justify;\">\u0130STANBUL &#8211; Cumhurba\u015fkan\u0131 Abdullah G\u00fcl, Hollanda-T\u00fcrkiye ili\u015fkilerinin 400\u2019\u00fcnc\u00fc y\u0131l\u0131 i\u00e7in \u00f6n\u00fcm\u00fczdeki hafta bu \u00fclkeyi ziyaret etmesinden hemen \u00f6nce Hollanda\u2019n\u0131n en \u00e7ok satan gazetesi De Telegraaf\u2019a r\u00f6portaj verdi.<\/p>\n<p style=\"text-align: justify;\">Vatan gazetesinin haberine g\u00f6re; Cumhurba\u015fkan\u0131 G\u00fcl, temelleri <\/p>\n","protected":false},"author":1,"featured_media":0,"comment_status":"open","ping_status":"open","sticky":false,"template":"","format":"standard","meta":{"footnotes":""},"categories":[105],"tags":[],"class_list":["post-50586","post","type-post","status-publish","format-standard","hentry","category-gundem","odd"],"_links":{"self":[{"href":"http:\/\/www.korhanyilmaz.com\/index.php?rest_route=\/wp\/v2\/posts\/50586","targetHints":{"allow":["GET"]}}],"collection":[{"href":"http:\/\/www.korhanyilmaz.com\/index.php?rest_route=\/wp\/v2\/posts"}],"about":[{"href":"http:\/\/www.korhanyilmaz.com\/index.php?rest_route=\/wp\/v2\/types\/post"}],"author":[{"embeddable":true,"href":"http:\/\/www.korhanyilmaz.com\/index.php?rest_route=\/wp\/v2\/users\/1"}],"replies":[{"embeddable":true,"href":"http:\/\/www.korhanyilmaz.com\/index.php?rest_route=%2Fwp%2Fv2%2Fcomments&post=50586"}],"version-history":[{"count":0,"href":"http:\/\/www.korhanyilmaz.com\/index.php?rest_route=\/wp\/v2\/posts\/50586\/revisions"}],"wp:attachment":[{"href":"http:\/\/www.korhanyilmaz.com\/index.php?rest_route=%2Fwp%2Fv2%2Fmedia&parent=50586"}],"wp:term":[{"taxonomy":"category","embeddable":true,"href":"http:\/\/www.korhanyilmaz.com\/index.php?rest_route=%2Fwp%2Fv2%2Fcategories&post=50586"},{"taxonomy":"post_tag","embeddable":true,"href":"http:\/\/www.korhanyilmaz.com\/index.php?rest_route=%2Fwp%2Fv2%2Ftags&post=50586"}],"curies":[{"name":"wp","href":"https:\/\/api.w.org\/{rel}","templated":true}]}}