{"id":5058,"date":"2009-03-12T15:00:56","date_gmt":"2009-03-12T13:00:56","guid":{"rendered":"http:\/\/www.korhanyilmaz.com\/?p=5058"},"modified":"2009-03-12T15:00:56","modified_gmt":"2009-03-12T13:00:56","slug":"selanik-belgesel-film-festivalinde-3-turk-filmi","status":"publish","type":"post","link":"http:\/\/www.korhanyilmaz.com\/?p=5058","title":{"rendered":"Selanik Belgesel Film Festivalinde 3 T\u00fcrk Filmi"},"content":{"rendered":"<p style=\"text-align: center;\"><img loading=\"lazy\" decoding=\"async\" class=\"aligncenter size-full wp-image-5059\" title=\"Selanik Film Festivali\" src=\"http:\/\/www.korhanyilmaz.com\/wp-content\/uploads\/2009\/03\/23778.jpg\" alt=\"Selanik Film Festivali\" width=\"330\" height=\"225\" \/><\/p>\n<p style=\"text-align: justify;\"><strong>Selanik&#8217;te Yar\u0131n Ba\u015flayacak Belgesel Film Festivalinde T\u00fcrkiye&#8217;yi &#8216;\u0130ki Dil Bir Bavul&#8217;, &#8216;Lilit&#8217;in K\u0131zkarde\u015fleri&#8217; ile &#8216;Bunu Ger\u00e7ekten Yapmal\u0131 M\u0131y\u0131m?&#8217; \u0130simli Filmler Temsil Edecek.<\/strong><\/p>\n<p>Selanik&#8217;te yar\u0131n ba\u015flayacak belgesel film festivalinde T\u00fcrkiye&#8217;yi &#8221;\u0130ki Dil Bir Bavul&#8221;, &#8221;Lilit&#8217;in K\u0131zkarde\u015fleri&#8221; ile &#8221;Bunu Ger\u00e7ekten Yapmal\u0131 M\u0131y\u0131m?&#8221; isimli filmler temsil edecek.\n<\/p>\n<p style=\"text-align: justify;\">Yar\u0131n sinemaseverlerle bulu\u015facak olan 11. Selanik Belgesel Festivali&#8217;ne T\u00fcrkiye&#8217;den de 3 film kat\u0131lacak.<!--more--><\/p>\n<p style=\"text-align: justify;\">Orhan Eskik\u00f6y ve \u00d6zg\u00fcr Do\u011fan&#8217;\u0131n y\u00f6netti\u011fi, ge\u00e7en sene Amsterdam Belgesel Festivali&#8217;nde ilgiyle kar\u015f\u0131lanan &#8221;\u0130ki Dil Bir Bavul&#8221;, Emel \u00c7elebi&#8217;nin ikinci filmi &#8221;Lilit&#8217;in K\u0131zkarde\u015fleri&#8221; ile \u0130smail Necmi&#8217;nin yar\u0131 belgesel nitelikteki yap\u0131m\u0131 &#8221;Bunu Ger\u00e7ekten Yapmal\u0131 M\u0131y\u0131m?&#8221; festival program\u0131nda yer alacak.<\/p>\n<p style=\"text-align: justify;\">Y\u00f6netmenlerin kat\u0131l\u0131m\u0131yla ger\u00e7ekle\u015fecek g\u00f6sterimlerle festivalde T\u00fcrkiye ilk kez bu kadar geni\u015f bi\u00e7imde temsil edilecek. Avrupa&#8217;n\u0131n en \u00f6nemli belgesel festivalleri aras\u0131nda yer alan etkinlik, 22 Marta kadar s\u00fcrecek.<\/p>\n<p style=\"text-align: justify;\">Selanik Belgesel Festivali&#8217;nde, ayr\u0131ca Mihri Belli&#8217;yi anlatan, Yunanistan yap\u0131m\u0131 &#8221;Kaptan Kemal, Bir Yolda\u015f&#8221; adl\u0131 belgesel ile Hollanda&#8217;da ya\u015fayan Sibel Bilgin ve Floor Kooji&#8217;nin &#8221;Santa Emilia&#8217;n\u0131n Bah\u00e7eleri&#8221; adl\u0131 belgeselleri de sinemaseverlere sunulacak.<\/p>\n<p style=\"text-align: justify;\">Bu y\u0131l Avusturya ve Meksika belgesellerine \u00f6zel b\u00f6l\u00fcm ayr\u0131lan festival boyunca, ustal\u0131k s\u0131n\u0131flar\u0131, panel, sergi, konser gibi bir \u00e7ok etkinlik ger\u00e7ekle\u015ftirilecek.<\/p>\n<p style=\"text-align: justify;\">Selanik Belgesel Film Festivali program\u0131nda Avrupa belgesel sinemas\u0131n\u0131n \u00f6zel \u00f6rnekleri de sunulacak. Werner Herzog, Bruce Weber, Monika Treut, Joris Ivens, Johan Van Der Keuken, David-Albert Maysles, Pirjo Honkasalo, Stefan Jarl, Kim Longinotto, Barbara Kopple, Julia Reichert, Steven Bognar, Jennifer Fox, Jon Alpert, Arto Halonen, Joe Berlinger ve Bruce Sinofsky gibi isimlerin son \u00e7al\u0131\u015fmalar\u0131 da festival kapsam\u0131nda bulunuyor.<\/p>\n<p style=\"text-align: justify;\"><span style=\"color: #888888;\">AA<\/span><\/p>\n<p style=\"text-align: justify;\">\n","protected":false},"excerpt":{"rendered":"<p style=\"text-align: center;\">\n<p style=\"text-align: justify;\">Selanik&#8217;te Yar\u0131n Ba\u015flayacak Belgesel Film Festivalinde T\u00fcrkiye&#8217;yi &#8216;\u0130ki Dil Bir Bavul&#8217;, &#8216;Lilit&#8217;in K\u0131zkarde\u015fleri&#8217; ile &#8216;Bunu Ger\u00e7ekten Yapmal\u0131 M\u0131y\u0131m?&#8217; \u0130simli Filmler Temsil Edecek.<\/p>\n<p>Selanik&#8217;te yar\u0131n ba\u015flayacak belgesel film festivalinde T\u00fcrkiye&#8217;yi &#8221;\u0130ki Dil Bir Bavul&#8221;, &#8221;Lilit&#8217;in K\u0131zkarde\u015fleri&#8221; ile &#8221;Bunu Ger\u00e7ekten Yapmal\u0131 M\u0131y\u0131m?&#8221; isimli filmler temsil edecek. <\/p>\n<p style=\"text-align: justify;\">Yar\u0131n sinemaseverlerle bulu\u015facak <\/p>\n","protected":false},"author":1,"featured_media":0,"comment_status":"open","ping_status":"closed","sticky":false,"template":"","format":"standard","meta":{"footnotes":""},"categories":[8],"tags":[],"class_list":["post-5058","post","type-post","status-publish","format-standard","hentry","category-kultur-sanat","odd"],"_links":{"self":[{"href":"http:\/\/www.korhanyilmaz.com\/index.php?rest_route=\/wp\/v2\/posts\/5058","targetHints":{"allow":["GET"]}}],"collection":[{"href":"http:\/\/www.korhanyilmaz.com\/index.php?rest_route=\/wp\/v2\/posts"}],"about":[{"href":"http:\/\/www.korhanyilmaz.com\/index.php?rest_route=\/wp\/v2\/types\/post"}],"author":[{"embeddable":true,"href":"http:\/\/www.korhanyilmaz.com\/index.php?rest_route=\/wp\/v2\/users\/1"}],"replies":[{"embeddable":true,"href":"http:\/\/www.korhanyilmaz.com\/index.php?rest_route=%2Fwp%2Fv2%2Fcomments&post=5058"}],"version-history":[{"count":0,"href":"http:\/\/www.korhanyilmaz.com\/index.php?rest_route=\/wp\/v2\/posts\/5058\/revisions"}],"wp:attachment":[{"href":"http:\/\/www.korhanyilmaz.com\/index.php?rest_route=%2Fwp%2Fv2%2Fmedia&parent=5058"}],"wp:term":[{"taxonomy":"category","embeddable":true,"href":"http:\/\/www.korhanyilmaz.com\/index.php?rest_route=%2Fwp%2Fv2%2Fcategories&post=5058"},{"taxonomy":"post_tag","embeddable":true,"href":"http:\/\/www.korhanyilmaz.com\/index.php?rest_route=%2Fwp%2Fv2%2Ftags&post=5058"}],"curies":[{"name":"wp","href":"https:\/\/api.w.org\/{rel}","templated":true}]}}