{"id":50523,"date":"2012-04-12T13:48:13","date_gmt":"2012-04-12T10:48:13","guid":{"rendered":"http:\/\/www.korhanyilmaz.com\/?p=50523"},"modified":"2012-04-12T15:00:28","modified_gmt":"2012-04-12T12:00:28","slug":"basbakan-erdogan-hakkinda-suc-duyurusu","status":"publish","type":"post","link":"http:\/\/www.korhanyilmaz.com\/?p=50523","title":{"rendered":"Ba\u015fbakan Erdo\u011fan hakk\u0131nda su\u00e7 duyurusu!"},"content":{"rendered":"<p style=\"text-align: center;\"><a href=\"http:\/\/www.korhanyilmaz.com\/wp-content\/uploads\/2012\/04\/D0019.jpg\"  class=\"lightview\"><img loading=\"lazy\" decoding=\"async\" class=\"aligncenter  wp-image-50524\" src=\"http:\/\/www.korhanyilmaz.com\/wp-content\/uploads\/2012\/04\/D0019.jpg\" alt=\"\" width=\"276\" height=\"207\" \/><\/a><\/p>\n<p style=\"text-align: justify;\">Mad\u0131mak Oteli\u2019nin yak\u0131lmas\u0131 sonucu hayat\u0131n\u0131 kaybeden G\u00fcls\u00fcm Karababa&#8217;n\u0131n karde\u015fi H\u00fcseyin Karababa, olayla ilgili 7 san\u0131kl\u0131 davan\u0131n karar duru\u015fmas\u0131n\u0131n ard\u0131ndan yapt\u0131\u011f\u0131 a\u00e7\u0131klama nedeniyle Ba\u015fbakan Recep Tayyip Erdo\u011fan hakk\u0131nda su\u00e7 duyurusunda bulundu.<\/p>\n<p style=\"text-align: justify;\">Ankara- Karababa, su\u00e7 duyurusu dilek\u00e7esini savc\u0131l\u0131\u011fa vermeden \u00f6nce, beraberindekilerle Ankara Adliyesi \u00f6n\u00fcnde bas\u0131n a\u00e7\u0131klamas\u0131 yapt\u0131.\u00a0<!--more--><\/p>\n<p style=\"text-align: justify;\">Karde\u015finin Mad\u0131mak Oteli\u2019nin yak\u0131lmas\u0131 sonucu hayat\u0131n\u0131 kaybedenler aras\u0131nda oldu\u011funu anlatan Karababa, olayla ilgili dosyas\u0131 ayr\u0131lan 7 san\u0131k hakk\u0131ndaki davan\u0131n 13 Mart 2012\u2019de zaman a\u015f\u0131m\u0131 ve \u00f6l\u00fcm nedenleriyle d\u00fc\u015f\u00fcr\u00fclmesine karar verildi\u011fini an\u0131msatt\u0131.<\/p>\n<p style=\"text-align: justify;\">Avukatlar\u0131n\u0131n karar\u0131 temyiz ettiklerini, dolay\u0131s\u0131yla davan\u0131n halen derdest oldu\u011funu ifade eden Karababa, davan\u0131n ard\u0131ndan Ba\u015fbakan Erdo\u011fan\u2019\u0131n gazetecilere konuyla ilgili yapt\u0131\u011f\u0131 a\u00e7\u0131klamada \u201dHay\u0131rl\u0131 olsun\u201d ifadesini kullanmas\u0131 nedeniyle su\u00e7 duyurusunda bulunduklar\u0131n\u0131 s\u00f6yledi.<\/p>\n<p style=\"text-align: justify;\">Bas\u0131n a\u00e7\u0131klamas\u0131 s\u0131ras\u0131nda BDP Mu\u015f Milletvekili Demir \u00c7elik, Alevi Bekta\u015fi Federasyonu Genel Sekreteri Fevzi G\u00fcm\u00fc\u015f, Alevi Bekta\u015fi Federasyonu Genel Ba\u015fkan Yard\u0131mc\u0131s\u0131 Kemal B\u00fclb\u00fcl, Hac\u0131 Bekta\u015f Veli Anadolu K\u00fclt\u00fcr Vakf\u0131 Genel Sekreteri Sad\u0131k \u00d6zsoy, \u0130nsan Haklar\u0131 Derne\u011fi (\u0130HD) Genel Ba\u015fkan\u0131 \u00d6zt\u00fcrk T\u00fcrkdo\u011fan ve olayda \u00f6lenlerin yak\u0131nlar\u0131n\u0131n Avukat\u0131 \u015eenal Saruhan haz\u0131r bulundu.<\/p>\n<p style=\"text-align: justify;\">Karababa ve beraberindekiler bas\u0131n a\u00e7\u0131klamas\u0131n\u0131n ard\u0131ndan su\u00e7 duyurusu dilek\u00e7esini savc\u0131l\u0131\u011fa verdi.<\/p>\n<p style=\"text-align: justify;\"><a href=\"http:\/\/www.cumhuriyet.com.tr\/?hn=329364\" target=\"_blank\">Kaynak : Cumhuriyet Haber Portal\u0131<\/a><\/p>\n","protected":false},"excerpt":{"rendered":"<p style=\"text-align: center;\">\n<p style=\"text-align: justify;\">Mad\u0131mak Oteli\u2019nin yak\u0131lmas\u0131 sonucu hayat\u0131n\u0131 kaybeden G\u00fcls\u00fcm Karababa&#8217;n\u0131n karde\u015fi H\u00fcseyin Karababa, olayla ilgili 7 san\u0131kl\u0131 davan\u0131n karar duru\u015fmas\u0131n\u0131n ard\u0131ndan yapt\u0131\u011f\u0131 a\u00e7\u0131klama nedeniyle Ba\u015fbakan Recep Tayyip Erdo\u011fan hakk\u0131nda su\u00e7 duyurusunda bulundu.<\/p>\n<p style=\"text-align: justify;\">Ankara- Karababa, su\u00e7 duyurusu dilek\u00e7esini savc\u0131l\u0131\u011fa vermeden \u00f6nce, beraberindekilerle Ankara Adliyesi \u00f6n\u00fcnde bas\u0131n a\u00e7\u0131klamas\u0131 yapt\u0131. <\/p>\n","protected":false},"author":1,"featured_media":0,"comment_status":"open","ping_status":"open","sticky":false,"template":"","format":"standard","meta":{"footnotes":""},"categories":[105],"tags":[],"class_list":["post-50523","post","type-post","status-publish","format-standard","hentry","category-gundem","odd"],"_links":{"self":[{"href":"http:\/\/www.korhanyilmaz.com\/index.php?rest_route=\/wp\/v2\/posts\/50523","targetHints":{"allow":["GET"]}}],"collection":[{"href":"http:\/\/www.korhanyilmaz.com\/index.php?rest_route=\/wp\/v2\/posts"}],"about":[{"href":"http:\/\/www.korhanyilmaz.com\/index.php?rest_route=\/wp\/v2\/types\/post"}],"author":[{"embeddable":true,"href":"http:\/\/www.korhanyilmaz.com\/index.php?rest_route=\/wp\/v2\/users\/1"}],"replies":[{"embeddable":true,"href":"http:\/\/www.korhanyilmaz.com\/index.php?rest_route=%2Fwp%2Fv2%2Fcomments&post=50523"}],"version-history":[{"count":0,"href":"http:\/\/www.korhanyilmaz.com\/index.php?rest_route=\/wp\/v2\/posts\/50523\/revisions"}],"wp:attachment":[{"href":"http:\/\/www.korhanyilmaz.com\/index.php?rest_route=%2Fwp%2Fv2%2Fmedia&parent=50523"}],"wp:term":[{"taxonomy":"category","embeddable":true,"href":"http:\/\/www.korhanyilmaz.com\/index.php?rest_route=%2Fwp%2Fv2%2Fcategories&post=50523"},{"taxonomy":"post_tag","embeddable":true,"href":"http:\/\/www.korhanyilmaz.com\/index.php?rest_route=%2Fwp%2Fv2%2Ftags&post=50523"}],"curies":[{"name":"wp","href":"https:\/\/api.w.org\/{rel}","templated":true}]}}