{"id":50519,"date":"2012-04-12T11:58:55","date_gmt":"2012-04-12T08:58:55","guid":{"rendered":"http:\/\/www.korhanyilmaz.com\/?p=50519"},"modified":"2012-04-12T14:26:24","modified_gmt":"2012-04-12T11:26:24","slug":"iste-gozalti-listesi","status":"publish","type":"post","link":"http:\/\/www.korhanyilmaz.com\/?p=50519","title":{"rendered":"\u0130\u015fte g\u00f6zalt\u0131 listesi"},"content":{"rendered":"<p style=\"text-align: center;\"><a href=\"http:\/\/www.korhanyilmaz.com\/wp-content\/uploads\/2012\/04\/D0018.jpg\"  class=\"lightview\"><img loading=\"lazy\" decoding=\"async\" class=\"aligncenter  wp-image-50520\" src=\"http:\/\/www.korhanyilmaz.com\/wp-content\/uploads\/2012\/04\/D0018.jpg\" alt=\"\" width=\"396\" height=\"180\" \/><\/a><\/p>\n<p style=\"text-align: justify;\">28 \u015eubat\u2019\u0131n soru\u015fturmas\u0131 kapsam\u0131nda ba\u015flat\u0131lan operasyonda askerlerin evlerinde aramalar s\u00fcr\u00fcyor.<\/p>\n<p style=\"text-align: justify;\">ANKARA &#8211; Ankara Cumhuriyet Ba\u015fsavc\u0131l\u0131\u011f\u0131&#8217;nca y\u00fcr\u00fct\u00fclen soru\u015fturma kapsam\u0131nda Ankara, \u0130stanbul, Ni\u011fde, \u00c7anakkale ve Eski\u015fehir&#8217;de asker k\u00f6kenli olduklar\u0131 belirtilen 31 ki\u015fi ki\u015fi g\u00f6zalt\u0131na al\u0131nd\u0131.<\/p>\n<p style=\"text-align: justify;\">G\u00f6zalt\u0131lar aras\u0131nda emekli generaller \u00c7evik Bir, Erol \u00d6zkasnak, Abdullah K\u0131l\u0131\u00e7arslan ve \u0130dris Koralp de bulunuyor.\u00a0<!--more--><\/p>\n<p style=\"text-align: justify;\"><span style=\"text-decoration: underline;\">\u0130\u015fte g\u00f6zalt\u0131na al\u0131nan askerlerin listesi:<\/span><\/p>\n<p style=\"text-align: justify;\"><strong>\u00c7EV\u0130K B\u0130R (D\u00d6NEM\u0130N GENELKURMAY 2. BA\u015eKANI)<\/strong><\/p>\n<p style=\"text-align: justify;\">28 \u015eubat post-modern darbesinin en \u00f6nemli komutanlar\u0131 aras\u0131nda \u00c7evik Bir \u00f6n plana \u00e7\u0131k\u0131yor. 28 \u015eubat s\u00fcrecinde Genelkurmay 2. Ba\u015fkanl\u0131\u011f\u0131 g\u00f6revinde olan Bir&#8217;in, bu s\u00fcre\u00e7te yarg\u0131ya Genelkurmay Ba\u015fkan\u0131 ad\u0131na talimatlar g\u00f6nderdi\u011fi, ordu i\u00e7inde faaliyet g\u00f6steren &#8216;Bat\u0131 \u00c7al\u0131\u015fma Grubu&#8217;nun ba\u015f\u0131nda oldu\u011fu iddia ediliyordu. Bir, daha sonra 1. Ordu Komutanl\u0131\u011f\u0131&#8217;na atand\u0131.<\/p>\n<p style=\"text-align: justify;\"><strong>&#8220;BALANS AYARI&#8221;<\/strong><\/p>\n<p style=\"text-align: justify;\">28 \u015eubat&#8217;\u0131n ak\u0131llara kaz\u0131nan s\u00f6zlerinden biri \u00c7evik Bir&#8217;e aitti. Bir, Orgeneral H\u00fcseyin K\u0131vr\u0131ko\u011flu\u2019nun &#8216;Bin y\u0131l s\u00fcrer\u201d dedi\u011fi 28 \u015eubat s\u00fcrecinde tanklar\u0131n Sincan&#8217;dan ge\u00e7mesini &#8220;Demokrasiye balans ayar\u0131 yapt\u0131k&#8221; \u015feklinde de\u011ferlendirmi\u015fti.<\/p>\n<p style=\"text-align: justify;\"><strong>G\u00dcVEN ERKAYA (D\u00d6NEM\u0130N DEN\u0130Z KUVVETLER KOMUTANI)<\/strong><\/p>\n<p style=\"text-align: justify;\">Oramiral G\u00fcven Erkaya, 28 \u015eubat d\u00f6neminde Deniz Kuvvetleri Komutanl\u0131\u011f\u0131 g\u00f6revini y\u00fcr\u00fct\u00fcyordu. G\u00fcven Erkaya, 1996 A\u011fustos ay\u0131nda yap\u0131lan MGK toplant\u0131s\u0131nda, &#8220;A\u015f\u0131r\u0131 dinci ak\u0131mlar\u0131n devletin gelece\u011fi konusunda tehlike olu\u015fturdu\u011funu d\u00fc\u015f\u00fcn\u00fcyorum. Ve bunun \u00fczerinde g\u00f6r\u00fc\u015fme a\u00e7\u0131lmas\u0131n\u0131 istiyorum&#8221; diyerek 28 \u015eubat gelece\u011finin ilk i\u015faretlerini vermi\u015fti.<\/p>\n<p style=\"text-align: justify;\">G\u00fcven Erkaya, bu iste\u011fini Aral\u0131k 1996 MGK toplant\u0131s\u0131nda yine g\u00fcndeme getirdi. Cumhurba\u015fkan\u0131 S\u00fcleyman Demirel bu iste\u011fe cevap vermedi. Erkaya, Ocak 1997&#8217;deki toplant\u0131da, &#8220;G\u00f6r\u00fcyorum ki MGK g\u00fcndeminde bu konu hala yok. \u0130zninizle bir hususu vurgulamak istiyorum. A\u015f\u0131r\u0131 dinci ak\u0131mlar bug\u00fcn T\u00fcrkiye&#8217;nin en \u00f6nemli ve birinci \u00f6ncelikli sorunu haline gelmi\u015ftir&#8221; dedi.<\/p>\n<p style=\"text-align: justify;\">D\u00f6nemin Deniz Kuvvetleri Komutan\u0131 G\u00fcven Erkaya&#8217;n\u0131n bu talebi 28 \u015eubat 1997&#8217;de MGK&#8217;n\u0131n g\u00fcndemine al\u0131nd\u0131. 1938 y\u0131l\u0131nda Manisa&#8217;n\u0131n Salihli il\u00e7esinde do\u011fan G\u00fcven Erkaya, 1959&#8217;da Harp Okulu&#8217;ndan aste\u011fmen olarak mezun oldu. G\u00fcven Erkaya 1988-1992 y\u0131llar\u0131 aras\u0131nda koramiral, 1992-1997 y\u0131llar\u0131 aras\u0131nda oramiral r\u00fctbesiyle T\u00fcrk Silahl\u0131 Kuvvetleri&#8217;nde hizmet g\u00f6rd\u00fc. G\u00fcven Erkaya 24 Haziran 2000 y\u0131l\u0131nda hayat\u0131n\u0131 kaybetti.<\/p>\n<p style=\"text-align: justify;\"><strong>ABDULLAH KILI\u00c7ARSLAN<\/strong><\/p>\n<p style=\"text-align: justify;\">Emekli Tu\u011fgeneral Abdullah K\u0131l\u0131\u00e7arslan, d\u00f6nemin komuta kademesine yer alan bir isim. 2003&#8217;te yap\u0131ld\u0131\u011f\u0131 iddia edilen &#8216;Balyoz&#8217; semineriyle de g\u00fcndeme gelmi\u015fti. O d\u00f6nem \u00d6zel Kuvvetler Komutanl\u0131\u011f\u0131 Seferberlik ve Tetkik Kurulu Daire Ba\u015fkan\u0131 olarak g\u00f6rev yapan K\u0131l\u0131\u00e7arslan, 2003 y\u0131l\u0131nda 11 T\u00fcrk askerinin ba\u015f\u0131na ABD askerlerince \u00e7uval ge\u00e7irilen &#8216;S\u00fcleymaniye Bask\u0131n\u0131&#8217; s\u0131ras\u0131nda \u00d6zel Kuvvetler Komutan Yard\u0131mc\u0131s\u0131yd\u0131. K\u0131l\u0131\u00e7arslan, MHP&#8217;den milletvekili adayl\u0131\u011f\u0131yla da g\u00fcndeme gelmi\u015fti.<\/p>\n<p style=\"text-align: justify;\">G\u00f6zalt\u0131na al\u0131nan di\u011fer isimlerin tamam\u0131 \u015f\u00f6yle: \u00d6zel yetkili Ankara Cumhuriyet Ba\u015fsavc\u0131 Vekilli\u011fi&#8217;nin y\u00fcr\u00fctt\u00fc\u011f\u00fc 28 \u015eubat Soru\u015fturmas\u0131 kapsam\u0131nda g\u00f6zalt\u0131 karar\u0131 \u00e7\u0131kar\u0131lan ki\u015filerin kimlikleri a\u00e7\u0131kland\u0131. Soru\u015fturma kapsam\u0131nda g\u00f6zalt\u0131 karar\u0131 \u00e7\u0131kar\u0131lan 31 ki\u015finin kimlikleri \u015f\u00f6yle:<\/p>\n<p style=\"text-align: justify;\">&#8221;Ankara&#8217;da emekli Tu\u011fgeneral Abdullah K\u0131l\u0131\u00e7arslan, emekli Kurmay Albaylar H\u00fcsn\u00fc Da\u011f, Arslan Da\u015ftan, O\u011fuz Kalelio\u011flu, Sezai K\u00fcr\u015fat\u00f6kte, Ahmet Nazmi Solmaz; emekli K\u0131demli Albaylar Serdar \u00c7elebi, \u0130brahim Selman Yaz\u0131c\u0131, emekli Albaylar Mustafa Kemal Savc\u0131, Ziya Batur, Ru\u015fen Bozkurt, Mehmet \u015einasi \u00c7al\u0131\u015f, Aburrahman Yavuz G\u00fcrc\u00fco\u011flu, \u0130srafil Ayd\u0131n, Yahya Cem \u00d6zarslan; emekli binba\u015f\u0131 Ahmet Aka; emekli Ba\u015f\u00e7avu\u015f Hamza \u00d6zaltun.<\/p>\n<p style=\"text-align: justify;\">\u0130stanbul&#8217;da emekli Orgeneral \u00c7evik Bir, emekli Tu\u011fgeneraller \u0130dris Koralp, \u00dcnal Akbulut; emekli albaylar Y\u00fcksel S\u00f6nmez, Eser \u015eahan, Cengiz \u00c7etinkaya; emekli Binba\u015f\u0131 Salih Eryi\u011fit; emekli y\u00fczba\u015f\u0131lar Orhan Nalc\u0131o\u011flu, Mustafa Babacan; emekli Ba\u015f\u00e7avu\u015f Necdet Bat\u0131ran, Ayd\u0131n Kara\u015fahin.<\/p>\n<p style=\"text-align: justify;\">\u00c7anakkale&#8217;de emekli Astsubay Ahmet Tar\u0131k Yelkenci; Ni\u011fde&#8217;de emekli K\u0131demli Albay \u00dcmit \u015eahint\u00fcrk; Eski\u015fehir&#8217;de emekli Albay Alican T\u00fcrk.&#8221;<\/p>\n<p style=\"text-align: justify;\"><a href=\"http:\/\/www.gazeteport.com.tr\/haber\/89483\/iste_gozalti_listesi\" target=\"_blank\">Kaynak : GAZETEPORT<\/a><\/p>\n","protected":false},"excerpt":{"rendered":"<p style=\"text-align: center;\">\n<p style=\"text-align: justify;\">28 \u015eubat\u2019\u0131n soru\u015fturmas\u0131 kapsam\u0131nda ba\u015flat\u0131lan operasyonda askerlerin evlerinde aramalar s\u00fcr\u00fcyor.<\/p>\n<p style=\"text-align: justify;\">ANKARA &#8211; Ankara Cumhuriyet Ba\u015fsavc\u0131l\u0131\u011f\u0131&#8217;nca y\u00fcr\u00fct\u00fclen soru\u015fturma kapsam\u0131nda Ankara, \u0130stanbul, Ni\u011fde, \u00c7anakkale ve Eski\u015fehir&#8217;de asker k\u00f6kenli olduklar\u0131 belirtilen 31 ki\u015fi ki\u015fi g\u00f6zalt\u0131na al\u0131nd\u0131.<\/p>\n<p style=\"text-align: justify;\">G\u00f6zalt\u0131lar aras\u0131nda emekli generaller \u00c7evik Bir, Erol \u00d6zkasnak, Abdullah K\u0131l\u0131\u00e7arslan ve \u0130dris Koralp <\/p>\n","protected":false},"author":1,"featured_media":0,"comment_status":"open","ping_status":"open","sticky":false,"template":"","format":"standard","meta":{"footnotes":""},"categories":[105],"tags":[],"class_list":["post-50519","post","type-post","status-publish","format-standard","hentry","category-gundem","odd"],"_links":{"self":[{"href":"http:\/\/www.korhanyilmaz.com\/index.php?rest_route=\/wp\/v2\/posts\/50519","targetHints":{"allow":["GET"]}}],"collection":[{"href":"http:\/\/www.korhanyilmaz.com\/index.php?rest_route=\/wp\/v2\/posts"}],"about":[{"href":"http:\/\/www.korhanyilmaz.com\/index.php?rest_route=\/wp\/v2\/types\/post"}],"author":[{"embeddable":true,"href":"http:\/\/www.korhanyilmaz.com\/index.php?rest_route=\/wp\/v2\/users\/1"}],"replies":[{"embeddable":true,"href":"http:\/\/www.korhanyilmaz.com\/index.php?rest_route=%2Fwp%2Fv2%2Fcomments&post=50519"}],"version-history":[{"count":0,"href":"http:\/\/www.korhanyilmaz.com\/index.php?rest_route=\/wp\/v2\/posts\/50519\/revisions"}],"wp:attachment":[{"href":"http:\/\/www.korhanyilmaz.com\/index.php?rest_route=%2Fwp%2Fv2%2Fmedia&parent=50519"}],"wp:term":[{"taxonomy":"category","embeddable":true,"href":"http:\/\/www.korhanyilmaz.com\/index.php?rest_route=%2Fwp%2Fv2%2Fcategories&post=50519"},{"taxonomy":"post_tag","embeddable":true,"href":"http:\/\/www.korhanyilmaz.com\/index.php?rest_route=%2Fwp%2Fv2%2Ftags&post=50519"}],"curies":[{"name":"wp","href":"https:\/\/api.w.org\/{rel}","templated":true}]}}