{"id":50508,"date":"2012-04-12T07:42:24","date_gmt":"2012-04-12T04:42:24","guid":{"rendered":"http:\/\/www.korhanyilmaz.com\/?p=50508"},"modified":"2012-04-12T12:55:58","modified_gmt":"2012-04-12T09:55:58","slug":"fidan-benim-sir-kupum-yedirmem","status":"publish","type":"post","link":"http:\/\/www.korhanyilmaz.com\/?p=50508","title":{"rendered":"&#8220;Fidan benim s\u0131r k\u00fcp\u00fcm, yedirmem&#8221;"},"content":{"rendered":"<p style=\"text-align: center;\"><a href=\"http:\/\/www.korhanyilmaz.com\/wp-content\/uploads\/2012\/04\/D0014.jpg\"  class=\"lightview\"><img loading=\"lazy\" decoding=\"async\" class=\"aligncenter  wp-image-50509\" src=\"http:\/\/www.korhanyilmaz.com\/wp-content\/uploads\/2012\/04\/D0014.jpg\" alt=\"\" width=\"396\" height=\"180\" \/><\/a><\/p>\n<p style=\"text-align: justify;\">\u00c7in gezisinin son g\u00fcn\u00fcnde M\u0130T- yarg\u0131 kriziyle ilgili konu\u015fan Ba\u015fbakan Erdo\u011fan, M\u0130T M\u00fcste\u015far\u0131&#8217;na bir kez daha sahip \u00e7\u0131kt\u0131.<\/p>\n<p style=\"text-align: justify;\">\u00c7in gezisini bitirerek yurda d\u00f6nen Ba\u015fbakan Erdo\u011fan&#8217;\u0131n, ziyaretin son g\u00fcn\u00fc olan d\u00fcn yapt\u0131\u011f\u0131 a\u00e7\u0131klamalar, baz\u0131 gazetelerin genel yay\u0131n y\u00f6netmenleri taraf\u0131ndan s\u00fctunlara ta\u015f\u0131nd\u0131.<\/p>\n<p style=\"text-align: justify;\">Yo\u011fun Suriye g\u00fcndemi bir yana b\u0131rak\u0131ld\u0131\u011f\u0131nda Erdo\u011fan&#8217;\u0131n dikkat \u00e7eken a\u00e7\u0131klamas\u0131, M\u0130T M\u00fcste\u015far\u0131 Hakan Fidan&#8217;la ilgili oldu.\u00a0<!--more--><\/p>\n<p style=\"text-align: justify;\">Erdo\u011fan, Fidan i\u00e7in, &#8220;S\u0131r k\u00fcp\u00fcm, devletin s\u0131r k\u00fcp\u00fc&#8221; ifadesini kulland\u0131.<\/p>\n<p style=\"text-align: justify;\">Erdo\u011fan&#8217;\u0131n a\u00e7\u0131klamlar\u0131 \u015f\u00f6yle:<\/p>\n<p style=\"text-align: justify;\">&#8220;M\u0130T olay\u0131ndaki geli\u015fmelerde sessiz kalmak m\u00fcmk\u00fcn de\u011fil. Niye. Benim malum nekahat d\u00f6nemime rastlayan s\u00fcre\u00e7ti. Benim s\u0131r k\u00fcp\u00fcm. T\u00fcrkiye Cumhuriyeti devletinin s\u0131r k\u00fcp\u00fc. T\u00fcrkiye\u2019nin gelece\u011finin s\u0131r k\u00fcp\u00fc. Uluslararas\u0131 alanda bu g\u00f6revi yapanlar ajan olarak nitelendirilir.<\/p>\n<p style=\"text-align: justify;\">Operasyon yapacaklar\u0131 zaman g\u00f6revlendirmeyle devlet ad\u0131na giderler. ABD, Rusya, \u00c7in, Bat\u0131 \u00fclkelerinin hepsinde var. \u0130mral\u0131\u2019ya da g\u00f6nderen benim, Oslo\u2019ya da g\u00f6nderen benim. Niye, ortada bir problem var. Ter\u00f6r m\u00fccadelesinde ba\u015far\u0131l\u0131 olmam\u0131z laz\u0131m. Bunun i\u00e7in baz\u0131 bilgi al\u0131\u015fveri\u015flerine sahip olmam\u0131z laz\u0131m.<\/p>\n<p style=\"text-align: justify;\">Gazetelerde \u00e7\u0131kan\u0131n hi\u00e7birisi M\u00fcste\u015far\u0131m taraf\u0131ndan verilmi\u015f s\u00f6z de\u011fil, hepsi yaland\u0131r. Yaz\u0131l\u0131 de\u011fildir. Konu\u015fmalar g\u00f6r\u00fc\u015fmeler olmu\u015ftur, asla verilmi\u015f s\u00f6zler de\u011fildir. Bunu s\u00f6yleyenler siyasi menfaat elde eder miyiz, acaba ne dev\u015firebiliriz gayreti i\u00e7ine girmi\u015flerdir.<\/p>\n<p style=\"text-align: justify;\">Gayretlerinden \u00e7ok \u00e7ok memnunum. Gerek \u00f6ncesi, gerek sonras\u0131nda ve \u015fimdi, \u00fclkeme \u00e7ok \u015feyler kazand\u0131rd\u0131. M\u00fcste\u015far yard\u0131mc\u0131l\u0131\u011f\u0131 ve T\u0130KA\u2019n\u0131n ba\u015f\u0131nda oldu\u011fu zaman da iyiydi. \u0130yi yeti\u015fmi\u015f bir b\u00fcrokratt\u0131r. \u0130nsan k\u0131yma makinesi de\u011filiz. Bu insan takdir edilmesi gerekirken, bunu yemeye \u00e7al\u0131\u015fan baz\u0131 mahfiller olmu\u015ftur. Ana muhalefet partisi ba\u015fta olmak \u00fczere&#8230;<\/p>\n<p style=\"text-align: justify;\">Yarg\u0131, g\u00f6revi olmayan bir alana girdi. Bu konuda hakk\u0131 olmayan konumda kendini hissedince kusura bakmas\u0131n bizi kar\u015f\u0131s\u0131nda g\u00f6r\u00fcr. Yarg\u0131, kendini yasaman\u0131n \u00fczerinde g\u00f6remez. 250 meselesinden M\u00fcste\u015far\u2019\u0131 yarg\u0131lama s\u00fcreci i\u00e7ine sokmaya \u00e7al\u0131\u015ft\u0131. Bu konuda ilk kez konu\u015fuyorum.&#8221;<\/p>\n<p style=\"text-align: justify;\"><strong>SUR\u0130YE&#8217;Y\u0130 ANLATTI<\/strong><\/p>\n<p style=\"text-align: justify;\">Erdo\u011fan&#8217;\u0131n Suriye&#8217;yle ilgili mesajlar\u0131 ise \u015f\u00f6yle oldu:<\/p>\n<p style=\"text-align: justify;\">&#8220;Art\u0131k Be\u015far\u2019\u0131n verdi\u011fi s\u00f6z\u00fc yerine getirmedi\u011fini, muhalif kanad\u0131n Kofi Annan\u2019a verdikleri s\u00f6zleri devam ettirdiklerini g\u00f6r\u00fcyoruz. BM\u2019nin konuya e\u011filmesi istikametinde bir karar \u00e7\u0131k\u0131yor. Biz bunu daha s\u0131k\u0131 bir \u015fekilde takip etmek suretiyle \u00e7al\u0131\u015fmalar\u0131m\u0131z\u0131 y\u00fcr\u00fctece\u011fiz.<\/p>\n<p style=\"text-align: justify;\">Taraf\u0131m\u0131za gelen yaral\u0131lardan \u00f6lenlerin say\u0131s\u0131 4\u2019e \u00e7\u0131kt\u0131. Suriye taraf\u0131ndaki \u00f6l\u00fc rakam\u0131 10 bine yakla\u015ft\u0131. Durumlar i\u00e7ler ac\u0131s\u0131. Kentlerin harap edilmesi, insanlar\u0131n ac\u0131mas\u0131zca \u00f6ld\u00fcr\u00fclmesi, annelerin g\u00f6zlerinin \u00f6n\u00fcnde&#8230; Bunlar\u0131 anlatt\u0131m \u00c7in taraf\u0131na. Durumu tasvip etmediklerini s\u00f6ylediler. Kendilerinin BM\u2019de 8 veto karar\u0131 oldu\u011funu, 2 tanesinin Suriye ile ilgili oldu\u011funu hat\u0131rlatt\u0131m. Bundan sonra da b\u00f6yle bir yakla\u015f\u0131m\u0131n kolay kolay olmayaca\u011f\u0131n\u0131 s\u00f6yledim, \u2018Hay\u0131r\u2019 demediler.<\/p>\n<p style=\"text-align: justify;\">D\u00f6ner d\u00f6nmez Rusya ile m\u00fcnasebetleri daha da s\u0131kla\u015ft\u0131raca\u011f\u0131z. Per\u015fembe ak\u015fam\u0131 Suudi Arabistan\u2019a g\u00fcn\u00fcbirlik bir seyahat yapaca\u011f\u0131z. Ondan sonra nasip olursa kamplar\u0131 ziyaret edece\u011fim. Kamplar\u0131 yerinde g\u00f6rmeyi arzuluyorum. Yerinde g\u00f6rmek istiyorum.<\/p>\n<p style=\"text-align: justify;\"><strong>&#8220;D\u0130N\u0130 L\u0130DERE DE S\u00d6YLED\u0130M&#8221;<\/strong><\/p>\n<p style=\"text-align: justify;\">Bizim de\u011ferlerimizde savunmas\u0131z bir insana sald\u0131ramazs\u0131n\u0131z, vuramazs\u0131n\u0131z. Buna nas\u0131l ter\u00f6rist dersiniz. Bunlar halk. Halk\u0131n oldu\u011fu sokakta tank\u0131n ne i\u015fi var. T\u00fcrkiye\u2019nin Bat\u0131\u2019n\u0131n u\u015fa\u011f\u0131 oldu\u011fu y\u00f6n\u00fcndeki gibi \u00e7ok \u00e7irkin bir \u015fey olmu\u015ftu. Esad, olay\u0131 \u00e7ok farkl\u0131 bir zemine kayd\u0131rmak istiyor. Bunu (\u0130ranl\u0131) dini lidere de s\u00f6yledim. \u2018Bu sava\u015f Arap milliyet\u00e7ileriyle \u0130slamc\u0131lar aras\u0131ndaki sava\u015ft\u0131r.\u2019 Bak\u0131n Be\u015far b\u00f6yle diyor. Bu tabloya bir de\u011ferlendirme yapmad\u0131lar. Esad olay\u0131 farkl\u0131 bir yere \u00e7ekerek g\u00fcya Arap ligini da\u011f\u0131tmaya \u00e7al\u0131\u015facak.<\/p>\n<p style=\"text-align: justify;\"><strong>&#8220;OPS\u0130YONLAR \u00c7OK A\u00c7IK&#8221;<\/strong><\/p>\n<p style=\"text-align: justify;\">S\u0131n\u0131r ihlali olmu\u015ftur. D\u00fcn de s\u0131n\u0131r\u0131m\u0131z\u0131 a\u015fan silahl\u0131 sald\u0131r\u0131lar oldu. Uluslararas\u0131 hukuk a\u00e7\u0131s\u0131ndan adeta i\u015faret fi\u015fe\u011fidir bu. Yapan\u0131n yan\u0131nda k\u00e2r kalamaz. Herhangi bir \u00fclkenin \u015f\u00f6yle b\u00f6yle yakla\u015f\u0131m\u0131 bizi enterese etmez. T\u00fcrkiye Cumhuriyeti\u2019nin kendine has bir tavr\u0131 vard\u0131r. Tarihte bu vard\u0131r. T\u00fcrkiye en az benzerlerinde ne yap\u0131ld\u0131ysa onu yapmak durumundad\u0131r.<\/p>\n<p style=\"text-align: justify;\">Opsiyonlar \u00e7ok. S\u0131n\u0131r ihlallerine kar\u015f\u0131 uluslararas\u0131 hukuktan do\u011fan haklar\u0131 olan bir \u00fclke var. S\u0131n\u0131r\u0131n ihlali sebebiyle alaca\u011f\u0131 tav\u0131r kar\u015f\u0131s\u0131nda yapacaklar\u0131 \u015fey ortadad\u0131r. Bunlar\u0131n hepsi tart\u0131\u015f\u0131lacak meseleler. BM bunu da a\u00e7\u0131klad\u0131. S\u0131n\u0131r ihlali var dedi. Bunlar\u0131n hepsi masaya yat\u0131r\u0131lacak konular. Bunlar\u0131n hepsi son g\u00f6r\u00fc\u015fmelerimizi yap\u0131p ad\u0131m at\u0131lacak konulard\u0131r. Ayr\u0131ca NATO\u2019nun T\u00fcrkiye\u2019nin s\u0131n\u0131rlar\u0131yla ilgili g\u00f6revleri var. 5\u2019inci maddeye g\u00f6re.<\/p>\n<p style=\"text-align: justify;\">Baas rejimi \u015fu anki mevcut y\u00f6netimle ayakta duruyor. Irak\u2019ta Saddam\u2019la birlikte \u00e7\u00f6kt\u00fc, sadece kal\u0131nt\u0131lar\u0131 var. Suriye\u2019de de durumun ayn\u0131 oldu\u011fu kanaatindeyim. Oradaki mezhep yap\u0131s\u0131 Irak\u2019a g\u00f6re \u00e7ok daha farkl\u0131. \u00c7ok partili demokratik bir hayata h\u0131zla girece\u011fini bekliyorum.<\/p>\n<p style=\"text-align: justify;\"><a href=\"http:\/\/www.gazeteport.com.tr\/haber\/89393\/quotfidan_benim_sir_kupum_yedirmemquot\" target=\"_blank\">Kaynak : GAZETEPORT<\/a><\/p>\n","protected":false},"excerpt":{"rendered":"<p style=\"text-align: center;\">\n<p style=\"text-align: justify;\">\u00c7in gezisinin son g\u00fcn\u00fcnde M\u0130T- yarg\u0131 kriziyle ilgili konu\u015fan Ba\u015fbakan Erdo\u011fan, M\u0130T M\u00fcste\u015far\u0131&#8217;na bir kez daha sahip \u00e7\u0131kt\u0131.<\/p>\n<p style=\"text-align: justify;\">\u00c7in gezisini bitirerek yurda d\u00f6nen Ba\u015fbakan Erdo\u011fan&#8217;\u0131n, ziyaretin son g\u00fcn\u00fc olan d\u00fcn yapt\u0131\u011f\u0131 a\u00e7\u0131klamalar, baz\u0131 gazetelerin genel yay\u0131n y\u00f6netmenleri taraf\u0131ndan s\u00fctunlara ta\u015f\u0131nd\u0131.<\/p>\n<p style=\"text-align: justify;\">Yo\u011fun Suriye g\u00fcndemi bir yana b\u0131rak\u0131ld\u0131\u011f\u0131nda <\/p>\n","protected":false},"author":1,"featured_media":0,"comment_status":"open","ping_status":"open","sticky":false,"template":"","format":"standard","meta":{"footnotes":""},"categories":[105],"tags":[],"class_list":["post-50508","post","type-post","status-publish","format-standard","hentry","category-gundem","odd"],"_links":{"self":[{"href":"http:\/\/www.korhanyilmaz.com\/index.php?rest_route=\/wp\/v2\/posts\/50508","targetHints":{"allow":["GET"]}}],"collection":[{"href":"http:\/\/www.korhanyilmaz.com\/index.php?rest_route=\/wp\/v2\/posts"}],"about":[{"href":"http:\/\/www.korhanyilmaz.com\/index.php?rest_route=\/wp\/v2\/types\/post"}],"author":[{"embeddable":true,"href":"http:\/\/www.korhanyilmaz.com\/index.php?rest_route=\/wp\/v2\/users\/1"}],"replies":[{"embeddable":true,"href":"http:\/\/www.korhanyilmaz.com\/index.php?rest_route=%2Fwp%2Fv2%2Fcomments&post=50508"}],"version-history":[{"count":0,"href":"http:\/\/www.korhanyilmaz.com\/index.php?rest_route=\/wp\/v2\/posts\/50508\/revisions"}],"wp:attachment":[{"href":"http:\/\/www.korhanyilmaz.com\/index.php?rest_route=%2Fwp%2Fv2%2Fmedia&parent=50508"}],"wp:term":[{"taxonomy":"category","embeddable":true,"href":"http:\/\/www.korhanyilmaz.com\/index.php?rest_route=%2Fwp%2Fv2%2Fcategories&post=50508"},{"taxonomy":"post_tag","embeddable":true,"href":"http:\/\/www.korhanyilmaz.com\/index.php?rest_route=%2Fwp%2Fv2%2Ftags&post=50508"}],"curies":[{"name":"wp","href":"https:\/\/api.w.org\/{rel}","templated":true}]}}