{"id":50480,"date":"2012-04-12T09:02:25","date_gmt":"2012-04-12T06:02:25","guid":{"rendered":"http:\/\/www.korhanyilmaz.com\/?p=50480"},"modified":"2012-04-12T11:32:15","modified_gmt":"2012-04-12T08:32:15","slug":"mirasi-matematik-koyune","status":"publish","type":"post","link":"http:\/\/www.korhanyilmaz.com\/?p=50480","title":{"rendered":"Miras\u0131 Matematik K\u00f6y\u00fc&#8217;ne"},"content":{"rendered":"<p style=\"text-align: center;\"><a href=\"http:\/\/www.korhanyilmaz.com\/wp-content\/uploads\/2012\/04\/D0010.jpg\"  class=\"lightview\"><img loading=\"lazy\" decoding=\"async\" class=\"aligncenter  wp-image-50481\" src=\"http:\/\/www.korhanyilmaz.com\/wp-content\/uploads\/2012\/04\/D0010.jpg\" alt=\"\" width=\"396\" height=\"180\" \/><\/a><\/p>\n<p style=\"text-align: justify;\">53 ya\u015f\u0131nda hayat\u0131n\u0131 kaybeden Meral Okay&#8217;\u0131n, mal varl\u0131\u011f\u0131n\u0131 Prof. Ali Nesin&#8217;in ba\u015f\u0131nda oldu\u011fu \u0130zmir&#8217;deki Matematik K\u00f6y\u00fc&#8217;ne ba\u011f\u0131\u015flad\u0131\u011f\u0131 \u00f6\u011frenildi.<\/p>\n<p style=\"text-align: justify;\">Ya\u015fama veda eden senarist, s\u00f6z yazar\u0131 ve oyuncu Meral Okay, mal varl\u0131\u011f\u0131n\u0131 \u0130zmir Sel\u00e7uk \u015eirince&#8217;deki Matematik K\u00f6y\u00fc&#8217;ne ba\u011f\u0131\u015flad\u0131.<\/p>\n<p style=\"text-align: justify;\">\u00c7ocu\u011fu bulunmayan Okay&#8217;\u0131n mallar\u0131n\u0131 b\u0131rakt\u0131\u011f\u0131 ve k\u0131sa s\u00fcre \u00f6nce maddi imkans\u0131zl\u0131klar nedeniyle kapat\u0131lma tehlikesi ya\u015fayan k\u00f6y\u00fcn ba\u015f\u0131nda Prof. Dr. Ali Nesin bulunuyor.\u00a0<!--more--><\/p>\n<p style=\"text-align: justify;\">1995 y\u0131l\u0131nda \u00f6len Aziz Nesin taraf\u0131ndan kurulan Nesin Vakf\u0131&#8217;na ba\u011fl\u0131 olarak faaliyet g\u00f6steren k\u00f6yde, \u00fcnl\u00fc matematik\u00e7iler 7&#8217;den 70&#8217;e herkese \u00fccretsiz e\u011fitim veriyor.<\/p>\n<p style=\"text-align: justify;\">Bu arada, imzas\u0131n\u0131 att\u0131\u011f\u0131 i\u015flerle televizyon sekt\u00f6r\u00fcnde \u00e7\u0131\u011f\u0131r a\u00e7an Okay&#8217;\u0131n, masas\u0131nda 3 projeyi b\u0131rakarak aram\u0131zdan ayr\u0131ld\u0131\u011f\u0131 \u00f6\u011frenildi.<\/p>\n<p style=\"text-align: justify;\">Okay&#8217;\u0131n, &#8220;Allah uzun \u00f6m\u00fcr verirse yazmay\u0131 \u00e7ok isterim&#8221; dedi\u011fi Sultan Abd\u00fclhamid d\u00f6nemi ile Ahmet Altan&#8217;\u0131n &#8216;K\u0131l\u0131\u00e7 Yaras\u0131&#8217; ve &#8216;\u0130syan G\u00fcnleri&#8217;nde A\u015fk&#8217; romanlar\u0131n\u0131 senaryola\u015ft\u0131rmak \u00fczerinde \u00e7al\u0131\u015ft\u0131\u011f\u0131 belirtildi.<\/p>\n<p style=\"text-align: justify;\"><strong>NELER YAPTI?<\/strong><\/p>\n<p style=\"text-align: justify;\">\u00d6te yandan Meral Okay&#8217;\u0131n dizi sekt\u00f6r\u00fcnde b\u0131rakt\u0131\u011f\u0131 izleri, H\u00fcrriyet&#8217;ten Ceyhun Kuburlu haberle\u015ftirdi:<\/p>\n<p style=\"text-align: justify;\"><strong>EN PAHALI D\u0130Z\u0130<\/strong><\/p>\n<p style=\"text-align: justify;\">Okay, 12 y\u0131l \u00f6nce \u0130kinci Bahar ile T\u00fcrk dizi tarihinde yeni bir sayfa a\u00e7t\u0131. Milyonlar\u0131 ekran ba\u015f\u0131na toplayan dizinin izlenme oranlar\u0131 derbi ma\u00e7lar\u0131 bile ge\u00e7ti. Ba\u015frolde T\u00fcrkan \u015eoray ve \u015eener \u015een\u2019in oynad\u0131\u011f\u0131 dizi b\u00fct\u00e7esiyle de \u00e7ok konu\u015fuldu. D\u00f6nemin en pahal\u0131 yap\u0131mlar\u0131 aras\u0131nda olan \u0130kinci Bahar\u2019dan sonra televizyon ekranlar\u0131ndaki dizilere \u00f6nemli b\u00fct\u00e7eler ayr\u0131ld\u0131. Dizinin ayl\u0131k b\u00fct\u00e7esi 200 bin dolar\u0131 buluyordu.<\/p>\n<p style=\"text-align: justify;\"><strong>10 M\u0130LYON L\u0130RALIK KONAK<\/strong><\/p>\n<p style=\"text-align: justify;\">Okay, sinema tarihinin en \u00e7ok konu\u015fulan filminin senaryo yazarl\u0131\u011f\u0131n\u0131 yapt\u0131. Asmal\u0131 Konak dizisinin finalini beyaz perdeye ta\u015f\u0131yan Meral Okay, 2 milyona yak\u0131n izleyiciyi sinema salonlar\u0131na \u00e7ekmeyi ba\u015fard\u0131. Filmin geliri 10 milyon liray\u0131 ge\u00e7ti. Beynelmilel filmi ise beyaz perde de 431 bin izleyiciye ula\u015ft\u0131. Filmin has\u0131lat\u0131 3 milyon liray\u0131 ge\u00e7ti.<\/p>\n<p style=\"text-align: justify;\">Asmal\u0131 Konak televizyonda yay\u0131nland\u0131\u011f\u0131 tarihte ula\u015ft\u0131\u011f\u0131 rating kadar ald\u0131\u011f\u0131 reklamla da konu\u015fuluyordu. Dizinin son b\u00f6l\u00fcm\u00fcnde 85 markan\u0131n, 81 dakika 27 saniye s\u00fcren 232 reklam\u0131 yay\u0131nland\u0131. 2003 y\u0131l\u0131nda T\u00fcrkiye\u2019nin reklam veren t\u00fcm markalar\u0131 Asmal\u0131 Konak\u2019a reklam verdi. Asmal\u0131 Konak\u2019\u0131n yay\u0131mland\u0131\u011f\u0131 son b\u00f6l\u00fcm\u00fc di\u011fer b\u00f6l\u00fcmlerden farkl\u0131 tarife ile fiyatland\u0131r\u0131ld\u0131. Kanal y\u00f6netimi \u015firketlere \u00f6zel anla\u015fma ve indirim gibi haklar da tan\u0131mad\u0131. Dizinin son b\u00f6l\u00fcm\u00fcnden elde edilen reklam geliri 7 milyon dolar\u0131 ge\u00e7ti.<\/p>\n<p style=\"text-align: justify;\"><strong>MUHTE\u015eEM Y\u00dcZYIL<\/strong><\/p>\n<p style=\"text-align: justify;\">Meral Okay\u2019\u0131n son dizisi ise Muhte\u015fem Y\u00fczy\u0131l oldu.<\/p>\n<p style=\"text-align: justify;\">Senaryosunu yazd\u0131\u011f\u0131 Muhte\u015fem Y\u00fczy\u0131l ge\u00e7ti\u011fimiz d\u00f6nemde yurtd\u0131\u015f\u0131na ihra\u00e7 edilmeye ba\u015fland\u0131. Bosna Hersek, Afganistan, H\u0131rvatistan, \u0130ran ve Arnavutluk gibi daha \u00e7ok kom\u015fu \u00fclkelere ihra\u00e7 edilen dizi sekt\u00f6re de \u00f6nemli katk\u0131 sa\u011flad\u0131. T\u00fcrk dizilerinin b\u00f6l\u00fcm ba\u015f\u0131 fiyatlar\u0131 Muhte\u015fem Y\u00fczy\u0131l sayesinde 3\u2019e katland\u0131. Dizi bug\u00fcn 41 \u00fclkeye ihra\u00e7 edilirken, bu rakam y\u0131l sonuna kadar 60 \u00fclkeye ula\u015facak.<\/p>\n<p style=\"text-align: justify;\"><a href=\"http:\/\/www.gazeteport.com\/haber\/89419\/mirasi_matematik_koyune\" target=\"_blank\">Kaynak : GAZETEPORT<\/a><\/p>\n","protected":false},"excerpt":{"rendered":"<p style=\"text-align: center;\">\n<p style=\"text-align: justify;\">53 ya\u015f\u0131nda hayat\u0131n\u0131 kaybeden Meral Okay&#8217;\u0131n, mal varl\u0131\u011f\u0131n\u0131 Prof. Ali Nesin&#8217;in ba\u015f\u0131nda oldu\u011fu \u0130zmir&#8217;deki Matematik K\u00f6y\u00fc&#8217;ne ba\u011f\u0131\u015flad\u0131\u011f\u0131 \u00f6\u011frenildi.<\/p>\n<p style=\"text-align: justify;\">Ya\u015fama veda eden senarist, s\u00f6z yazar\u0131 ve oyuncu Meral Okay, mal varl\u0131\u011f\u0131n\u0131 \u0130zmir Sel\u00e7uk \u015eirince&#8217;deki Matematik K\u00f6y\u00fc&#8217;ne ba\u011f\u0131\u015flad\u0131.<\/p>\n<p style=\"text-align: justify;\">\u00c7ocu\u011fu bulunmayan Okay&#8217;\u0131n mallar\u0131n\u0131 b\u0131rakt\u0131\u011f\u0131 ve k\u0131sa s\u00fcre \u00f6nce maddi <\/p>\n","protected":false},"author":1,"featured_media":0,"comment_status":"open","ping_status":"open","sticky":false,"template":"","format":"standard","meta":{"footnotes":""},"categories":[105],"tags":[964],"class_list":["post-50480","post","type-post","status-publish","format-standard","hentry","category-gundem","tag-meral-okay","odd"],"_links":{"self":[{"href":"http:\/\/www.korhanyilmaz.com\/index.php?rest_route=\/wp\/v2\/posts\/50480","targetHints":{"allow":["GET"]}}],"collection":[{"href":"http:\/\/www.korhanyilmaz.com\/index.php?rest_route=\/wp\/v2\/posts"}],"about":[{"href":"http:\/\/www.korhanyilmaz.com\/index.php?rest_route=\/wp\/v2\/types\/post"}],"author":[{"embeddable":true,"href":"http:\/\/www.korhanyilmaz.com\/index.php?rest_route=\/wp\/v2\/users\/1"}],"replies":[{"embeddable":true,"href":"http:\/\/www.korhanyilmaz.com\/index.php?rest_route=%2Fwp%2Fv2%2Fcomments&post=50480"}],"version-history":[{"count":0,"href":"http:\/\/www.korhanyilmaz.com\/index.php?rest_route=\/wp\/v2\/posts\/50480\/revisions"}],"wp:attachment":[{"href":"http:\/\/www.korhanyilmaz.com\/index.php?rest_route=%2Fwp%2Fv2%2Fmedia&parent=50480"}],"wp:term":[{"taxonomy":"category","embeddable":true,"href":"http:\/\/www.korhanyilmaz.com\/index.php?rest_route=%2Fwp%2Fv2%2Fcategories&post=50480"},{"taxonomy":"post_tag","embeddable":true,"href":"http:\/\/www.korhanyilmaz.com\/index.php?rest_route=%2Fwp%2Fv2%2Ftags&post=50480"}],"curies":[{"name":"wp","href":"https:\/\/api.w.org\/{rel}","templated":true}]}}