{"id":50477,"date":"2012-03-15T07:25:52","date_gmt":"2012-03-15T05:25:52","guid":{"rendered":"http:\/\/www.korhanyilmaz.com\/?p=50477"},"modified":"2012-04-12T11:28:42","modified_gmt":"2012-04-12T08:28:42","slug":"aihmyi-ikna-icin-ozel-ekip","status":"publish","type":"post","link":"http:\/\/www.korhanyilmaz.com\/?p=50477","title":{"rendered":"A\u0130HM&#8217;yi ikna i\u00e7in \u00f6zel ekip"},"content":{"rendered":"<p style=\"text-align: center;\"><a href=\"http:\/\/www.korhanyilmaz.com\/wp-content\/uploads\/2012\/04\/D0009.jpg\"  class=\"lightview\"><img loading=\"lazy\" decoding=\"async\" class=\"aligncenter  wp-image-50478\" src=\"http:\/\/www.korhanyilmaz.com\/wp-content\/uploads\/2012\/04\/D0009.jpg\" alt=\"\" width=\"320\" height=\"214\" \/><\/a><\/p>\n<p style=\"text-align: justify;\">1 Mart&#8217;tan \u00f6nce A\u0130HM&#8217;ye D\u0131\u015fi\u015fleri yan\u0131t veriyordu. Mahkeme gerek\u00e7elerine dayanan savunmalarda skandallar art\u0131nca Adalet Bakanl\u0131\u011f\u0131 duruma el koydu ve \u00f6zel bir birim kurdu.<\/p>\n<p style=\"text-align: justify;\">ANKARA- Avrupa \u0130nsan Haklar\u0131 S\u00f6zle\u015fmesi\u2019ne taraf olup Avrupa \u0130nsan Haklar\u0131 Mahkemesi\u2019nin (A\u0130HM) kararlar\u0131n\u0131 kabul etmeye ba\u015flad\u0131\u011f\u0131ndan beri T\u00fcrkiye\u2019nin A\u0130HM ile y\u0131ld\u0131z\u0131 hi\u00e7 bar\u0131\u015fmad\u0131. Mahk\u00fbmiyetler, skandal savunmalar, T\u00fcrkiye\u2019nin kasas\u0131ndan \u00e7\u0131kan tazminatlar, A\u0130HM\u2019nin T\u00fcrkiye\u2019deki pop\u00fcleritesini hep y\u00fcksek tuttu. T\u00fcrkiye\u2019nin skandal savunmalar\u0131ndan birini daha \u00f6nceki g\u00fcn Radikal\u2019de Mesut Hasan Benli\u2019nin imzas\u0131yla okudunuz. Devlet, evinin \u00f6n\u00fcnde g\u00fcvenlik g\u00fc\u00e7lerinin operasyonu ile \u00f6ld\u00fcr\u00fclen Ahmet Kaymaz ve 12 ya\u015f\u0131ndaki U\u011fur Kaymaz\u2019\u0131n v\u00fccutlar\u0131ndan \u00e7\u0131kan 13 kur\u015funun \u2018orant\u0131l\u0131\u2019 oldu\u011funu iddia edip, baba-o\u011fulun ter\u00f6rist faaliyetler i\u00e7inde oldu\u011fu i\u00e7in m\u00fcdahaleyi hak etti\u011fini ileri s\u00fcrm\u00fc\u015ft\u00fc.<!--more--><\/p>\n<p style=\"text-align: justify;\">Adalet Bakanl\u0131\u011f\u0131\u2019ndan d\u00fcn yap\u0131lan a\u00e7\u0131klamada 1 Mart\u2019tan itibaren uluslararas\u0131 ili\u015fkiler ve d\u0131\u015f politikayla ilgili olanlar (Rumlar\u0131n a\u00e7t\u0131\u011f\u0131 K\u0131br\u0131s davalar\u0131) d\u0131\u015f\u0131nda, A\u0130HM\u2019ye g\u00f6nderilecek yan\u0131t ve savunmalar\u0131n Adalet Bakanl\u0131\u011f\u0131 Uluslararas\u0131 Hukuk ve D\u0131\u015f \u0130li\u015fkiler Genel M\u00fcd\u00fcrl\u00fc\u011f\u00fc b\u00fcnyesinde kurulan \u0130nsan Haklar\u0131 Daire Ba\u015fkanl\u0131\u011f\u0131 taraf\u0131ndan kaleme al\u0131naca\u011f\u0131 ifade edildi. A\u00e7\u0131klamaya g\u00f6re yeni Daire, A\u0130HM\u2019nin T\u00fcrkiye hakk\u0131nda verdi\u011fi ihlal kararlar\u0131n\u0131n icras\u0131, kararlar\u0131n ilgili mercilere iletilmesi ve ihlalin ortadan kald\u0131r\u0131lmas\u0131na y\u00f6nelik faaliyetlerde bulunacak. Dairenin g\u00f6revleri aras\u0131nda A\u0130HM kararlar\u0131n\u0131n T\u00fcrk\u00e7eye \u00e7evrilmesi, ar\u015fivlemesi, istatistik yap\u0131lmas\u0131 da var. Bu bilgiler art\u0131k www.inhak.adalet.gov.tr adresinde yay\u0131mlan\u0131yor.<\/p>\n<p style=\"text-align: justify;\"><strong>Kritik dosyalar devredildi<\/strong><\/p>\n<p style=\"text-align: justify;\">1 Mart \u00f6ncesindeki dosyalar\u0131n D\u0131\u015fi\u015fleri taraf\u0131ndan haz\u0131rlanmas\u0131 \u00f6ng\u00f6r\u00fclse de Ergenekon soru\u015fturmas\u0131 kapsam\u0131nda A\u0130HM\u2019ye yans\u0131yan baz\u0131 dosyalarla ilgili \u00e7al\u0131\u015fmalar da Adalet Bakanl\u0131\u011f\u0131\u2019na devredildi. Devredilen dosyalar aras\u0131nda Gazeteci Ahmet \u015e\u0131k\u2019\u0131n A\u0130HM\u2019ye yapt\u0131\u011f\u0131 ba\u015fvuru \u00e7er\u00e7evesinde Ankara\u2019ya g\u00f6nderilen sorular da var. Kritik dosyalarla ilgili devir i\u015flemi nedeniyle ya\u015fanacak gecikmeler i\u00e7in A\u0130HM\u2019den ek s\u00fcre istenecek.<\/p>\n<p style=\"text-align: justify;\">Adalet Bakanl\u0131\u011f\u0131\u2019nda kurulan ekipte, A\u0130HM\u2019den transfer edilen T\u00fcrk yarg\u0131 mensuplar\u0131 da var. A\u0130HM\u2019nin taleplerine yan\u0131tlar haz\u0131rlan\u0131rken bir taraftan da yeni al\u0131nan hukuk\u00e7ulara e\u011fitim verilmiyor. 12 ya\u015f\u0131ndaki bir \u00e7ocu\u011fun Kala\u015fnikof t\u00fcfekle polisle \u00e7at\u0131\u015fmaya girdi\u011fine ve sekiz kur\u015fun att\u0131\u011f\u0131na A\u0130HM yarg\u0131\u00e7lar\u0131n\u0131n ikna edilemeyece\u011fi gibi ger\u00e7ekler b\u00fct\u00fcn a\u00e7\u0131kl\u0131\u011f\u0131yla anlat\u0131l\u0131yor. A\u0130HM\u2019nin ne t\u00fcr savunmalara kar\u015f\u0131 olumsuz yakla\u015ft\u0131\u011f\u0131na ili\u015fkin i\u00e7tihatlar T\u00fcrk\u00e7eye kazand\u0131r\u0131l\u0131yor. Adalet Bakanl\u0131\u011f\u0131 yetkilileri, 1 Mart\u2019ta ba\u015flayan yeni d\u00f6nemde sadece savunma haz\u0131rlamaya de\u011fil, ihlal kararlar\u0131na neden olan uygulamalar\u0131n da son bulmas\u0131 i\u00e7in \u00e7al\u0131\u015fmalar\u0131n yo\u011funla\u015ft\u0131\u011f\u0131n\u0131 bildiriyor.<\/p>\n<p style=\"text-align: justify;\"><strong>SKANDAL SAVUNMALAR<\/strong><\/p>\n<p style=\"text-align: justify;\">* 2010\u2019da A\u0130HM\u2019ye g\u00f6nderilen savunmada Hrant Dink\u2019in \u2018T\u00fcrkl\u00fc\u011f\u00fc tahkir etti\u011fi ve halk\u0131 k\u0131\u015fk\u0131rtt\u0131\u011f\u0131\u2019 iddia edilerek Almanya\u2019da bir Nazi liderine A\u0130HM taraf\u0131ndan verilen ceza emsal g\u00f6sterildi ve \u201c301. madde mahk\u00fbmiyetine ili\u015fkin dava, \u00f6ld\u00fcr\u00fcld\u00fc\u011f\u00fc i\u00e7in d\u00fc\u015ft\u00fc, cezas\u0131 kesinle\u015fmedi. Bu y\u00fczden Dink\u2019in ba\u015fvuru hakk\u0131 yok. Dink Ailesi de 301. madde mahk\u00fbmiyetinden do\u011frudan zarar g\u00f6rmedi, \u2018ma\u011fdur\u2019 say\u0131lamaz\u201d g\u00f6r\u00fc\u015f\u00fcne yer verildi.<\/p>\n<p style=\"text-align: justify;\">* \u0130ntihar eden 16 askerlerin ailelerinin ayr\u0131 ayr\u0131 yapt\u0131\u011f\u0131 ba\u015fvurular\u0131 tek dosyada birle\u015ftirip T\u00fcrkiye\u2019den savunma isteyen A\u0130HM, gelen yan\u0131tta, \u201cTSK\u2019n\u0131n hi\u00e7bir kusuru olmad\u0131. \u0130ntihar bireysel bir eylemdir. Vatani g\u00f6rev \u00f6ncesinde i\u00e7inde bulunduklar\u0131 psikolojik durumun etkisiyle intihar ettiler\u201d ifadesiyle kar\u015f\u0131la\u015ft\u0131.<\/p>\n<p style=\"text-align: justify;\">* 16 y\u0131l s\u00fcren yarg\u0131lama sonunda \u201cm\u00fcebbet hapis\u201d cezas\u0131na \u00e7arpt\u0131r\u0131lan Sarp Kuray\u2019\u0131n ba\u015fvurusuyla ilgili A\u0130HM\u2019in sorular\u0131n\u0131 yan\u0131tlayan D\u0131\u015fi\u015fleri Bakanl\u0131\u011f\u0131, tan\u0131klar\u0131n dinlenmemesi, delilerin toplanmamas\u0131 gibi nedenle yarg\u0131lama s\u00fcresinin uzun olmad\u0131\u011f\u0131n\u0131 savundu.<\/p>\n<p style=\"text-align: justify;\">* Myspace\u2019i kapatma karar\u0131yla ilgili davada A\u0130HM\u2019ye yap\u0131lan savunmada \u201c\u0130nternete ula\u015f\u0131m \u00f6nemli ama hak ihlali ve korsanl\u0131\u011fa da yol a\u00e7\u0131yor. Devlet bu t\u00fcr olumsuz durumlar\u0131 \u00f6nlemezse kaos ya\u015fan\u0131r. Yap\u0131lan sans\u00fcr de\u011fil. \u00c7\u00fcnk\u00fc kullan\u0131c\u0131lar da bilgilere ba\u015fka sitelerden ula\u015fabilece\u011finden ma\u011fdur say\u0131lmazlar. Ma\u011fdur sayarsan\u0131z milyonlarca kullan\u0131c\u0131 ba\u015fvuru yapar.<\/p>\n<p style=\"text-align: justify;\"><a href=\"http:\/\/www.radikal.com.tr\/Radikal.aspx?aType=RadikalDetayV3&amp;ArticleID=1081818&amp;CategoryID=77\" target=\"_blank\">Kaynak : Radikal.com.tr<\/a><\/p>\n","protected":false},"excerpt":{"rendered":"<p style=\"text-align: center;\">\n<p style=\"text-align: justify;\">1 Mart&#8217;tan \u00f6nce A\u0130HM&#8217;ye D\u0131\u015fi\u015fleri yan\u0131t veriyordu. Mahkeme gerek\u00e7elerine dayanan savunmalarda skandallar art\u0131nca Adalet Bakanl\u0131\u011f\u0131 duruma el koydu ve \u00f6zel bir birim kurdu.<\/p>\n<p style=\"text-align: justify;\">ANKARA- Avrupa \u0130nsan Haklar\u0131 S\u00f6zle\u015fmesi\u2019ne taraf olup Avrupa \u0130nsan Haklar\u0131 Mahkemesi\u2019nin (A\u0130HM) kararlar\u0131n\u0131 kabul etmeye ba\u015flad\u0131\u011f\u0131ndan beri T\u00fcrkiye\u2019nin A\u0130HM ile y\u0131ld\u0131z\u0131 hi\u00e7 bar\u0131\u015fmad\u0131. Mahk\u00fbmiyetler, skandal <\/p>\n","protected":false},"author":1,"featured_media":0,"comment_status":"open","ping_status":"open","sticky":false,"template":"","format":"standard","meta":{"footnotes":""},"categories":[105],"tags":[242],"class_list":["post-50477","post","type-post","status-publish","format-standard","hentry","category-gundem","tag-aihm","odd"],"_links":{"self":[{"href":"http:\/\/www.korhanyilmaz.com\/index.php?rest_route=\/wp\/v2\/posts\/50477","targetHints":{"allow":["GET"]}}],"collection":[{"href":"http:\/\/www.korhanyilmaz.com\/index.php?rest_route=\/wp\/v2\/posts"}],"about":[{"href":"http:\/\/www.korhanyilmaz.com\/index.php?rest_route=\/wp\/v2\/types\/post"}],"author":[{"embeddable":true,"href":"http:\/\/www.korhanyilmaz.com\/index.php?rest_route=\/wp\/v2\/users\/1"}],"replies":[{"embeddable":true,"href":"http:\/\/www.korhanyilmaz.com\/index.php?rest_route=%2Fwp%2Fv2%2Fcomments&post=50477"}],"version-history":[{"count":0,"href":"http:\/\/www.korhanyilmaz.com\/index.php?rest_route=\/wp\/v2\/posts\/50477\/revisions"}],"wp:attachment":[{"href":"http:\/\/www.korhanyilmaz.com\/index.php?rest_route=%2Fwp%2Fv2%2Fmedia&parent=50477"}],"wp:term":[{"taxonomy":"category","embeddable":true,"href":"http:\/\/www.korhanyilmaz.com\/index.php?rest_route=%2Fwp%2Fv2%2Fcategories&post=50477"},{"taxonomy":"post_tag","embeddable":true,"href":"http:\/\/www.korhanyilmaz.com\/index.php?rest_route=%2Fwp%2Fv2%2Ftags&post=50477"}],"curies":[{"name":"wp","href":"https:\/\/api.w.org\/{rel}","templated":true}]}}