{"id":50470,"date":"2012-04-12T10:48:46","date_gmt":"2012-04-12T07:48:46","guid":{"rendered":"http:\/\/www.korhanyilmaz.com\/?p=50470"},"modified":"2012-04-12T11:18:22","modified_gmt":"2012-04-12T08:18:22","slug":"iktidarin-otoritesi-artiyor","status":"publish","type":"post","link":"http:\/\/www.korhanyilmaz.com\/?p=50470","title":{"rendered":"\u0130ktidar\u0131n otoritesi art\u0131yor"},"content":{"rendered":"<p style=\"text-align: center;\"><a href=\"http:\/\/www.korhanyilmaz.com\/wp-content\/uploads\/2012\/04\/B0007.jpg\"  class=\"lightview\"><img loading=\"lazy\" decoding=\"async\" class=\"aligncenter  wp-image-50471\" src=\"http:\/\/www.korhanyilmaz.com\/wp-content\/uploads\/2012\/04\/B0007.jpg\" alt=\"\" width=\"396\" height=\"180\" \/><\/a><\/p>\n<p style=\"text-align: justify;\">\u0130nsan Haklar\u0131 Derne\u011fi\u2019nin a\u00e7\u0131klad\u0131\u011f\u0131 2011 Y\u0131l\u0131 \u0130nsan Haklar\u0131 \u0130hlalleri Raporu, T\u00fcrkiye\u2019de hak ihlallerinde art\u0131\u015f oldu\u011funu ortaya koydu.<\/p>\n<p style=\"text-align: justify;\">ANKARA &#8211; \u0130nsan Haklar\u0131 Derne\u011fi Genel Ba\u015fkan\u0131 \u00d6zt\u00fcrk T\u00fcrkdo\u011fan, 2011 y\u0131l\u0131 insan haklar\u0131 ihlali bilan\u00e7osunu d\u00fczenledi\u011fi toplant\u0131yla kamuoyuna a\u00e7\u0131klad\u0131.<\/p>\n<p style=\"text-align: justify;\">\u0130nsan Haklar\u0131 Derne\u011fi\u2019nin a\u00e7\u0131klad\u0131\u011f\u0131 2011 Y\u0131l\u0131 \u0130nsan Haklar\u0131 \u0130hlalleri Raporu, T\u00fcrkiye\u2019de hak ihlallerinde art\u0131\u015f oldu\u011funu ortaya koydu. \u0130HD Genel Ba\u015fkan\u0131 \u00d6zt\u00fcrk T\u00fcrkdo\u011fan, iktidar\u0131n bir\u00e7ok insan haklar\u0131 d\u00fczenlemesi yapmas\u0131 gerekti\u011fini belirterek, \u201c\u0130hlal raporumuz iktidar\u0131n giderek otoriterle\u015fti\u011fini ve bunun da yeni ihlallere kaynakl\u0131k etti\u011fini g\u00f6stermektedir\u201d dedi.\u00a0<!--more--><\/p>\n<p style=\"text-align: justify;\"><strong>KORUCULUK KALDIRILMALI<\/strong><\/p>\n<p style=\"text-align: justify;\">2011 y\u0131l\u0131nda 5 ki\u015fi g\u00f6zalt\u0131ndayken hayat\u0131n\u0131 kaybetti. K\u00f6y korucular\u0131 taraf\u0131ndan 3 ki\u015fi \u00f6ld\u00fcr\u00fcld\u00fc, 48 ki\u015fi yaraland\u0131. 2010\u2019da 2 ki\u015fiyi \u00f6ld\u00fcren korucularla ilgili s\u00fcren davadan beraat karar\u0131 \u00e7\u0131kmas\u0131 korucular\u0131 adeta cesaretlendirdi. May\u0131n ve sahipsiz bomba patlamas\u0131 sonucu 5\u2019i \u00e7ocuk olmak \u00fczere 13 sivil \u00f6ld\u00fc, 63 sivil yaraland\u0131. 9 ilde sivil yerle\u015fimlere yak\u0131n may\u0131nl\u0131 araziler 2014\u2019e kadar temizlenmesi gerekirken bu konuda hi\u00e7bir somut ad\u0131m at\u0131lmad\u0131.<\/p>\n<p style=\"text-align: justify;\"><strong>POL\u0130S VE ASKER \u0130NT\u0130HARLARI<\/strong><\/p>\n<p style=\"text-align: justify;\">2009 y\u0131l\u0131nda h\u00fck\u00fcmet taraf\u0131ndan kabul edilen K\u00fcrt sorununun \u00e7\u00f6z\u00fcm\u00fc i\u00e7in gerekli anayasal d\u00fczenlemelerin yap\u0131lmamas\u0131, \u015fiddete dayal\u0131 \u00e7\u00f6z\u00fcms\u00fczl\u00fc\u011f\u00fc derinle\u015ftirdi. 2010\u2019da 244 olan silahl\u0131 \u00e7at\u0131\u015fmalarda \u00f6len ki\u015fi say\u0131s\u0131n\u0131n 338\u2019e \u00e7\u0131kmas\u0131 durumun giderek k\u00f6t\u00fcle\u015fti\u011fini g\u00f6stermektedir. Silahl\u0131 \u00e7at\u0131\u015fmalar\u0131n uzun y\u0131llar s\u00fcrd\u00fc\u011f\u00fc b\u00f6yle bir ortamda polis ve asker intiharlar\u0131nda da belirgin bir art\u0131\u015f g\u00f6zlemlendi. 2011 y\u0131l\u0131nda 43 \u015f\u00fcpheli intihar vakas\u0131 tespit edildi.<\/p>\n<p style=\"text-align: justify;\"><strong>KADINA \u015e\u0130DDETTE ARTI\u015e<\/strong><\/p>\n<p style=\"text-align: justify;\">Kad\u0131na ve \u00e7ocu\u011fa y\u00f6nelik ya\u015fam hakk\u0131 ihlallerinde de art\u0131\u015f g\u00f6zlemlenmektedir. 2011\u2019de \u015fiddet y\u00fcz\u00fcnden 175 kad\u0131n \u00f6ld\u00fc, 322 kad\u0131n yaraland\u0131. \u015eiddete ba\u011fl\u0131 intiharlarda ise 20 kad\u0131n hayat\u0131n\u0131 kaybederken, 56 kad\u0131n yaral\u0131 olarak kurtuldu.<\/p>\n<p style=\"text-align: justify;\"><strong>\u00d6NLEME MEKAN\u0130ZMASI<\/strong><\/p>\n<p style=\"text-align: justify;\">12 Eyl\u00fcl rejiminden kaynakl\u0131 ortam T\u00fcrkiye\u2019de cezas\u0131zl\u0131k politikas\u0131 olu\u015fturdu. 2009 y\u0131l\u0131nda 707 olan i\u015fkence ve eziyet su\u00e7lar\u0131ndan yarg\u0131lanan ki\u015fi say\u0131s\u0131, 2010 y\u0131l\u0131nda 755\u2019e \u00e7\u0131kt\u0131. Buna kar\u015f\u0131n Adalet Bakanl\u0131\u011f\u0131\u2019n\u0131n resmi verilerine g\u00f6re kolluk kuvvetlerine kar\u015f\u0131 koyma diye adland\u0131r\u0131lan kanun maddesinden 2009 y\u0131l\u0131nda 22 bin 195 vatanda\u015f yarg\u0131lan\u0131rken, bu rakam 2010 y\u0131l\u0131nda 15 bin 497 oldu. \u0130\u015fkence ve k\u00f6t\u00fc muameleyle ba\u015f edilebilmesi i\u00e7in Se\u00e7meli Protokol uyar\u0131nca bir y\u0131l i\u00e7erisinde Ulusal \u00d6nleme Mekanizmas\u0131 kurulmas\u0131 gerekmektedir. 2011 y\u0131l\u0131nda 3 bin 252 ki\u015fi i\u015fkenceye ve k\u00f6t\u00fc muameleye maruz kald\u0131\u011f\u0131 iddias\u0131yla ba\u015fvurdu.<\/p>\n<p style=\"text-align: justify;\"><strong>AYDINLARA SU\u00c7LAMALAR<\/strong><\/p>\n<p style=\"text-align: justify;\">6 bin 504 internet sitesinin eri\u015fimi engellendi. \u0130fade \u00f6zg\u00fcrl\u00fc\u011f\u00fc yasaklar\u0131 \u00e7ok say\u0131da siyaset\u00e7i, sendikac\u0131, insan haklar\u0131 savunucusu, gazeteci, avukat, ayd\u0131n ve yazar\u0131n, \u00f6\u011frenci ile belediye ba\u015fkan\u0131n\u0131n yasad\u0131\u015f\u0131l\u0131kla su\u00e7lanmalar\u0131na sebep oldu.<\/p>\n<p style=\"text-align: justify;\"><strong>\u0130\u015eKENCE EN \u00dcST SEV\u0130YEDE<\/strong><\/p>\n<p style=\"text-align: justify;\">Avrupa \u0130nsan Haklar\u0131 Mahkemesi (A\u0130HM) T\u00fcrkiye\u2019yi biber gaz\u0131 kullan\u0131m\u0131n\u0131n i\u015fkence ve k\u00f6t\u00fc muamele yasa\u011f\u0131na ayk\u0131r\u0131 oldu\u011fundan mahk\u00fbm etti. \u0130\u00e7i\u015fleri Bakan\u0131 \u0130dris Naim \u015eahin\u2019in polisin gaz kullan\u0131m\u0131n\u0131 te\u015fvik edici a\u00e7\u0131klamalar\u0131, i\u015fkence ve k\u00f6t\u00fc muamelenin en \u00fcst seviyede korundu\u011funu g\u00f6stermektedir.<\/p>\n<p style=\"text-align: justify;\"><strong>12 B\u0130N 635 G\u00d6ZALTI<\/strong><\/p>\n<p style=\"text-align: justify;\">2011 y\u0131l\u0131 sonu itibariyle 128 bin 604 olan tutuklu say\u0131s\u0131 2012 \u015eubat ay\u0131nda 130 bin 167 oldu. Tutuklular\u0131n 2 bin 100\u2019\u00fc \u00e7ocuktur. Pozant\u0131 Cezaevi\u2019nde \u00e7ocuklara y\u00f6nelik cinsel sald\u0131r\u0131lar ya\u015fanmas\u0131, tutuklulu\u011fun \u00e7ocuklar a\u00e7\u0131s\u0131ndan a\u011f\u0131r sonu\u00e7lar do\u011furdu\u011funu ortaya koydu. 2011 y\u0131l\u0131nda 12 bin 685 ki\u015fi g\u00f6zalt\u0131na al\u0131nd\u0131. Bunlardan 2 bin 922\u2019si tutukland\u0131. 2010\u2019da 7 bin 100 g\u00f6zalt\u0131, 1599 tutuklama ger\u00e7ekle\u015fmi\u015fti. Halen cezaevlerinde 41 avukat, 11 insan haklar\u0131 savunucusu, 91 gazeteci, 8 milletvekili ve 30 civar\u0131nda belediye ba\u015fkan\u0131 bulunuyor.<\/p>\n<p style=\"text-align: justify;\"><strong>ANKARA KR\u0130TERLER\u0130<\/strong><\/p>\n<p style=\"text-align: justify;\">2011\u2019de insan haklar\u0131 a\u00e7\u0131s\u0131ndan somut ve g\u00f6zle g\u00f6r\u00fcl\u00fcr bir \u015fekilde k\u00f6t\u00fcle\u015fmeler ya\u015fand\u0131. \u0130ktidar, 2010 y\u0131l\u0131nda \u2018Kopenhag Kriterleri\u2019nden \u2018Ankara Kriterleri\u2019ne ge\u00e7erek, polis devletini benimsedi. 2011 y\u0131l\u0131yla birlikte giderek otoriterle\u015fen ve bask\u0131c\u0131 bir rejim kuran bir siyasal iktidarla kar\u015f\u0131 kar\u015f\u0131ya oldu\u011fumuzu belirtmek isteriz.<\/p>\n<p style=\"text-align: justify;\"><a href=\"http:\/\/www.gazeteport.com\/haber\/89455\/iktidarin_otoritesi_artiyor\" target=\"_blank\">Kaynak : GAZETEPORT<\/a><\/p>\n","protected":false},"excerpt":{"rendered":"<p style=\"text-align: center;\">\n<p style=\"text-align: justify;\">\u0130nsan Haklar\u0131 Derne\u011fi\u2019nin a\u00e7\u0131klad\u0131\u011f\u0131 2011 Y\u0131l\u0131 \u0130nsan Haklar\u0131 \u0130hlalleri Raporu, T\u00fcrkiye\u2019de hak ihlallerinde art\u0131\u015f oldu\u011funu ortaya koydu.<\/p>\n<p style=\"text-align: justify;\">ANKARA &#8211; \u0130nsan Haklar\u0131 Derne\u011fi Genel Ba\u015fkan\u0131 \u00d6zt\u00fcrk T\u00fcrkdo\u011fan, 2011 y\u0131l\u0131 insan haklar\u0131 ihlali bilan\u00e7osunu d\u00fczenledi\u011fi toplant\u0131yla kamuoyuna a\u00e7\u0131klad\u0131.<\/p>\n<p style=\"text-align: justify;\">\u0130nsan Haklar\u0131 Derne\u011fi\u2019nin a\u00e7\u0131klad\u0131\u011f\u0131 2011 Y\u0131l\u0131 \u0130nsan Haklar\u0131 \u0130hlalleri Raporu, <\/p>\n","protected":false},"author":1,"featured_media":0,"comment_status":"open","ping_status":"open","sticky":false,"template":"","format":"standard","meta":{"footnotes":""},"categories":[105],"tags":[],"class_list":["post-50470","post","type-post","status-publish","format-standard","hentry","category-gundem","odd"],"_links":{"self":[{"href":"http:\/\/www.korhanyilmaz.com\/index.php?rest_route=\/wp\/v2\/posts\/50470","targetHints":{"allow":["GET"]}}],"collection":[{"href":"http:\/\/www.korhanyilmaz.com\/index.php?rest_route=\/wp\/v2\/posts"}],"about":[{"href":"http:\/\/www.korhanyilmaz.com\/index.php?rest_route=\/wp\/v2\/types\/post"}],"author":[{"embeddable":true,"href":"http:\/\/www.korhanyilmaz.com\/index.php?rest_route=\/wp\/v2\/users\/1"}],"replies":[{"embeddable":true,"href":"http:\/\/www.korhanyilmaz.com\/index.php?rest_route=%2Fwp%2Fv2%2Fcomments&post=50470"}],"version-history":[{"count":0,"href":"http:\/\/www.korhanyilmaz.com\/index.php?rest_route=\/wp\/v2\/posts\/50470\/revisions"}],"wp:attachment":[{"href":"http:\/\/www.korhanyilmaz.com\/index.php?rest_route=%2Fwp%2Fv2%2Fmedia&parent=50470"}],"wp:term":[{"taxonomy":"category","embeddable":true,"href":"http:\/\/www.korhanyilmaz.com\/index.php?rest_route=%2Fwp%2Fv2%2Fcategories&post=50470"},{"taxonomy":"post_tag","embeddable":true,"href":"http:\/\/www.korhanyilmaz.com\/index.php?rest_route=%2Fwp%2Fv2%2Ftags&post=50470"}],"curies":[{"name":"wp","href":"https:\/\/api.w.org\/{rel}","templated":true}]}}