{"id":50467,"date":"2012-04-08T09:59:52","date_gmt":"2012-04-08T06:59:52","guid":{"rendered":"http:\/\/www.korhanyilmaz.com\/?p=50467"},"modified":"2012-04-12T11:14:09","modified_gmt":"2012-04-12T08:14:09","slug":"aadan-kilicdarogluna-ambargo","status":"publish","type":"post","link":"http:\/\/www.korhanyilmaz.com\/?p=50467","title":{"rendered":"AA\u2019dan K\u0131l\u0131\u00e7daro\u011flu\u2019na ambargo"},"content":{"rendered":"<p style=\"text-align: center;\"><a href=\"http:\/\/www.korhanyilmaz.com\/wp-content\/uploads\/2012\/04\/B0006.jpg\"  class=\"lightview\"><img loading=\"lazy\" decoding=\"async\" class=\"aligncenter  wp-image-50468\" src=\"http:\/\/www.korhanyilmaz.com\/wp-content\/uploads\/2012\/04\/B0006.jpg\" alt=\"\" width=\"396\" height=\"180\" \/><\/a><\/p>\n<p style=\"text-align: justify;\">Anadolu Ajans\u0131, CHP Genel Ba\u015fkan\u0131 Kemal K\u0131l\u0131\u00e7daro\u011flu\u2019nun AA\u2019n\u0131n 92. y\u0131l\u0131na ili\u015fkin a\u00e7\u0131klamas\u0131n\u0131 servise koymad\u0131. CHP bu duruma yaz\u0131l\u0131 a\u00e7\u0131klamayla tepki g\u00f6sterirken, ajans bir a\u00e7\u0131klama yapt\u0131 ve &#8220;\u015ea\u015fk\u0131na d\u00f6nd\u00fck&#8221; dedi.<\/p>\n<p style=\"text-align: justify;\">ANKARA -CHP\u2019den yap\u0131lan yaz\u0131l\u0131 a\u00e7\u0131klamada, \u201cEle\u015ftiri var diye Kemal K\u0131l\u0131\u00e7daro\u011flu\u2019nun a\u00e7\u0131klamas\u0131n\u0131n haber yap\u0131lmamas\u0131, gazetecilik ve habercilik anlay\u0131\u015f\u0131ndaki \u00e7arp\u0131kl\u0131\u011f\u0131, ele\u015ftiriye tahamm\u00fcls\u00fczl\u00fc\u011f\u00fcn\u00fc ve her g\u00fcn biraz daha fazla iktidar yanda\u015f\u0131 medya ile b\u00fct\u00fcnle\u015fti\u011fini g\u00f6stermektedir\u201d denildi.\u00a0<!--more--><\/p>\n<p style=\"text-align: justify;\">K\u0131l\u0131\u00e7daro\u011flu\u2019nun AA\u2019n\u0131n 92. y\u0131l\u0131na ili\u015fkin mesaj\u0131nda ajans\u0131n kurulu\u015funu Mustafa Kemal\u2019in yapt\u0131\u011f\u0131n\u0131 hat\u0131rlatt\u0131 ve Mustafa Kemal ajansa, \u2018T\u00fcrkiye\u2019nin sesini d\u00fcnyaya duyurma\u2019 g\u00f6revini verdi\u201d dedi. Mesaj\u0131nda AA\u2019n\u0131n bug\u00fcn h\u00fck\u00fcmet yanl\u0131s\u0131 yay\u0131n yapt\u0131\u011f\u0131n\u0131 ileri s\u00fcren K\u0131l\u0131\u00e7daro\u011flu \u015fu ele\u015ftirileri y\u00f6neltti:<\/p>\n<p style=\"text-align: justify;\">&#8211; AA ne yaz\u0131k ki, \u00f6zellikle son y\u0131llarda, T\u00fcrkiye \u2019nin sesi ile AKP\u2019nin sesini birbirine kar\u0131\u015ft\u0131rmaya ba\u015flad\u0131.<\/p>\n<p style=\"text-align: justify;\">&#8211; A.A.\u2019y\u0131 y\u00f6netenlere, y\u00f6nlendirenlere hat\u0131rlatmak isterim ki, Anadolu Ajans\u0131 AKP\u2019nin de\u011fil, T\u00fcrkiye\u2019nin sesini d\u00fcnyaya duyurmakla g\u00f6revlidir.<\/p>\n<p style=\"text-align: justify;\">&#8211; AA \u00e7al\u0131\u015fanlar\u0131 da AKP\u2019nin memuru veya Ba\u015fbakan\u2019a, bakanlara, AKP h\u00fck\u00fcmetine hizmetle g\u00f6revli de\u011fillerdir.<\/p>\n<p style=\"text-align: justify;\">&#8211; A.A \u00e7al\u0131\u015fanlar\u0131n\u0131 bask\u0131 alt\u0131nda tutmak, kamuoyunun sa\u011fl\u0131kl\u0131 olu\u015fumuna katk\u0131da bulunmalar\u0131n\u0131 engellemek, ne A.A\u2019n\u0131n tarihi kimli\u011fine, sayg\u0131nl\u0131\u011f\u0131na, ne de ileti\u015fim \u00f6zg\u00fcrl\u00fc\u011f\u00fcn\u00fcn bug\u00fcn ula\u015ft\u0131\u011f\u0131 seviyeye yak\u0131\u015fmaktad\u0131r.<\/p>\n<p style=\"text-align: justify;\"><strong>AA: \u015eA\u015eKINA D\u00d6ND\u00dcK<\/strong><\/p>\n<p style=\"text-align: justify;\">Anadolu Ajans\u0131&#8217;ndan yap\u0131lan a\u00e7\u0131klamada, CHP Genel Merkezi&#8217;nden AA&#8217;n\u0131n kurulu\u015f y\u0131l d\u00f6n\u00fcm\u00fcyle ilgili a\u00e7\u0131klamas\u0131n\u0131n kurum \u00e7al\u0131\u015fanlar\u0131n\u0131 adeta \u015fa\u015fk\u0131na \u00e7evirdi\u011fi belirtilerek, &#8221;Zira a\u00e7\u0131klamada ajans \u00fczerinden iktidar partisiyle hesapla\u015fmay\u0131 ama\u00e7layan haks\u0131z su\u00e7lama ve ele\u015ftirilere yer verilmi\u015ftir. CHP Genel Merkezi&#8217;nden yap\u0131lan bu a\u00e7\u0131klama do\u011fum g\u00fcn\u00fcn\u00fc kutlayan bir kuruma nezaketen yap\u0131lmamas\u0131 gereken bir davran\u0131\u015ft\u0131r. Ajans\u0131m\u0131z\u0131n y\u00f6netim tarz\u0131n\u0131 ele\u015ftirmek i\u00e7in y\u0131l d\u00f6n\u00fcm\u00fc kutlamas\u0131n\u0131n yap\u0131ld\u0131\u011f\u0131 g\u00fcn\u00fc se\u00e7mek nas\u0131l bir ileti\u015fim politikas\u0131d\u0131r bunu kamuoyunun takdirine b\u0131rak\u0131yoruz&#8221; denildi.<\/p>\n<p style=\"text-align: justify;\">A\u00e7\u0131klamada, milletin ve \u00fclkenin sesini duyuran AA&#8217;n\u0131n \u015fimdi d\u00fcnyada etkin olmak i\u00e7in yola \u00e7\u0131kt\u0131\u011f\u0131, bu hedefine bas\u0131n camias\u0131ndan, sivil toplum \u00f6rg\u00fctlerinden ve neredeyse her kesimden \u00e7ok b\u00fcy\u00fck destek geldi\u011fi vurgulanarak, &#8221;Siyasi partilerimizden de T\u00fcrkiye&#8217;nin resmi haber ajans\u0131n\u0131n bu milli hedefine ula\u015fmas\u0131 i\u00e7in destek olmas\u0131n\u0131 bekliyor, iddia edilen sorunlar\u0131 uygun zamanlarda diyalogla \u00e7\u00f6zmeyi arzu ediyoruz&#8221; ifadeleri kullan\u0131ld\u0131.<\/p>\n<p style=\"text-align: justify;\">Anadolu Ajans\u0131&#8217;n\u0131n a\u00e7\u0131klamas\u0131nda, \u015funlar kaydedildi: &#8221;Bug\u00fcn baz\u0131 bas\u0131n yay\u0131n organlar\u0131nda Cumhuriyet Halk Partisi&#8217;nden yap\u0131lan bir a\u00e7\u0131klamaya yer verilmi\u015ftir. Bu a\u00e7\u0131klamada kurumumuza y\u00f6nelik haks\u0131z ve as\u0131ls\u0131z ithamlar yer ald\u0131\u011f\u0131ndan cevabi a\u00e7\u0131klama yap\u0131lmas\u0131 gere\u011fi duyulmu\u015ftur. Anadolu Ajans\u0131&#8217;n\u0131n kurulu\u015funun 92. y\u0131l d\u00f6n\u00fcm\u00fc nedeniyle Say\u0131n Cumhurba\u015fkan\u0131m\u0131zdan cemiyet ba\u015fkanlar\u0131na, valilerimizden sade vatanda\u015flar\u0131m\u0131za kadar farkl\u0131 kesimlerden y\u00fczlerce mesaj ajans\u0131m\u0131za ula\u015fm\u0131\u015ft\u0131r. T\u00fcm mesajlar ajans\u0131m\u0131z\u0131n kurulu\u015f y\u0131l d\u00f6n\u00fcm\u00fcn\u00fc kutlayan son derece g\u00fczel temenniler i\u00e7ermektedir.<\/p>\n<p style=\"text-align: justify;\">CHP Genel Merkezi&#8217;nden ajans\u0131m\u0131z\u0131n kurulu\u015f y\u0131l d\u00f6n\u00fcm\u00fcyle ilgili yap\u0131lan a\u00e7\u0131klama ise kurum \u00e7al\u0131\u015fanlar\u0131n\u0131 adeta \u015fa\u015fk\u0131na \u00e7evirmi\u015ftir. Zira a\u00e7\u0131klamada ajans \u00fczerinden iktidar partisiyle hesapla\u015fmay\u0131 ama\u00e7layan haks\u0131z su\u00e7lama ve ele\u015ftirilere yer verilmi\u015ftir. CHP Genel Merkezi&#8217;nden yap\u0131lan bu a\u00e7\u0131klama do\u011fum g\u00fcn\u00fcn\u00fc kutlayan bir kuruma nezaketen yap\u0131lmamas\u0131 gereken bir davran\u0131\u015ft\u0131r. Ajans\u0131m\u0131z\u0131n y\u00f6netim tarz\u0131n\u0131 ele\u015ftirmek i\u00e7in y\u0131l d\u00f6n\u00fcm\u00fc kutlamas\u0131n\u0131n yap\u0131ld\u0131\u011f\u0131 g\u00fcn\u00fc se\u00e7mek nas\u0131l bir ileti\u015fim politikas\u0131d\u0131r bunu kamuoyunun takdirine b\u0131rak\u0131yoruz.<\/p>\n<p style=\"text-align: justify;\">\u00d6te yandan a\u00e7\u0131klaman\u0131n i\u00e7eri\u011fi t\u00fcm\u00fcyle as\u0131ls\u0131z ithamlardan ibarettir. Anadolu Ajans\u0131 hi\u00e7bir siyasi partinin ya da kesimin sesi, s\u00f6zc\u00fcs\u00fc de\u011fildir. Tarafs\u0131z ve ilkeli yay\u0131nlar\u0131yla T\u00fcrkiye&#8217;nin en sayg\u0131n kurumlar\u0131ndan biridir. Ajans\u0131m\u0131zda \u00e7al\u0131\u015fanlara bask\u0131 yap\u0131ld\u0131\u011f\u0131, sans\u00fcr uyguland\u0131\u011f\u0131 iddialar\u0131 kurumumuzdan yap\u0131lan a\u00e7\u0131klamalarla, somut verilerle defalarca yalanlanm\u0131\u015ft\u0131r.<\/p>\n<p style=\"text-align: justify;\">CHP \u0131srarl\u0131 bir \u015fekilde y\u00f6neticilerinin haberlerini yay\u0131mlamad\u0131\u011f\u0131m\u0131z\u0131 ya da az yay\u0131mlad\u0131\u011f\u0131m\u0131z\u0131 iddia etmektedir. Oysa CHP ile ilgili yay\u0131mlanan haber say\u0131s\u0131 bile bu iddian\u0131n do\u011fru olmad\u0131\u011f\u0131n\u0131 g\u00f6stermektedir. Ge\u00e7ti\u011fimiz mart ay\u0131nda CHP ve y\u00f6neticilerine ait toplam 261 haber, 439 foto\u011fraf ve 74 video g\u00f6r\u00fcnt\u00fc yay\u0131mlanm\u0131\u015ft\u0131r. Neredeyse her g\u00fcn 10 haber yay\u0131mlamaktay\u0131z. Ajans\u0131m\u0131z\u0131n parlamento haberleri edit\u00f6rl\u00fc\u011f\u00fc mart ay\u0131nda CHP y\u00f6neticilerinin yapt\u0131\u011f\u0131 40 bas\u0131n toplant\u0131s\u0131n\u0131 bizzat izleyerek 94 haber yapm\u0131\u015ft\u0131r. Yine mart ay\u0131nda AK Parti milletvekillerinin d\u00fczenledi\u011fi 8 bas\u0131n toplant\u0131s\u0131 izlenmi\u015f ve Say\u0131n Ba\u015fbakan Erdo\u011fan&#8217;\u0131n grup konu\u015fmalar\u0131, bakanlar\u0131n a\u00e7\u0131klamalar\u0131 da dahil 88 haber yap\u0131lm\u0131\u015ft\u0131r. G\u00f6r\u00fcld\u00fc\u011f\u00fc gibi AK Parti haberleri CHP haberlerinden daha azd\u0131r. Bu durumda ajans\u0131m\u0131z nas\u0131l AK Parti&#8217;nin sesi oluyor anlam\u0131\u015f de\u011filiz.<\/p>\n<p style=\"text-align: justify;\">Ajans\u0131m\u0131z haber de\u011feri ta\u015f\u0131yan her a\u00e7\u0131klamay\u0131 yay\u0131mlar. H\u00fck\u00fcmet icraatlar\u0131n\u0131 haberle\u015ftirmekle siyasi partilerin s\u00f6zc\u00fcs\u00fc olunmaz. Ajans\u0131m\u0131z CHP y\u00f6netiminden yap\u0131lan bu talihsiz a\u00e7\u0131klamalar\u0131 ve zamanlamas\u0131n\u0131 esefle kar\u015f\u0131lam\u0131\u015ft\u0131r. B\u00fcy\u00fck bir at\u0131l\u0131m i\u00e7erisinde, 2020;de ula\u015faca\u011f\u0131 100. y\u0131l\u0131nda d\u00fcnyan\u0131n en etkin ajanslar\u0131ndan biri olmak i\u00e7in \u00e7aba harcayan kurumumuz, \u00e7al\u0131\u015fanlar\u0131yla hedefine do\u011fru kararl\u0131 bir \u015fekilde y\u00fcr\u00fcmektedir.<\/p>\n<p style=\"text-align: justify;\">Bu kurum milletin ve \u00fclkenin sesini duyuruyor. \u015eimdi d\u00fcnyada etkin olmak i\u00e7in yola \u00e7\u0131kt\u0131. Ajans\u0131m\u0131z\u0131n bu hedefine bas\u0131n camias\u0131ndan, sivil toplum \u00f6rg\u00fctlerinden ve neredeyse her kesimden \u00e7ok b\u00fcy\u00fck destek gelmi\u015ftir. Siyasi partilerimizden de T\u00fcrkiye&#8217;nin resmi haber ajans\u0131n\u0131n bu milli hedefine ula\u015fmas\u0131 i\u00e7in destek olmas\u0131n\u0131 bekliyor, iddia edilen sorunlar\u0131 uygun zamanlarda diyalogla \u00e7\u00f6zmeyi arzu ediyoruz. Abonelerimize ve kamuoyuna sayg\u0131lar\u0131m\u0131zla duyururuz.&#8221;<\/p>\n<p style=\"text-align: justify;\"><a href=\"http:\/\/www.gazeteport.com.tr\/haber\/88732\/aa\" target=\"_blank\">Kaynak : GAZETEPORT<\/a><\/p>\n","protected":false},"excerpt":{"rendered":"<p style=\"text-align: center;\">\n<p style=\"text-align: justify;\">Anadolu Ajans\u0131, CHP Genel Ba\u015fkan\u0131 Kemal K\u0131l\u0131\u00e7daro\u011flu\u2019nun AA\u2019n\u0131n 92. y\u0131l\u0131na ili\u015fkin a\u00e7\u0131klamas\u0131n\u0131 servise koymad\u0131. CHP bu duruma yaz\u0131l\u0131 a\u00e7\u0131klamayla tepki g\u00f6sterirken, ajans bir a\u00e7\u0131klama yapt\u0131 ve &#8220;\u015ea\u015fk\u0131na d\u00f6nd\u00fck&#8221; dedi.<\/p>\n<p style=\"text-align: justify;\">ANKARA -CHP\u2019den yap\u0131lan yaz\u0131l\u0131 a\u00e7\u0131klamada, \u201cEle\u015ftiri var diye Kemal K\u0131l\u0131\u00e7daro\u011flu\u2019nun a\u00e7\u0131klamas\u0131n\u0131n haber yap\u0131lmamas\u0131, gazetecilik ve habercilik anlay\u0131\u015f\u0131ndaki \u00e7arp\u0131kl\u0131\u011f\u0131, ele\u015ftiriye <\/p>\n","protected":false},"author":1,"featured_media":0,"comment_status":"open","ping_status":"open","sticky":false,"template":"","format":"standard","meta":{"footnotes":""},"categories":[105],"tags":[],"class_list":["post-50467","post","type-post","status-publish","format-standard","hentry","category-gundem","odd"],"_links":{"self":[{"href":"http:\/\/www.korhanyilmaz.com\/index.php?rest_route=\/wp\/v2\/posts\/50467","targetHints":{"allow":["GET"]}}],"collection":[{"href":"http:\/\/www.korhanyilmaz.com\/index.php?rest_route=\/wp\/v2\/posts"}],"about":[{"href":"http:\/\/www.korhanyilmaz.com\/index.php?rest_route=\/wp\/v2\/types\/post"}],"author":[{"embeddable":true,"href":"http:\/\/www.korhanyilmaz.com\/index.php?rest_route=\/wp\/v2\/users\/1"}],"replies":[{"embeddable":true,"href":"http:\/\/www.korhanyilmaz.com\/index.php?rest_route=%2Fwp%2Fv2%2Fcomments&post=50467"}],"version-history":[{"count":0,"href":"http:\/\/www.korhanyilmaz.com\/index.php?rest_route=\/wp\/v2\/posts\/50467\/revisions"}],"wp:attachment":[{"href":"http:\/\/www.korhanyilmaz.com\/index.php?rest_route=%2Fwp%2Fv2%2Fmedia&parent=50467"}],"wp:term":[{"taxonomy":"category","embeddable":true,"href":"http:\/\/www.korhanyilmaz.com\/index.php?rest_route=%2Fwp%2Fv2%2Fcategories&post=50467"},{"taxonomy":"post_tag","embeddable":true,"href":"http:\/\/www.korhanyilmaz.com\/index.php?rest_route=%2Fwp%2Fv2%2Ftags&post=50467"}],"curies":[{"name":"wp","href":"https:\/\/api.w.org\/{rel}","templated":true}]}}