{"id":50459,"date":"2012-04-11T18:01:42","date_gmt":"2012-04-11T15:01:42","guid":{"rendered":"http:\/\/www.korhanyilmaz.com\/?p=50459"},"modified":"2012-04-11T20:32:37","modified_gmt":"2012-04-11T17:32:37","slug":"endonezyayi-8-6lik-deprem-vurdu","status":"publish","type":"post","link":"http:\/\/www.korhanyilmaz.com\/?p=50459","title":{"rendered":"Endonezya&#8217;y\u0131 8.6&#8217;l\u0131k deprem vurdu!"},"content":{"rendered":"<p style=\"text-align: justify;\"><a href=\"http:\/\/www.korhanyilmaz.com\/wp-content\/uploads\/2012\/04\/B0002.jpg\"  class=\"lightview\"><img loading=\"lazy\" decoding=\"async\" class=\"aligncenter  wp-image-50460\" src=\"http:\/\/www.korhanyilmaz.com\/wp-content\/uploads\/2012\/04\/B0002.jpg\" alt=\"\" width=\"320\" height=\"246\" \/><\/a><\/p>\n<p style=\"text-align: justify;\">Endonezya&#8217;n\u0131n A\u00e7e Adas\u0131 a\u00e7\u0131klar\u0131nda b\u00fcy\u00fck bir deprem meydana geldi. \u0130lk anda 8.9 olarak a\u00e7\u0131klanan depremin b\u00fcy\u00fckl\u00fc\u011f\u00fc \u00f6nce 8.7&#8217;ye, sonra da 8.6&#8217;ya \u00e7ekildi. Depremin ard\u0131ndan 8.2 ve 8.3 b\u00fcy\u00fckl\u00fc\u011f\u00fcnde iki art\u00e7\u0131 \u015fok kaydedildi. Depremin ard\u0131ndan ilk tsunami dalgalar\u0131 g\u00fcneydeki Nias adas\u0131na ula\u015ft\u0131.<\/p>\n<p style=\"text-align: justify;\">Eyalet ba\u015fkenti Banda A\u00e7e&#8217;nin 495 kilometre uzakl\u0131\u011f\u0131nda bug\u00fcn meydana gelen 8.6&#8217;l\u0131k depremin, denizin 33 kilometre derinli\u011finde meydana geldi\u011fi belirtildi.<\/p>\n<p style=\"text-align: justify;\">Tsunami Uyar\u0131 Merkezi, bu \u015fiddette bir depremin b\u00fct\u00fcn Hint Okyanusu k\u0131y\u0131lar\u0131n\u0131 etkileyebilecek b\u00fcy\u00fckl\u00fckte tsunami dalgalar\u0131na yol a\u00e7abilece\u011fini a\u00e7\u0131klad\u0131.<\/p>\n<p style=\"text-align: justify;\">A\u00e7e&#8217;de ya\u015fayanlar\u0131n, y\u00fcksek kesimlere do\u011fru ka\u00e7maya ba\u015flad\u0131\u011f\u0131 bildirildi.<\/p>\n<p style=\"text-align: justify;\">Endonezya Devlet Ba\u015fkan\u0131 Susilo Bambang da &#8220;Alarmday\u0131z. \u015eu an i\u00e7in tsunami tehdidi bulunmuyor. Hasar ve can kayb\u0131 oldu\u011funa dair bir bilgi yok&#8221; a\u00e7\u0131klamas\u0131nda bulundu.<\/p>\n<p style=\"text-align: justify;\">Sosyal payla\u015f\u0131m sitesi Twitter kullan\u0131c\u0131lar\u0131, depremin, Singapur, Tayland, Malezya ve Hindistan&#8217;da da hissedildi\u011fini yazd\u0131.<\/p>\n<p style=\"text-align: justify;\"><strong>8.2&#8217;lik art\u00e7\u0131\u00a0<\/strong><\/p>\n<p style=\"text-align: justify;\">Depremin en b\u00fcy\u00fck art\u00e7\u0131s\u0131 8.2 b\u00fcy\u00fckl\u00fc\u011f\u00fcnde oldu. Bu art\u00e7\u0131n\u0131n ard\u0131ndan yeniden 2 saatli\u011fine tsunami uyar\u0131s\u0131 yap\u0131ld\u0131.<\/p>\n<p style=\"text-align: justify;\"><a href=\"http:\/\/www.korhanyilmaz.com\/wp-content\/uploads\/2012\/04\/B0003.jpg\"  class=\"lightview\"><img loading=\"lazy\" decoding=\"async\" class=\"aligncenter  wp-image-50461\" src=\"http:\/\/www.korhanyilmaz.com\/wp-content\/uploads\/2012\/04\/B0003.jpg\" alt=\"\" width=\"406\" height=\"259\" \/><\/a><\/p>\n<p style=\"text-align: justify;\"><strong>\u0130lk tsunami dalgalar\u0131 Nias&#8217;a ula\u015ft\u0131\u00a0<\/strong><\/p>\n<p style=\"text-align: justify;\">\u00d6te yandan 8.6 b\u00fcy\u00fckl\u00fc\u011f\u00fcndeki depremin ard\u0131ndan ilk tsunami dalgalar\u0131 g\u00fcneydeki Nias adas\u0131na ula\u015ft\u0131.<\/p>\n<p style=\"text-align: justify;\">Endonezya Jeofizik Enstit\u00fcs\u00fc, A\u00e7e eyaletinin kuzey ve bat\u0131 k\u0131y\u0131lar\u0131nda deniz seviyesinin 80 santimetre y\u00fckseldi\u011fini, depremin merkez \u00fcss\u00fcne yak\u0131n b\u00f6lgede suyun 10 metre \u00e7ekildi\u011fini bildirdi.<\/p>\n<p style=\"text-align: justify;\">ABD tsunami uyar\u0131 merkezinden Barry Hirshorn, okyanus \u00f6tesi bir tahribat beklemediklerini, ancak depremin merkez \u00fcss\u00fcne yak\u0131n b\u00f6lgelerde, \u00f6zellikle Sumatra&#8217;n\u0131n kuzeyinde y\u0131k\u0131m olabilece\u011fini kaydetti.<\/p>\n<p style=\"text-align: justify;\">Alman Jeolojik Ara\u015ft\u0131rmalar Merkezi (GFZ) ise ikinci b\u00fcy\u00fck sars\u0131nt\u0131ya ra\u011fmen tsunami tehlikesinin y\u00fcksek olmad\u0131\u011f\u0131n\u0131 belirtti. Bilim adam\u0131 Rainer Kind, depremin etkisinin yatay oldu\u011funu, bu nedenle tsunamilerin fazla y\u00fcksek olmas\u0131n\u0131\u00a0beklemediklerini s\u00f6yledi.<\/p>\n<p style=\"text-align: justify;\">Endonezya d\u0131\u015f\u0131ndaki \u00fclkelerde ise tsunami uyar\u0131s\u0131 kald\u0131r\u0131ld\u0131.<\/p>\n<p style=\"text-align: justify;\"><a href=\"http:\/\/www.korhanyilmaz.com\/wp-content\/uploads\/2012\/04\/B0004.jpg\"  class=\"lightview\"><img loading=\"lazy\" decoding=\"async\" class=\"aligncenter  wp-image-50462\" src=\"http:\/\/www.korhanyilmaz.com\/wp-content\/uploads\/2012\/04\/B0004.jpg\" alt=\"\" width=\"406\" height=\"252\" \/><\/a><\/p>\n<p style=\"text-align: justify;\"><strong>Depremi ya\u015fayanlar anlat\u0131yor&#8230;\u00a0<\/strong><\/p>\n<p style=\"text-align: justify;\">Banda A\u00e7e&#8217;de bulunan T\u00fcrk \u00f6\u011fretmen Hasan Y\u0131lmaz, Endonezya&#8217;da meydana gelen deprem sonras\u0131nda Banda A\u00e7e \u015fehrinde y\u0131k\u0131m meydana gelmedi\u011fini, ancak tsunami olabilece\u011fi endi\u015fesiyle panik ya\u015fand\u0131\u011f\u0131n\u0131 bildirdi.<\/p>\n<p style=\"text-align: justify;\"><strong>T\u00fcrk B\u00fcy\u00fckel\u00e7ili\u011fi&#8217;nden a\u00e7\u0131klama\u00a0<\/strong><\/p>\n<p style=\"text-align: justify;\">T\u00fcrkiye&#8217;nin Cakarta B\u00fcy\u00fckel\u00e7ili\u011fi de Endonezya&#8217;daki depremden sonra, b\u00f6lgede ya\u015fayan T\u00fcrk vatanda\u015flar\u0131ndan yaralanan ya da hayat\u0131n\u0131 kaybeden bulunmad\u0131\u011f\u0131n\u0131 bildirdi.<\/p>\n<p style=\"text-align: justify;\"><a href=\"http:\/\/www.korhanyilmaz.com\/wp-content\/uploads\/2012\/04\/B0005.jpg\"  class=\"lightview\"><img loading=\"lazy\" decoding=\"async\" class=\"aligncenter  wp-image-50463\" src=\"http:\/\/www.korhanyilmaz.com\/wp-content\/uploads\/2012\/04\/B0005.jpg\" alt=\"\" width=\"406\" height=\"238\" \/><\/a><\/p>\n<p style=\"text-align: justify;\"><strong>&#8220;Pasifik Ate\u015f \u00c7emberi&#8221;\u00a0<\/strong><\/p>\n<p style=\"text-align: justify;\">Endonezya, \u201cPasifik Ate\u015f \u00c7emberi\u201d olarak tabir edilen ve s\u0131k s\u0131k deprem, tsunami ve yanarda\u011f patlamalar\u0131n\u0131n oldu\u011fu b\u00f6lgede bulunuyor.<\/p>\n<p style=\"text-align: justify;\">\u00dclkede, 26 Aral\u0131k 2004&#8217;de 9 b\u00fcy\u00fckl\u00fc\u011f\u00fcnde meydana gelen deprem ve ard\u0131ndan olu\u015fan tsunamide 230 bin ki\u015fi hayat\u0131n\u0131 kaybetti. A\u00e7e b\u00f6lgesinde ise en son Ocak 2012&#8217;de 7.3 b\u00fcy\u00fckl\u00fc\u011f\u00fcnde bir deprem oldu.<\/p>\n<hr \/>\n<p style=\"text-align: justify;\"><strong>SON D\u00d6NEMDE YA\u015eANAN EN B\u00dcY\u00dcK DEPREMLER\u00a0<\/strong><\/p>\n<p style=\"text-align: justify;\">Aral\u0131k 2004: Asya &#8211; Endonezya&#8217;ya ba\u011fl\u0131 Sumatra adas\u0131 a\u00e7\u0131klar\u0131nda 9.1 b\u00fcy\u00fckl\u00fc\u011f\u00fcndeki deprem ve ard\u0131ndan gelen tsunami, 10 kadar kom\u015fu \u00fclkeyi etkiledi, 270 bin ki\u015fi \u00f6ld\u00fc ya da kayboldu.<\/p>\n<p style=\"text-align: justify;\"><strong><span style=\"text-decoration: underline;\">Mart 2005:<\/span> <\/strong>Endonezya &#8211; Sumatra a\u00e7\u0131klar\u0131ndaki Nias adas\u0131 yak\u0131nlar\u0131nda 8.6 b\u00fcy\u00fckl\u00fc\u011f\u00fcndeki depremde 1313 ki\u015fi hayat\u0131n\u0131 kaybetti.<\/p>\n<p style=\"text-align: justify;\"><strong><span style=\"text-decoration: underline;\">\u015eubat 2010:<\/span> <\/strong>\u015eili &#8211; 8.8 b\u00fcy\u00fckl\u00fc\u011f\u00fcndeki depremde 524 ki\u015fi \u00f6ld\u00fc.<\/p>\n<p style=\"text-align: justify;\"><strong><span style=\"text-decoration: underline;\">Mart 2011:<\/span><\/strong> Japonya &#8211; Do\u011fu k\u0131y\u0131lar\u0131 a\u00e7\u0131klar\u0131nda meydana gelen 9 b\u00fcy\u00fckl\u00fc\u011f\u00fcndeki deprem ve ard\u0131ndan olu\u015fan tsunamide yakla\u015f\u0131k 16 bin ki\u015fi hayat\u0131n\u0131 kaybetti.<\/p>\n<p style=\"text-align: justify;\"><a href=\"http:\/\/www.cnnturk.com\/2012\/dunya\/04\/11\/endonezyayi.8.6lik.deprem.vurdu\/656846.0\/index.html\" target=\"_blank\">Kaynak : CNN T\u00dcRK<\/a><\/p>\n<p style=\"text-align: justify;\">\n","protected":false},"excerpt":{"rendered":"<p style=\"text-align: justify;\">\n<p style=\"text-align: justify;\">Endonezya&#8217;n\u0131n A\u00e7e Adas\u0131 a\u00e7\u0131klar\u0131nda b\u00fcy\u00fck bir deprem meydana geldi. \u0130lk anda 8.9 olarak a\u00e7\u0131klanan depremin b\u00fcy\u00fckl\u00fc\u011f\u00fc \u00f6nce 8.7&#8217;ye, sonra da 8.6&#8217;ya \u00e7ekildi. Depremin ard\u0131ndan 8.2 ve 8.3 b\u00fcy\u00fckl\u00fc\u011f\u00fcnde iki art\u00e7\u0131 \u015fok kaydedildi. Depremin ard\u0131ndan ilk tsunami dalgalar\u0131 g\u00fcneydeki Nias adas\u0131na ula\u015ft\u0131.<\/p>\n<p style=\"text-align: justify;\">Eyalet ba\u015fkenti Banda A\u00e7e&#8217;nin 495 kilometre uzakl\u0131\u011f\u0131nda <\/p>\n","protected":false},"author":1,"featured_media":0,"comment_status":"open","ping_status":"open","sticky":false,"template":"","format":"standard","meta":{"footnotes":""},"categories":[105],"tags":[],"class_list":["post-50459","post","type-post","status-publish","format-standard","hentry","category-gundem","odd"],"_links":{"self":[{"href":"http:\/\/www.korhanyilmaz.com\/index.php?rest_route=\/wp\/v2\/posts\/50459","targetHints":{"allow":["GET"]}}],"collection":[{"href":"http:\/\/www.korhanyilmaz.com\/index.php?rest_route=\/wp\/v2\/posts"}],"about":[{"href":"http:\/\/www.korhanyilmaz.com\/index.php?rest_route=\/wp\/v2\/types\/post"}],"author":[{"embeddable":true,"href":"http:\/\/www.korhanyilmaz.com\/index.php?rest_route=\/wp\/v2\/users\/1"}],"replies":[{"embeddable":true,"href":"http:\/\/www.korhanyilmaz.com\/index.php?rest_route=%2Fwp%2Fv2%2Fcomments&post=50459"}],"version-history":[{"count":0,"href":"http:\/\/www.korhanyilmaz.com\/index.php?rest_route=\/wp\/v2\/posts\/50459\/revisions"}],"wp:attachment":[{"href":"http:\/\/www.korhanyilmaz.com\/index.php?rest_route=%2Fwp%2Fv2%2Fmedia&parent=50459"}],"wp:term":[{"taxonomy":"category","embeddable":true,"href":"http:\/\/www.korhanyilmaz.com\/index.php?rest_route=%2Fwp%2Fv2%2Fcategories&post=50459"},{"taxonomy":"post_tag","embeddable":true,"href":"http:\/\/www.korhanyilmaz.com\/index.php?rest_route=%2Fwp%2Fv2%2Ftags&post=50459"}],"curies":[{"name":"wp","href":"https:\/\/api.w.org\/{rel}","templated":true}]}}