{"id":50455,"date":"2012-04-11T16:50:15","date_gmt":"2012-04-11T13:50:15","guid":{"rendered":"http:\/\/www.korhanyilmaz.com\/?p=50455"},"modified":"2012-04-11T18:50:35","modified_gmt":"2012-04-11T15:50:35","slug":"cumhuriyet-tarihinde-boyle-rezalet-gorulmedi","status":"publish","type":"post","link":"http:\/\/www.korhanyilmaz.com\/?p=50455","title":{"rendered":"&#8220;Cumhuriyet tarihinde b\u00f6yle rezalet g\u00f6r\u00fclmedi&#8221;"},"content":{"rendered":"<p style=\"text-align: center;\"><a href=\"http:\/\/www.korhanyilmaz.com\/wp-content\/uploads\/2012\/04\/B0001.jpg\"  class=\"lightview\"><img loading=\"lazy\" decoding=\"async\" class=\"aligncenter  wp-image-50456\" src=\"http:\/\/www.korhanyilmaz.com\/wp-content\/uploads\/2012\/04\/B0001.jpg\" alt=\"\" width=\"306\" height=\"237\" \/><\/a><\/p>\n<p style=\"text-align: justify;\">&#8220;\u00d6rg\u00fct ve nitelikli doland\u0131r\u0131c\u0131l\u0131k&#8221; su\u00e7lamalar\u0131 yer almayan Deniz Feneri iddianamesi, CHP liderinin de g\u00fcndemindeydi. K\u0131l\u0131\u00e7daro\u011flu, olay\u0131 soru\u015fturan \u00fc\u00e7 savc\u0131n\u0131n yarg\u0131land\u0131\u011f\u0131n\u0131 hat\u0131rlatt\u0131, &#8221;Cumhuriyet tarihinde b\u00f6yle bir rezalet g\u00f6r\u00fclmedi&#8221; dedi.<\/p>\n<p style=\"text-align: justify;\">K\u0131l\u0131\u00e7daro\u011flu, partisinin grup toplant\u0131s\u0131nda yapt\u0131\u011f\u0131 konu\u015fmada, \u0130kinci &#8220;Ergenekon&#8221; davas\u0131 kapsam\u0131nda tutuklu yarg\u0131lanan CHP Zonguldak Milletvekili Prof. Dr. Mehmet Haberal&#8217;\u0131n annesinin Zonguldak&#8217;taki cenaze t\u00f6renine kat\u0131ld\u0131klar\u0131n\u0131, milletvekilleri ve \u00e7ok say\u0131da Zonguldakl\u0131&#8217;n\u0131n Haberal&#8217;\u0131n ac\u0131s\u0131n\u0131 payla\u015ft\u0131\u011f\u0131n\u0131 s\u00f6yledi.<!--more--><\/p>\n<p style=\"text-align: justify;\">Haberal&#8217;\u0131n iste\u011finin, annesini \u00f6lmeden \u00f6nce son bir kez g\u00f6rmek oldu\u011funu anlatan K\u0131l\u0131\u00e7daro\u011flu, &#8220;(G\u00f6reyim, helallik alay\u0131m, sonra hapis mi s\u00fcrg\u00fcn m\u00fc idam m\u0131 hepsine raz\u0131y\u0131m) diyordu Say\u0131n Haberal. Bir kanun teklifi getirdiler ama \u00e7\u0131karmad\u0131lar. Ben merak ediyorum; bir insan\u0131n, annenin ne kadar de\u011ferli oldu\u011funu bilmemesi m\u00fcmk\u00fcn de\u011fil. Say\u0131n Ba\u015fbakan&#8217;\u0131n annesi vefat etti\u011finde g\u00f6zya\u015flar\u0131n\u0131 tutamad\u0131. Biz de \u00fcz\u00fcld\u00fck. Peki Say\u0131n Haberal&#8217;\u0131n annesi anne de\u011fil mi? Neden ona izin vermiyorsunuz?&#8221; diye konu\u015ftu.<\/p>\n<p style=\"text-align: justify;\">Mehmet Haberal&#8217;\u0131n, her \u015feyi kabul etti\u011fini, ancak neden hapiste oldu\u011funu anlayamad\u0131\u011f\u0131n\u0131 belirten K\u0131l\u0131\u00e7daro\u011flu, kendisinin, se\u00e7ilmi\u015f bir ki\u015fi olarak Parlamento&#8217;da g\u00f6revini yapmak istedi\u011fini s\u00f6yledi.<\/p>\n<p style=\"text-align: justify;\">&#8220;Ancak ortada ne anayasa ne de hukuk oldu\u011funu&#8221; savunan K\u0131l\u0131\u00e7daro\u011flu, &#8220;Silivri toplama kamp\u0131n\u0131n oldu\u011fu \u00fclkede demokrasiden, adaletten s\u00f6z edilemez. Sen iktidars\u0131n, vicdan\u0131n s\u0131zl\u0131yorsa gere\u011fini yapars\u0131n. Protokol imzalad\u0131k. Neden gere\u011fini yapm\u0131yorsun. Bir \u015feyin alt\u0131na at\u0131lan imza, o ki\u015finin namusudur, ona sahip \u00e7\u0131ks\u0131nlar&#8221; dedi.<\/p>\n<p style=\"text-align: justify;\">K\u0131l\u0131\u00e7daro\u011flu, H\u00fck\u00fcmet&#8217;in, &#8220;A\u0130HM&#8217;de rezil olmamak i\u00e7in Silivri Hapishanesi Devlet Hastanesi kurdu\u011funu&#8221;, bunu bir komedi olarak de\u011ferlendirdiklerini s\u00f6yledi.<\/p>\n<p style=\"text-align: justify;\"><strong>DEN\u0130Z FENER\u0130 DAVASI<\/strong><\/p>\n<p style=\"text-align: justify;\"><strong>&#8220;Yolsuzluklar\u0131 tescillenmi\u015f bir h\u00fck\u00fcmet&#8221;<\/strong><\/p>\n<p style=\"text-align: justify;\">Yarg\u0131 sistemini ele\u015ftiren K\u0131l\u0131\u00e7daro\u011flu, sahte deliller \u00fcretilerek yarg\u0131lama yap\u0131ld\u0131\u011f\u0131n\u0131, avukatlara belgeler verilmedi\u011fini, savunma yapanlar\u0131n, yapt\u0131klar\u0131 savunmadan dolay\u0131 mahkum oldu\u011funu ileri s\u00fcrd\u00fc.<\/p>\n<p style=\"text-align: justify;\">K\u0131l\u0131\u00e7daro\u011flu, \u015f\u00f6yle devam etti:<\/p>\n<p style=\"text-align: justify;\">&#8220;(Adalet) diyeceksiniz&#8230; Bunlarda adaletin A&#8217;s\u0131 bile yok. Kim &#8216;yarg\u0131&#8217; diyorsa, yarg\u0131da hak ar\u0131yorsa ba\u015fvuraca\u011f\u0131 ilk yer ya AKP milletvekili ya da AKP il ba\u015fkan\u0131. Onlara yetkili bir makam daha s\u00f6yleyeyim, HSYK. Oraya da gidin, rica edin beraat\u0131n\u0131z i\u00e7in arac\u0131l\u0131k yaps\u0131nlar. Bu rezilli\u011fi nas\u0131l g\u00f6rmezsiniz? Deniz Feneri davas\u0131na bak\u0131n. B\u00f6yle bir rezalet, T\u00fcrkiye Cumhuriyeti tarihinde g\u00f6r\u00fclmedi.<\/p>\n<p style=\"text-align: justify;\">&#8216;Y\u00fczy\u0131l\u0131n soygunu&#8217; diyor Almanlar. &#8216;As\u0131l failler T\u00fcrkiye&#8217;de&#8217; deniliyor. Ama onlar Recep Tayyip Erdo\u011fan&#8217;\u0131n koltuklar\u0131n\u0131n alt\u0131nda. Bu \u00fclkede h\u0131rs\u0131zl\u0131k yapmak, Recep Tayyip Erdo\u011fan&#8217;\u0131n g\u00fcvencesi alt\u0131nda, serbesttir.<\/p>\n<p style=\"text-align: justify;\">\u00dc\u00e7 tane y\u00fcrekli savc\u0131 olay\u0131 soru\u015fturacaklar. G\u00f6revden al\u0131n\u0131yorlar. Ellerinden dosyalar al\u0131n\u0131yor. \u015eimdi onlar yarg\u0131lan\u0131yorlar. Bunlar ne yapt\u0131? Yolsuzluk mu yapt\u0131lar, kul hakk\u0131 m\u0131 zekat paras\u0131 m\u0131 hac paras\u0131 m\u0131 yediler? Kul hakk\u0131 yiyenlerden, haram lokma yiyenlerden hesap sormak istediler. Bu h\u00fck\u00fcmet yolsuzluklar\u0131 tescillenmi\u015f bir h\u00fck\u00fcmettir. Takipsizlik verseydiniz \u00fc\u00e7\u00fcn\u00fcz de Yarg\u0131tay \u00fcyesiydiniz \u015fimdi. Ama onlar onurlu insanlar. Ald\u0131klar\u0131 e\u011fitimin hakk\u0131n\u0131 veren insanlar. Yurtta\u015f ad\u0131na g\u00f6rev yap\u0131yorlard\u0131, onlar Cumhuriyetin savc\u0131lar\u0131yd\u0131. Di\u011fer savc\u0131lar AKP&#8217;nin savc\u0131lar\u0131. Onlar Cumhuriyetin savc\u0131lar\u0131 de\u011fil.&#8221;<\/p>\n<p style=\"text-align: justify;\">K\u0131l\u0131\u00e7daro\u011flu, Deniz Feneri gibi bir davan\u0131n, gazetelerin birinci sayfas\u0131nda sadece k\u00fc\u00e7\u00fck bir haber olarak yap\u0131lamayaca\u011f\u0131n\u0131 s\u00f6yledi.<\/p>\n<p style=\"text-align: justify;\">TBMM Ba\u015fkan\u0131 Cemil \u00c7i\u00e7ek&#8217;e, &#8220;Hapisteki milletvekillerinin sorunu senin sorunundur. \u00c7\u00f6zecek olan sensin. Protokol i\u00e7in bizi bir araya getiren de &#8216;protokol\u00fcn gere\u011fi niye yerine getirilmiyor&#8217; diye soracak olan da sensin&#8221; diye seslenen K\u0131l\u0131\u00e7daro\u011flu, &#8220;Meclis&#8217;ten bin 500 ki\u015fiyi atacaks\u0131n, ba\u015fka yerlere g\u00f6ndereceksin, bin 500 ki\u015fiyi nas\u0131l se\u00e7eceksin? Madem fazla vard\u0131 10 y\u0131l i\u00e7inde Meclis&#8217;e kimler al\u0131nd\u0131?&#8221; diye sordu.<\/p>\n<p style=\"text-align: justify;\"><strong>\u0130N\u00d6N\u00dc&#8217;N\u00dcN K\u0130TAPLARI YASAKLAMASI\u00a0<\/strong><\/p>\n<p style=\"text-align: justify;\"><strong>&#8220;Bir hurafenin \u00f6n\u00fcne ge\u00e7mek istemi\u015f&#8221;<\/strong><\/p>\n<p style=\"text-align: justify;\">K\u0131l\u0131\u00e7daro\u011flu, siyaset adam\u0131n\u0131n g\u00f6revinin halka hesap vermek, halk\u0131n sorunlar\u0131n\u0131 \u00e7\u00f6zmek, halkla b\u00fct\u00fcnle\u015fmek oldu\u011funu vurgulad\u0131.<\/p>\n<p style=\"text-align: justify;\">Ba\u015fbakan Recep Tayyip Erdo\u011fan&#8217;\u0131n Konya&#8217;da yapt\u0131\u011f\u0131 bir konu\u015fmay\u0131 an\u0131msatan K\u0131l\u0131\u00e7daro\u011flu, \u015f\u00f6yle devam etti:<\/p>\n<p style=\"text-align: justify;\">&#8220;\u0130smet \u0130n\u00f6n\u00fc&#8217;n\u00fcn 1944 tarihinde iki din kitab\u0131n\u0131 yasaklad\u0131\u011f\u0131n\u0131 s\u00f6yledi. Kararnameyi buldum. Cumhurba\u015fkan\u0131 olarak \u0130smet \u0130n\u00f6n\u00fc, do\u011fru, iki kitab\u0131 yasaklatm\u0131\u015f. &#8216;Bu iki kitap nedir, neden yasaklanm\u0131\u015f&#8217; diye ara\u015ft\u0131rd\u0131k. \u0130smet \u0130n\u00f6n\u00fc ki dini siyasete alet etmeme konusunda son derece duyarl\u0131 bir insan. Bu iki kitaptan biri, Burdurlu Abidin Karaaslan&#8217;\u0131n yazd\u0131\u011f\u0131 T\u00fcrk\u00e7e Namaz S\u00fcreleri isimli kitap. \u0130\u00e7eri\u011fine bakt\u0131m. Namazda okudu\u011fumuz Kunut dualar\u0131n\u0131n eksik oldu\u011funu g\u00f6r\u00fcyoruz. Ayeti eksik yazarsan\u0131z tahrifat yapm\u0131\u015f olursunuz. Bir kutsal kitab\u0131n ayetini tahrif etmeye hi\u00e7 kimsenin hakk\u0131 da yetkisi de yoktur. \u0130n\u00f6n\u00fc bunu g\u00f6r\u00fcyor. Bu s\u00f6zde din kitab\u0131nda &#8216;\u00d6b\u00fcr d\u00fcnyaya imans\u0131z gitmemek i\u00e7in \u00fcstad\u0131n\u0131n s\u00f6z\u00fcn\u00fc tutacaks\u0131n&#8217; diyor. Buradan s\u00f6yl\u00fcyorum. Biber gaz\u0131 h\u00fck\u00fcmetinin Ba\u015fbakan\u0131 duysun. Senin \u00fcstad\u0131n Erbakan&#8217;d\u0131. Sen s\u00f6z\u00fcn\u00fc tuttun mu? Tutmad\u0131n. \u015eimdi bu kitap sana &#8216;imans\u0131z&#8217; diyor.<\/p>\n<p style=\"text-align: justify;\">Yine bu kitapta, &#8216;Erkekler b\u0131y\u0131klar\u0131n\u0131 keserlerse \u00f6b\u00fcr d\u00fcnyaya imans\u0131z gider&#8217; diyor. Senin milletvekillerinin i\u00e7inde ka\u00e7 tane b\u0131y\u0131ks\u0131z var. Tamam\u0131 \u00f6b\u00fcr d\u00fcnyaya imans\u0131z m\u0131 gidecek \u015fimdi? Buna &#8216;namaz hocas\u0131 kitab\u0131&#8217; diyorlar. Ben Recep Tayyip Erdo\u011fan&#8217;a \u00e7a\u011fr\u0131da bulunuyorum: Bu kitab\u0131 Diyanet \u0130\u015fleri Ba\u015fkanl\u0131\u011f\u0131&#8217;na g\u00f6nderin. Arzu ediyorsan sana da g\u00f6ndereyim oku. E\u011fer, &#8216;Burada yaz\u0131lanlar do\u011frudur&#8217; diyorsan bu kitab\u0131 yay\u0131mla, yay\u0131mlayabilirsen. Bu bir hurafe kitab\u0131. Ayr\u0131ca, 1920 ile 1955 y\u0131llar\u0131 aras\u0131nda 70 farkl\u0131 yazar\u0131n namaz hocas\u0131 kitab\u0131 T\u00fcrkiye&#8217;de yay\u0131mlan\u0131yor.<\/p>\n<p style=\"text-align: justify;\">\u0130kinci kitab\u0131 S\u00fcleyman Dede diye birisi yazm\u0131\u015f. Bunu da yasaklatm\u0131\u015f \u0130n\u00f6n\u00fc. S\u00fcleyman \u00c7elebi&#8217;nin Mevlid&#8217;ini biliriz. Belli d\u00f6nemlerde her aile okutur. Bu yasaklanan kitap, o kitap de\u011fil. Bunda, &#8216;Sar\u0131msakl\u0131 yeme\u011fi \u00c7inli hi\u00e7 sevmezdi fakat ev sahibini de hi\u00e7 k\u0131rmak istemezdi&#8217;, &#8216;Bu i\u015f Mustafa&#8217;ya do\u011frusu oldu merak, acaba 30 lira neden eksik bu tabak&#8217; gibi ifadeler bulunuyor.<\/p>\n<p style=\"text-align: justify;\">Bir Mevlid-i \u015eerif&#8217;in bu kadar ucuzlat\u0131lmas\u0131na senin g\u00f6nl\u00fcn raz\u0131 oluyor mu Say\u0131n Ba\u015fbakan? \u0130n\u00f6n\u00fc&#8217;n\u00fcn g\u00f6nl\u00fc raz\u0131 olmam\u0131\u015f, &#8216;Yaz\u0131k, g\u00fcnaht\u0131r. \u0130nsanlar\u0131n dini duygular\u0131n\u0131 s\u00f6m\u00fcrmeyin&#8217; demi\u015f. \u0130n\u00f6n\u00fc, Kur&#8217;an ayetlerinde tahrifat yapan kitab\u0131 toplatm\u0131\u015f. Bir hurafenin \u00f6n\u00fcne ge\u00e7mek istemi\u015f&#8221; diye konu\u015ftu.<\/p>\n<p style=\"text-align: justify;\">K\u0131l\u0131\u00e7daro\u011flu, &#8220;Sen \u0130smet \u0130n\u00f6n\u00fc&#8217;n\u00fcn t\u0131rna\u011f\u0131 olamazs\u0131n demi\u015ftim, sen \u0130n\u00f6n\u00fc&#8217;n\u00fcn, t\u0131rna\u011f\u0131 uzad\u0131\u011f\u0131 i\u00e7in kesip att\u0131\u011f\u0131 o t\u0131rnak bile olamazs\u0131n&#8221; diye konu\u015ftu.<\/p>\n<p style=\"text-align: justify;\"><strong>MERAL OKAY&#8217;IN \u00d6L\u00dcM\u00dc<\/strong><\/p>\n<p style=\"text-align: justify;\"><strong>&#8220;O inan\u00e7 bizim anlad\u0131\u011f\u0131m\u0131z inan\u00e7 de\u011fil&#8221;<\/strong><\/p>\n<p style=\"text-align: justify;\">Okay&#8217;\u0131n \u00f6l\u00fcm\u00fcn\u00fcn ard\u0131ndan, arkas\u0131ndan, &#8220;kinle ba\u011flant\u0131l\u0131&#8221; ifadeler kullan\u0131ld\u0131\u011f\u0131n\u0131 belirten K\u0131l\u0131\u00e7daro\u011flu, &#8220;Bizde bir insan\u0131n arkas\u0131ndan, hele de vefat etmi\u015fse hep iyi \u015feyler s\u00f6ylenir. O inan\u00e7 bizim anlad\u0131\u011f\u0131m\u0131z inan\u00e7 de\u011fildir&#8221; diye konu\u015ftu.<\/p>\n<p style=\"text-align: justify;\"><strong>4+4+4\u00a0<\/strong><\/p>\n<p style=\"text-align: justify;\">CHP lideri, 4+4+4 e\u011fitim yasas\u0131 ile ilgili &#8221;Fol yok, yumurta yok, yolsuzluk yapt\u0131\u011f\u0131m\u0131z\u0131 iddia ediyorlar&#8221; diyen Ba\u015fbakan&#8217;a da cevap verdi. Erdo\u011fan&#8217;a, &#8220;Foldas\u0131n yumurtan\u0131n \u00fcst\u00fcne oturmu\u015fsun&#8221; diyen K\u0131l\u0131\u00e7daro\u011flu, &#8221;Yer \u00e7ekimi kanunu ne kadar ger\u00e7ekse, senin 20 milyar dolarl\u0131k hortumun da o kadar ger\u00e7ektir&#8221; dedi.<\/p>\n<p style=\"text-align: justify;\"><strong>SATILIK CAM\u0130 \u0130DD\u0130ASI\u00a0<\/strong><\/p>\n<p style=\"text-align: justify;\"><strong>&#8220;Sat\u0131lacak 6 arsa \u00fczerinde 6 cami var&#8221;\u00a0<\/strong><\/p>\n<p style=\"text-align: justify;\">K\u0131l\u0131\u00e7daro\u011flu, din \u00fczerinden siyaset yap\u0131lamayaca\u011f\u0131n\u0131, inan\u00e7lar\u0131n tart\u0131\u015fma konusu olamayaca\u011f\u0131n\u0131 dile getirdi.<\/p>\n<p style=\"text-align: justify;\">\u0130zmir b\u00f6lgesinde eski 22 tarihi cami onar\u0131l\u0131rken 3 milyon 873 bin 446 lira 20 kuru\u015fluk yolsuzluk yap\u0131ld\u0131\u011f\u0131n\u0131 s\u00f6yledi\u011fini ifade eden K\u0131l\u0131\u00e7daro\u011flu, &#8220;Sen o camileri onar\u0131rken bile mal\u0131 g\u00f6t\u00fcrenlere sesini \u00e7\u0131kard\u0131n m\u0131, g\u0131k\u0131n bile \u00e7\u0131kmad\u0131. Ben seni bilmez miyim i\u015fine gelmedi\u011fi i\u00e7in&#8221; dedi.<\/p>\n<p style=\"text-align: justify;\">G\u00fcng\u00f6ren Belediyesi&#8217;nin Hukuk ve Plan B\u00fct\u00e7e Komisyonu&#8217;nun 10 Mart 2011 tarihli m\u00fc\u015fterek raporunu g\u00f6steren K\u0131l\u0131\u00e7daro\u011flu, raporda, G\u00fcng\u00f6ren Belediyesi&#8217;nin lehine tescilli 6 adet arsan\u0131n, vergi borcuna kar\u015f\u0131l\u0131k Hazine&#8217;ye devredilmesine karar verildi\u011finin yazd\u0131\u011f\u0131n\u0131 s\u00f6yledi.<\/p>\n<p style=\"text-align: justify;\">K\u0131l\u0131\u00e7daro\u011flu, 6 arsa \u00fczerinde, 6 caminin bulundu\u011funu ifade ederek, bunu CHP&#8217;li bir belediyenin yapmas\u0131 halinde Ba\u015fbakan&#8217;\u0131n 81 ili gezerek, &#8220;CHP bunu yapt\u0131&#8221; diye anlataca\u011f\u0131n\u0131, baz\u0131 televizyon kanallar\u0131nda 24 saat yay\u0131n yap\u0131laca\u011f\u0131n\u0131 belirtti.<\/p>\n<p style=\"text-align: justify;\">K\u0131l\u0131\u00e7daro\u011flu, Erdo\u011fan&#8217;\u0131n, G\u00fcng\u00f6ren Belediyesi hakk\u0131nda ne yapaca\u011f\u0131n\u0131 sordu.<\/p>\n<p style=\"text-align: justify;\"><a href=\"http:\/\/www.cnnturk.com\/2012\/turkiye\/04\/11\/cumhuriyet.tarihinde.boyle.rezalet.gorulmedi\/656881.0\/index.html\" target=\"_blank\">Kaynak : CNN T\u00dcRK<\/a><\/p>\n","protected":false},"excerpt":{"rendered":"<p style=\"text-align: center;\">\n<p style=\"text-align: justify;\">&#8220;\u00d6rg\u00fct ve nitelikli doland\u0131r\u0131c\u0131l\u0131k&#8221; su\u00e7lamalar\u0131 yer almayan Deniz Feneri iddianamesi, CHP liderinin de g\u00fcndemindeydi. K\u0131l\u0131\u00e7daro\u011flu, olay\u0131 soru\u015fturan \u00fc\u00e7 savc\u0131n\u0131n yarg\u0131land\u0131\u011f\u0131n\u0131 hat\u0131rlatt\u0131, &#8221;Cumhuriyet tarihinde b\u00f6yle bir rezalet g\u00f6r\u00fclmedi&#8221; dedi.<\/p>\n<p style=\"text-align: justify;\">K\u0131l\u0131\u00e7daro\u011flu, partisinin grup toplant\u0131s\u0131nda yapt\u0131\u011f\u0131 konu\u015fmada, \u0130kinci &#8220;Ergenekon&#8221; davas\u0131 kapsam\u0131nda tutuklu yarg\u0131lanan CHP Zonguldak Milletvekili Prof. Dr. Mehmet Haberal&#8217;\u0131n annesinin <\/p>\n","protected":false},"author":1,"featured_media":0,"comment_status":"open","ping_status":"open","sticky":false,"template":"","format":"standard","meta":{"footnotes":""},"categories":[105],"tags":[],"class_list":["post-50455","post","type-post","status-publish","format-standard","hentry","category-gundem","odd"],"_links":{"self":[{"href":"http:\/\/www.korhanyilmaz.com\/index.php?rest_route=\/wp\/v2\/posts\/50455","targetHints":{"allow":["GET"]}}],"collection":[{"href":"http:\/\/www.korhanyilmaz.com\/index.php?rest_route=\/wp\/v2\/posts"}],"about":[{"href":"http:\/\/www.korhanyilmaz.com\/index.php?rest_route=\/wp\/v2\/types\/post"}],"author":[{"embeddable":true,"href":"http:\/\/www.korhanyilmaz.com\/index.php?rest_route=\/wp\/v2\/users\/1"}],"replies":[{"embeddable":true,"href":"http:\/\/www.korhanyilmaz.com\/index.php?rest_route=%2Fwp%2Fv2%2Fcomments&post=50455"}],"version-history":[{"count":0,"href":"http:\/\/www.korhanyilmaz.com\/index.php?rest_route=\/wp\/v2\/posts\/50455\/revisions"}],"wp:attachment":[{"href":"http:\/\/www.korhanyilmaz.com\/index.php?rest_route=%2Fwp%2Fv2%2Fmedia&parent=50455"}],"wp:term":[{"taxonomy":"category","embeddable":true,"href":"http:\/\/www.korhanyilmaz.com\/index.php?rest_route=%2Fwp%2Fv2%2Fcategories&post=50455"},{"taxonomy":"post_tag","embeddable":true,"href":"http:\/\/www.korhanyilmaz.com\/index.php?rest_route=%2Fwp%2Fv2%2Ftags&post=50455"}],"curies":[{"name":"wp","href":"https:\/\/api.w.org\/{rel}","templated":true}]}}