{"id":50449,"date":"2012-04-07T08:26:07","date_gmt":"2012-04-07T05:26:07","guid":{"rendered":"http:\/\/www.korhanyilmaz.com\/?p=50449"},"modified":"2012-04-07T09:41:12","modified_gmt":"2012-04-07T06:41:12","slug":"zonguldakta-kopru-faciasi-15-kayip","status":"publish","type":"post","link":"http:\/\/www.korhanyilmaz.com\/?p=50449","title":{"rendered":"Zonguldak&#8217;ta k\u00f6pr\u00fc facias\u0131 15 kay\u0131p"},"content":{"rendered":"<p style=\"text-align: center;\"><a href=\"http:\/\/www.korhanyilmaz.com\/wp-content\/uploads\/2012\/04\/A0243.jpg\"  class=\"lightview\"><img loading=\"lazy\" decoding=\"async\" class=\"aligncenter  wp-image-50450\" src=\"http:\/\/www.korhanyilmaz.com\/wp-content\/uploads\/2012\/04\/A0243.jpg\" alt=\"\" width=\"396\" height=\"180\" \/><\/a><\/p>\n<p style=\"text-align: justify;\">Zonguldak\u2019\u0131n \u00c7aycuma il\u00e7esinde Filyos \u00e7ay\u0131 \u00fczerindeki k\u00f6pr\u00fcn\u00fcn bir b\u00f6l\u00fcm\u00fcn\u00fcn \u00e7\u00f6kmesi sonucu ara\u00e7lar \u00e7aya d\u00fc\u015ft\u00fc. \u00c7aya d\u00fc\u015ft\u00fc\u011f\u00fc belirlenen bir minib\u00fcsteki 11 ki\u015fiden haber al\u0131nam\u0131yor.<\/p>\n<p style=\"text-align: justify;\">ZONGULDAK &#8211; Zonguldak\u2019\u0131n \u00c7aycuma il\u00e7esinde Filyos \u00e7ay\u0131 \u00fczerindeki k\u00f6pr\u00fcn\u00fcn bir b\u00f6l\u00fcm\u00fcn\u00fcn \u00e7\u00f6kmesi sonucu ara\u00e7lar \u00e7aya d\u00fc\u015ft\u00fc. \u00c7aya d\u00fc\u015ft\u00fc\u011f\u00fc belirlenen bir minib\u00fcsteki 11 ki\u015fiden haber al\u0131nam\u0131yor. \u00d6te yandan k\u00f6pr\u00fcn\u00fcn \u00e7\u00f6kmesi ile k\u00f6pr\u00fc \u00fctzerinde bulunan 4 ki\u015finin daha \u00e7aya d\u00fc\u015ft\u00fc\u011f\u00fc tahmin ediliyor.\u00a0<!--more--><\/p>\n<p style=\"text-align: justify;\">Zonguldak\u2019\u0131n \u00c7aycuma il\u00e7esinde bulunan 970 metre uzunlu\u011fundaki \u00c7aycuma K\u00f6pr\u00fcs\u00fc\u2019n\u00fcn yakla\u015f\u0131k 100 metrelik b\u00f6l\u00fcm\u00fc \u00e7\u00f6kt\u00fc. \u00c7\u00f6kmeyle birlikte k\u00f6pr\u00fcn\u00fcn alt\u0131ndan ge\u00e7en Filyoz \u00c7ay\u0131\u2019na d\u00fc\u015fen otomobildeki 2 ki\u015fi kendi imkanlar\u0131yla kurtuldu. \u00c7aya d\u00fc\u015fen otomobilden kurtar\u0131lan 2 ki\u015fi hastaneye kald\u0131r\u0131ld\u0131. Kay\u0131plarla ilgili Filyos \u00c7ay\u0131\u2019ndaki arama \u00e7al\u0131\u015fmalar\u0131 s\u00fcrd\u00fcr\u00fcl\u00fcrken, i\u00e7inde 11 ki\u015finin bulundu\u011fu tahmin edilen bir minib\u00fcs\u00fcn \u00e7aya d\u00fc\u015ft\u00fc\u011f\u00fc belirlendi.<\/p>\n<p style=\"text-align: justify;\">Olay yerindeki baz\u0131 g\u00f6rg\u00fc tan\u0131klar\u0131, bir motosikletin de \u00e7aya d\u00fc\u015ft\u00fc\u011f\u00fcn\u00fc ifade ederken, ekipler k\u00f6pr\u00fcn\u00fcn \u00e7\u00f6ken b\u00f6l\u00fcm\u00fcnden halatla inerek \u00e7ayda incelemelerde bulundu. Ekipler, su seviyesinin y\u00fcksek olmas\u0131 nedeniyle suyun i\u00e7ine giremezken, k\u00f6pr\u00fcn\u00fcn \u00e7\u00f6ken b\u00f6l\u00fcm\u00fcn\u00fcn kald\u0131r\u0131lmas\u0131 i\u00e7in \u00e7al\u0131\u015fmalar s\u00fcrd\u00fcr\u00fcl\u00fcyor.<\/p>\n<p style=\"text-align: justify;\">\u00c7aya d\u00fc\u015fen minib\u00fcs\u00fcn i\u00e7inde \u00c7aycuma Belediye Ba\u015fkan\u0131 Mithat G\u00fcl\u015fen\u2019in babas\u0131 ve ye\u011feninin de oldu\u011fu kaydedildi.<\/p>\n<p style=\"text-align: justify;\"><strong>KAYIP SAYISI 15&#8217;E Y\u00dcKSELD\u0130<\/strong><\/p>\n<p style=\"text-align: justify;\">Zonguldak \u0130l Afet ve Acil Durum M\u00fcd\u00fcr\u00fc Ahmet G\u00fcng\u00f6r, \u00c7aycuma \u0130l\u00e7esi&#8217;nde k\u00f6pr\u00fcn\u00fcn \u00e7\u00f6kmesiyle Filyos \u00c7ay\u0131&#8217;na d\u00fc\u015ferek kaybolanlar\u0131n say\u0131s\u0131n\u0131n 15&#8217;e y\u00fckseldi\u011fini s\u00f6yledi. G\u00fcng\u00f6r, yak\u0131nlar\u0131n\u0131n polis ve jandarmaya kay\u0131p ba\u015fvururusunda bulundu\u011fu 15 ki\u015finin kimliklerinin de belirlendi\u011fini bildirdi. G\u00fcng\u00f6r, kay\u0131p 15 ki\u015fiden 10&#8217;unun minib\u00fcste, di\u011ferlerinin ise yaya olarak k\u00f6pr\u00fcn\u00fcn \u00fczerinden y\u00fcr\u00fcrken \u00e7aya d\u00fc\u015ft\u00fc\u011f\u00fcn\u00fc tahmin ettiklerini kaydetti.<\/p>\n<p style=\"text-align: justify;\">Ba\u015fbakanl\u0131k Afet ve Acil Durum Ba\u015fkanl\u0131\u011f\u0131&#8217;ndan talep edilen helikopter de ak\u015fam saatlerinde il\u00e7eye geldi. Afet ve Acil Durum Ba\u015fkanl\u0131\u011f\u0131 yetkililerinin gece Filyos \u00c7ay\u0131 \u00fczerinde tarama yapmak istediklerini kaydeden G\u00fcng\u00f6r, &#8220;Biz helikopterin sabah aramalara kat\u0131laca\u011f\u0131n\u0131 d\u00fc\u015f\u00fcn\u00fcyorduk. Ancak helikopter ak\u015famdan geldi ve \u015fu anda \u00e7ay \u00fczerinde projekt\u00f6r ile tarama yap\u0131yor&#8221; dedi.<\/p>\n<p style=\"text-align: justify;\"><a href=\"http:\/\/www.gazeteport.com.tr\/haber\/88571\/zonguldakta_kopru_faciasi_15_kayip\" target=\"_blank\">Kaynak : GAZETEPORT<\/a><\/p>\n","protected":false},"excerpt":{"rendered":"<p style=\"text-align: center;\">\n<p style=\"text-align: justify;\">Zonguldak\u2019\u0131n \u00c7aycuma il\u00e7esinde Filyos \u00e7ay\u0131 \u00fczerindeki k\u00f6pr\u00fcn\u00fcn bir b\u00f6l\u00fcm\u00fcn\u00fcn \u00e7\u00f6kmesi sonucu ara\u00e7lar \u00e7aya d\u00fc\u015ft\u00fc. \u00c7aya d\u00fc\u015ft\u00fc\u011f\u00fc belirlenen bir minib\u00fcsteki 11 ki\u015fiden haber al\u0131nam\u0131yor.<\/p>\n<p style=\"text-align: justify;\">ZONGULDAK &#8211; Zonguldak\u2019\u0131n \u00c7aycuma il\u00e7esinde Filyos \u00e7ay\u0131 \u00fczerindeki k\u00f6pr\u00fcn\u00fcn bir b\u00f6l\u00fcm\u00fcn\u00fcn \u00e7\u00f6kmesi sonucu ara\u00e7lar \u00e7aya d\u00fc\u015ft\u00fc. \u00c7aya d\u00fc\u015ft\u00fc\u011f\u00fc belirlenen bir minib\u00fcsteki 11 ki\u015fiden haber al\u0131nam\u0131yor. <\/p>\n","protected":false},"author":1,"featured_media":0,"comment_status":"open","ping_status":"open","sticky":false,"template":"","format":"standard","meta":{"footnotes":""},"categories":[105],"tags":[],"class_list":["post-50449","post","type-post","status-publish","format-standard","hentry","category-gundem","odd"],"_links":{"self":[{"href":"http:\/\/www.korhanyilmaz.com\/index.php?rest_route=\/wp\/v2\/posts\/50449","targetHints":{"allow":["GET"]}}],"collection":[{"href":"http:\/\/www.korhanyilmaz.com\/index.php?rest_route=\/wp\/v2\/posts"}],"about":[{"href":"http:\/\/www.korhanyilmaz.com\/index.php?rest_route=\/wp\/v2\/types\/post"}],"author":[{"embeddable":true,"href":"http:\/\/www.korhanyilmaz.com\/index.php?rest_route=\/wp\/v2\/users\/1"}],"replies":[{"embeddable":true,"href":"http:\/\/www.korhanyilmaz.com\/index.php?rest_route=%2Fwp%2Fv2%2Fcomments&post=50449"}],"version-history":[{"count":0,"href":"http:\/\/www.korhanyilmaz.com\/index.php?rest_route=\/wp\/v2\/posts\/50449\/revisions"}],"wp:attachment":[{"href":"http:\/\/www.korhanyilmaz.com\/index.php?rest_route=%2Fwp%2Fv2%2Fmedia&parent=50449"}],"wp:term":[{"taxonomy":"category","embeddable":true,"href":"http:\/\/www.korhanyilmaz.com\/index.php?rest_route=%2Fwp%2Fv2%2Fcategories&post=50449"},{"taxonomy":"post_tag","embeddable":true,"href":"http:\/\/www.korhanyilmaz.com\/index.php?rest_route=%2Fwp%2Fv2%2Ftags&post=50449"}],"curies":[{"name":"wp","href":"https:\/\/api.w.org\/{rel}","templated":true}]}}