{"id":50442,"date":"2012-04-06T12:41:12","date_gmt":"2012-04-06T09:41:12","guid":{"rendered":"http:\/\/www.korhanyilmaz.com\/?p=50442"},"modified":"2012-04-07T09:34:56","modified_gmt":"2012-04-07T06:34:56","slug":"avukatlara-soz-verilmemesi-bir-saldiridir","status":"publish","type":"post","link":"http:\/\/www.korhanyilmaz.com\/?p=50442","title":{"rendered":"&#8216;Avukatlara s\u00f6z verilmemesi bir sald\u0131r\u0131d\u0131r&#8217;"},"content":{"rendered":"<p style=\"text-align: center;\"><a href=\"http:\/\/www.korhanyilmaz.com\/wp-content\/uploads\/2012\/04\/A0241.jpg\"  class=\"lightview\"><img loading=\"lazy\" decoding=\"async\" class=\"aligncenter  wp-image-50443\" src=\"http:\/\/www.korhanyilmaz.com\/wp-content\/uploads\/2012\/04\/A0241.jpg\" alt=\"\" width=\"333\" height=\"191\" \/><\/a><\/p>\n<p style=\"text-align: justify;\">Balyoz Davas\u0131&#8217;n\u0131n bug\u00fcnk\u00fc duru\u015fmas\u0131nda mahkemenin s\u00f6z isteyen avukata s\u00f6z vermedi\u011fini belirten Baro Ba\u015fkan\u0131 \u00dcmit Kocasakal, savunmaya yap\u0131lan bu \u015fekildeki sald\u0131r\u0131lardan vazge\u00e7ilmesini talep etti.<\/p>\n<p style=\"text-align: justify;\">\u0130STANBUL &#8211; Balyoz Davas\u0131&#8217;n\u0131n bug\u00fcnk\u00fc duru\u015fmas\u0131nda mahkemenin s\u00f6z isteyen avukata s\u00f6z vermedi\u011fini belirten Baro Ba\u015fkan\u0131 \u00dcmit Kocasakal, savunmaya yap\u0131lan bu \u015fekildeki sald\u0131r\u0131lardan vazge\u00e7ilmesini talep etti.\u00a0<!--more--><\/p>\n<p style=\"text-align: justify;\">Orgeneral Bilgin Balanl\u0131, eski Hava Kuvvetleri Komutan\u0131 emekli Orgeneral Halil \u0130brahim F\u0131rt\u0131na, eski Deniz Kuvvetleri Komutan\u0131 emekli Oramiral \u00d6zden \u00d6rnek, eski 1. Ordu Komutanlar\u0131 emekli Orgeneraller \u00c7etin Do\u011fan ve Ergin Saygun ile G\u00fcney Deniz Saha Komutan\u0131 Koramiral Abdullah Can Ereno\u011flu&#8217;nun da aralar\u0131nda bulundu\u011fu 250&#8217;si tutuklu 365 san\u0131kl\u0131 &#8221;Balyoz Plan\u0131&#8221; davas\u0131n\u0131n 90&#8217;\u0131nc\u0131 duru\u015fmas\u0131 ba\u015flad\u0131.<\/p>\n<p style=\"text-align: justify;\">\u0130stanbul 10. A\u011f\u0131r Ceza Mahkemesi&#8217;nce Silivri Ceza ve \u0130nfaz Kurumlar\u0131 Yerle\u015fkesi&#8217;nde olu\u015fturulan salonda yap\u0131lan duru\u015fmaya, emekli orgeneraller \u00c7etin Do\u011fan ve Halil \u0130brahim F\u0131rt\u0131na, emekli Oramiral \u00d6zden \u00d6rnek ile MHP&#8217;den milletvekili se\u00e7ilen emekli Korgeneral Engin Alan&#8217;\u0131n da aralar\u0131nda bulundu\u011fu 184 tutuklu san\u0131k ile tutuksuz yarg\u0131lanan 4 san\u0131k kat\u0131ld\u0131. Hakim Albay Ahmet Zeki \u00dc\u00e7ok ile emekli Orgeneral Ergin Saygun&#8217;un da aralar\u0131nda bulundu\u011fu 66 tutuklu san\u0131k ise duru\u015fmaya gelmedi.<\/p>\n<p style=\"text-align: justify;\">Deliller de\u011ferlendirilmeden savc\u0131n\u0131n esas hakk\u0131ndaki g\u00f6r\u00fc\u015f\u00fcn\u00fc a\u00e7\u0131klamas\u0131 ve tan\u0131k dinleme taleplerinin kabul edilmemesini protesto eden san\u0131k avukatlar\u0131 da duru\u015fmaya kat\u0131lmad\u0131.<\/p>\n<p style=\"text-align: justify;\">Duru\u015fmada, sadece beynindeki kist nedeniyle ameliyat olan tutuklu san\u0131klardan Levent Kerim U\u00e7a&#8217;n\u0131n avukat\u0131 ile tan\u0131k dinleme talebi olan \u00c7etin Do\u011fan&#8217;\u0131n avukat\u0131 H\u00fcseyin Ers\u00f6z haz\u0131r bulundu.<\/p>\n<p style=\"text-align: justify;\">U\u00e7a&#8217;n\u0131n avukat\u0131, m\u00fcvekkili hakk\u0131nda verilen Adli T\u0131p Kurumu Ba\u015fkanl\u0131\u011f\u0131&#8217;n\u0131n raporuna de\u011finerek, raporda U\u00e7a&#8217;n\u0131n hayati riski oldu\u011fu i\u00e7in hastane \u015fartlar\u0131nda kalmas\u0131n\u0131n gerekti\u011fi belirtilerek, m\u00fcvekkilinin tahliyesini gerekli oldu\u011funun s\u00f6yledi\u011fini kaydetti.<\/p>\n<p style=\"text-align: justify;\">Ers\u00f6z de bilirki\u015fi dinletilmesi i\u00e7in duru\u015fmaya kat\u0131ld\u0131\u011f\u0131n\u0131 belirterek, Y\u0131ld\u0131z Teknik \u00dcniversitesi Bilgisayar M\u00fchendisli\u011fi \u00f6\u011fretim \u00fcyesi Prof. Dr. Ahmet \u00c7o\u015fkun S\u00f6nmez&#8217;in bilirki\u015fi olarak dinlenilmesi amac\u0131yla duru\u015fmaya getirdiklerini s\u00f6yledi.<\/p>\n<p style=\"text-align: justify;\">Mahkeme heyeti, S\u00f6nmez&#8217;in tan\u0131k olarak dinlenilmesi talebini kabul etti.<\/p>\n<p style=\"text-align: justify;\"><strong>&#8216;SAVUNMA HAKKI KISITLANIYOR&#8217;<\/strong><\/p>\n<p style=\"text-align: justify;\">S\u00f6nmez&#8217;in tan\u0131k olarak dinlenilmeye ba\u015fland\u0131\u011f\u0131 s\u0131rada \u0130stanbul Barosu Ba\u015fkan\u0131 \u00dcmit Kocasakal&#8217;\u0131n da aralar\u0131nda bulundu\u011fu baro y\u00f6netiminden 11 avukat duru\u015fma salonuna girerek, avukatlar\u0131n bulundu\u011fu b\u00f6l\u00fcme oturdu.<\/p>\n<p style=\"text-align: justify;\">Mahkeme Heyeti Ba\u015fkan\u0131 \u00d6mer Diken&#8217;in hangi ama\u00e7la duru\u015fmaya kat\u0131ld\u0131klar\u0131n\u0131 sormas\u0131 \u00fczerine Kocasakal, Avukatl\u0131k Kanunu&#8217;nun 76, 95 ve 97&#8217;inci maddelerini a\u00e7\u0131klad\u0131. Mahkemenin adil yarg\u0131lama hakk\u0131n\u0131 ihlal etti\u011fini savunan Kocasakal, silahlar\u0131n e\u015fitli\u011fine ayk\u0131r\u0131 davran\u0131\u015flardan ve mesle\u011fin onurunu zedeleyen uygulamadan vazge\u00e7ilmesini istediklerini s\u00f6yledi.<\/p>\n<p style=\"text-align: justify;\">Kanunun ve di\u011fer yetkileri \u00e7er\u00e7evesinde bunlar\u0131 iletmek i\u00e7in mahkemeye geldiklerini ifade eden Kocasakal, avukatlar\u0131n kolektif bir s\u00fcje olan yarg\u0131laman\u0131n bir par\u00e7as\u0131 oldu\u011funu kaydetti.<\/p>\n<p style=\"text-align: justify;\">Mahkemenin s\u00f6z isteyen avukata s\u00f6z vermedi\u011fini, avukat\u0131n \u0131srar etmesini mahkemenin duru\u015fma d\u00fczenini bozma davran\u0131\u015f\u0131 olarak g\u00f6rd\u00fc\u011f\u00fcn\u00fc ifade eden Kocasakal, savunmaya yap\u0131lan bu \u015fekildeki sald\u0131r\u0131lardan vazge\u00e7ilmesini talep etti.<\/p>\n<p style=\"text-align: justify;\">Deliller tam olarak toplanmadan, tart\u0131\u015f\u0131lmadan adil bir sonucun ortaya \u00e7\u0131kmayaca\u011f\u0131n\u0131 belirten Kocasakal, m\u00fcdafilerin delil tart\u0131\u015f\u0131lmas\u0131nda hi\u00e7bir k\u0131s\u0131tlamaya tabi tutulmamas\u0131 gerekti\u011fini kaydetti.<\/p>\n<p style=\"text-align: justify;\">Kocasakal, mahkemenin &#8221;gerekirse zor kullan\u0131r\u0131z&#8221; gibi ifadelerinin avukatl\u0131k onuruna uygun olmad\u0131\u011f\u0131n\u0131 dile getirerek, yine &#8221;hoplama, z\u0131plama&#8221; gibi ifadelerin de mahkeme taraf\u0131ndan engellenmesi gerekti\u011fin s\u00f6yledi.<\/p>\n<p style=\"text-align: justify;\">Usul kurallar\u0131na uygun adil bir yarg\u0131lama yap\u0131lmas\u0131 gerekti\u011fini belirten Kocasakal, avukatlar\u0131n savunma hakk\u0131n\u0131 k\u0131s\u0131tlayan uygulamalardan vazge\u00e7ilmesini istedi.<\/p>\n<p style=\"text-align: justify;\"><strong>&#8216;BARO, TARAF OLDU\u011eUNU A\u00c7IK\u00c7A ORTAYA KOYMU\u015eTUR&#8217;<\/strong><\/p>\n<p style=\"text-align: justify;\">Bunun \u00fczerine duru\u015fma salonunda san\u0131klar aras\u0131ndan &#8221;Bravo&#8221; gibi s\u00f6zler duyulunca Ba\u015fkan Diken, bu t\u00fcr s\u00f6ylemlerin ho\u015f olmad\u0131\u011f\u0131n\u0131 s\u00f6yledi.<\/p>\n<p style=\"text-align: justify;\">Diken, ard\u0131ndan Kocasakal&#8217;a y\u00f6nelik olarak da &#8221;Arzu edilirdi ki sizin taleplerinizi avukatlar duru\u015fmaya girerek dile getirsinler. Burada yarg\u0131lama devam etmektedir. Delillerin tart\u0131\u015f\u0131lmas\u0131nda gereken s\u00fcrenin verilece\u011fini a\u00e7\u0131klam\u0131\u015ft\u0131k&#8221; dedi.<\/p>\n<p style=\"text-align: justify;\">Avukatlar\u0131n d\u0131\u015far\u0131 \u00e7\u0131kar\u0131lmas\u0131yla ilgili g\u00f6r\u00fcnt\u00fcler izlendi\u011finde mahkemenin ba\u015fka bir \u00e7aresi kalmad\u0131\u011f\u0131n\u0131n g\u00f6r\u00fclece\u011fini ifade eden Diken, &#8221;M\u00fcsaade edin, savunmay\u0131 alal\u0131m, sonra size s\u00f6z verelim dedik. Mahkemenin d\u00fczeni koruma d\u0131\u015f\u0131nda bir \u015feyi kalmam\u0131\u015ft\u0131r&#8221; diye konu\u015ftu.<\/p>\n<p style=\"text-align: justify;\">Avukatlar\u0131n gelerek bu haklar\u0131n\u0131 kullanmas\u0131n\u0131 umduklar\u0131n\u0131 dile getiren Diken, &#8221;Burada, baro olarak i\u00e7 denetim mekanizmas\u0131 s\u0131fat\u0131yla bulunuyorsunuz. San\u0131k avukat\u0131 de\u011filsiniz. Baro y\u00f6netim kurulusunuz, o niyetle gelmi\u015fsiniz. M\u00fcdafiniz yok. Duru\u015fmay\u0131 izleyebilirsiniz. M\u00fcdafilik ba\u011f\u0131n\u0131z yoksa l\u00fctfen c\u00fcbbelerinizi \u00e7\u0131kar\u0131n. Sizler i\u00e7in bir yer ayarlayabiliriz&#8221; dedi.<\/p>\n<p style=\"text-align: justify;\">Kocasakal da savunman\u0131n m\u00fcdafi olarak duru\u015fmada yer ald\u0131klar\u0131n\u0131 belirterek, &#8221;Zahmet buyurmay\u0131n kanunun bize verdi\u011fi yetkiyi uygulad\u0131k. \u00d6zel yetkili mahkemelerin bu t\u00fcr uygulamalar\u0131n\u0131 yak\u0131ndan izlemeye devam edece\u011fiz. G\u00f6revimiz \u015fimdilik sona erdi. Ba\u015fka yere ge\u00e7miyoruz&#8221; diyerek beraberindekilerle birlikte duru\u015fma salonundan ayr\u0131ld\u0131.<\/p>\n<p style=\"text-align: justify;\">Ba\u015fkan Diken de &#8221;Bizim hi\u00e7bir kurulu\u015fun denetimine ihtiyac\u0131m\u0131z yok. Yarg\u0131n\u0131n denetimi kendi mekanizmas\u0131 i\u00e7indedir&#8221; dedi.<\/p>\n<p style=\"text-align: justify;\">\u00d6zel yetkili \u0130stanbul Cumhuriyet Savc\u0131s\u0131 Sava\u015f K\u0131rba\u015f da Kocasakal&#8217;\u0131n a\u00e7\u0131klamalar\u0131n\u0131n davan\u0131n esas\u0131na y\u00f6nelik oldu\u011funu belirterek, &#8221;Baro taraf oldu\u011funu a\u00e7\u0131k\u00e7a ortaya koymu\u015ftur&#8221; diye konu\u015ftu.<\/p>\n<p style=\"text-align: justify;\"><strong>KOCASAKAL HAKKINDA SU\u00c7 DUYURUSU<\/strong><\/p>\n<p style=\"text-align: justify;\">K\u0131rba\u015f, Kocasakal&#8217;\u0131n da aralar\u0131nda bulundu\u011fu 11 avukat hakk\u0131nda &#8221;adil yarg\u0131lamay\u0131 etkilemeye te\u015febb\u00fcs etmek&#8221; su\u00e7undan mahkemenin su\u00e7 duyurusunda bulunmas\u0131n\u0131 istedi.<\/p>\n<p style=\"text-align: justify;\"><a href=\"http:\/\/www.ntvmsnbc.com\/id\/25337385\/\" target=\"_blank\">Kaynak : NTVMSNBC<\/a><\/p>\n","protected":false},"excerpt":{"rendered":"<p style=\"text-align: center;\">\n<p style=\"text-align: justify;\">Balyoz Davas\u0131&#8217;n\u0131n bug\u00fcnk\u00fc duru\u015fmas\u0131nda mahkemenin s\u00f6z isteyen avukata s\u00f6z vermedi\u011fini belirten Baro Ba\u015fkan\u0131 \u00dcmit Kocasakal, savunmaya yap\u0131lan bu \u015fekildeki sald\u0131r\u0131lardan vazge\u00e7ilmesini talep etti.<\/p>\n<p style=\"text-align: justify;\">\u0130STANBUL &#8211; Balyoz Davas\u0131&#8217;n\u0131n bug\u00fcnk\u00fc duru\u015fmas\u0131nda mahkemenin s\u00f6z isteyen avukata s\u00f6z vermedi\u011fini belirten Baro Ba\u015fkan\u0131 \u00dcmit Kocasakal, savunmaya yap\u0131lan bu \u015fekildeki sald\u0131r\u0131lardan vazge\u00e7ilmesini talep etti. <\/p>\n","protected":false},"author":1,"featured_media":0,"comment_status":"open","ping_status":"open","sticky":false,"template":"","format":"standard","meta":{"footnotes":""},"categories":[105],"tags":[],"class_list":["post-50442","post","type-post","status-publish","format-standard","hentry","category-gundem","odd"],"_links":{"self":[{"href":"http:\/\/www.korhanyilmaz.com\/index.php?rest_route=\/wp\/v2\/posts\/50442","targetHints":{"allow":["GET"]}}],"collection":[{"href":"http:\/\/www.korhanyilmaz.com\/index.php?rest_route=\/wp\/v2\/posts"}],"about":[{"href":"http:\/\/www.korhanyilmaz.com\/index.php?rest_route=\/wp\/v2\/types\/post"}],"author":[{"embeddable":true,"href":"http:\/\/www.korhanyilmaz.com\/index.php?rest_route=\/wp\/v2\/users\/1"}],"replies":[{"embeddable":true,"href":"http:\/\/www.korhanyilmaz.com\/index.php?rest_route=%2Fwp%2Fv2%2Fcomments&post=50442"}],"version-history":[{"count":0,"href":"http:\/\/www.korhanyilmaz.com\/index.php?rest_route=\/wp\/v2\/posts\/50442\/revisions"}],"wp:attachment":[{"href":"http:\/\/www.korhanyilmaz.com\/index.php?rest_route=%2Fwp%2Fv2%2Fmedia&parent=50442"}],"wp:term":[{"taxonomy":"category","embeddable":true,"href":"http:\/\/www.korhanyilmaz.com\/index.php?rest_route=%2Fwp%2Fv2%2Fcategories&post=50442"},{"taxonomy":"post_tag","embeddable":true,"href":"http:\/\/www.korhanyilmaz.com\/index.php?rest_route=%2Fwp%2Fv2%2Ftags&post=50442"}],"curies":[{"name":"wp","href":"https:\/\/api.w.org\/{rel}","templated":true}]}}