{"id":50438,"date":"2012-04-07T08:48:19","date_gmt":"2012-04-07T05:48:19","guid":{"rendered":"http:\/\/www.korhanyilmaz.com\/?p=50438"},"modified":"2012-04-07T09:11:39","modified_gmt":"2012-04-07T06:11:39","slug":"turkleri-hapse-atariz","status":"publish","type":"post","link":"http:\/\/www.korhanyilmaz.com\/?p=50438","title":{"rendered":"&#8216;T\u00fcrkleri hapse atar\u0131z&#8217;"},"content":{"rendered":"<p style=\"text-align: center;\"><a href=\"http:\/\/www.korhanyilmaz.com\/wp-content\/uploads\/2012\/04\/A0240.jpg\"  class=\"lightview\"><img loading=\"lazy\" decoding=\"async\" class=\"aligncenter  wp-image-50439\" src=\"http:\/\/www.korhanyilmaz.com\/wp-content\/uploads\/2012\/04\/A0240.jpg\" alt=\"\" width=\"333\" height=\"191\" \/><\/a><\/p>\n<p style=\"text-align: justify;\">Y\u00fcksek Mahkeme Ba\u015fkan\u0131 tehdit etti: Soyk\u0131r\u0131m\u0131 ink\u00e2r eden T\u00fcrk\u2019\u00fc g\u00f6revine bakmadan be\u015f y\u0131l hapse atar\u0131z.<\/p>\n<p style=\"text-align: justify;\">Ge\u00e7ti\u011fimiz y\u0131l \u201cErmeni ve Yahudi soyk\u0131r\u0131m\u0131\u201dn\u0131 su\u00e7 sayan yasa tasar\u0131s\u0131n\u0131 onaylayan Slovakya\u2019n\u0131n eski Adalet Bakan\u0131 ve Ba\u015fbakan Yard\u0131mc\u0131s\u0131 Stefan Harabin, \u201cHangi d\u00fczeyde T\u00fcrk yetkilisi olursa olsun, e\u011fer Slovakya\u2019da Ermeni soyk\u0131r\u0131m\u0131n\u0131 ink\u00e2r ederse, derhal be\u015f y\u0131l hapis cezas\u0131na \u00e7arpt\u0131r\u0131laca\u011f\u0131n\u0131\u201d s\u00f6yledi.<!--more--><\/p>\n<p style=\"text-align: justify;\">Habert\u00fcrk gazetesinin haberine g\u00f6re, Ermeni bas\u0131n\u0131nda yer alan haberlerde, halen Slovakya Y\u00fcksek Mahkemesi ba\u015fkanl\u0131\u011f\u0131n\u0131 y\u00fcr\u00fcten Harabin bu s\u00f6zleri, ba\u015fkent Bratislava\u2019da Ermeni soyk\u0131r\u0131m\u0131 kurbanlar\u0131n\u0131n an\u0131s\u0131na yap\u0131lan bir t\u00f6rende sarf etti.<\/p>\n<p style=\"text-align: justify;\">Ermenistan Anayasa Mahkemesi Ba\u015fkan\u0131 Gagik Harutyunyan ve baz\u0131 Ermeni yetkililerin de kat\u0131ld\u0131\u011f\u0131 t\u00f6rende konu\u015fan Harabin, Yahudi soyk\u0131r\u0131m\u0131n\u0131n ink\u00e2r\u0131n\u0131 da su\u00e7 sayan yasaya b\u00fcy\u00fck \u00f6nem verdi\u011fini belirtirken, Frans\u0131z yetkililere benzer bir yasan\u0131n haz\u0131rlanmas\u0131 i\u00e7in yard\u0131ma haz\u0131r oldu\u011funu da s\u00f6yledi.<\/p>\n<p style=\"text-align: justify;\">Harutyunyan ise bu t\u00fcr bir yasay\u0131 kabul eden ilk Avrupa Birli\u011fi (AB) \u00fcyesi \u00fclke olmas\u0131 a\u00e7\u0131s\u0131ndan Slovakya\u2019yaminnettar olduklar\u0131n\u0131 vurgularken, yasan\u0131n insan haklar\u0131na ters d\u00fc\u015fmedi\u011fini aksine savundu\u011funu ileri s\u00fcrd\u00fc.<\/p>\n<p style=\"text-align: justify;\">Slovakya, \u201cErmeni soyk\u0131r\u0131m\u0131\u201dn\u0131 2004\u2019te tan\u0131m\u0131\u015ft\u0131. Fransa\u2019da benzer bir yasa, 23 Ocak\u2019ta Senato\u2019dan ge\u00e7mi\u015f, ancak Fransa Anayasa Konseyi taraf\u0131ndan \u201cAnayasaya ayk\u0131r\u0131\u201d bulunmu\u015ftu. Benzer bir ink\u00e2r yasas\u0131 bulunan \u0130svi\u00e7re\u2019de, AB Bakan\u0131 Egemen Ba\u011f\u0131\u015f hakk\u0131nda Z\u00fcrih ziyareti s\u0131ras\u0131nda yasaya ayk\u0131r\u0131 s\u00f6zler sarf etti\u011fi gerek\u00e7esiyle soru\u015fturma ba\u015flat\u0131lm\u0131\u015f, ancak Z\u00fcrih Savc\u0131l\u0131\u011f\u0131, bu ay ba\u015f\u0131nda Ba\u011f\u0131\u015f\u2019\u0131n diplomatik dokunulmazl\u0131\u011f\u0131 oldu\u011funu belirterek adli s\u00fcre\u00e7 ba\u015flat\u0131lamayaca\u011f\u0131na karar vermi\u015fti.<\/p>\n<p style=\"text-align: justify;\">\u2018Ermeni soyk\u0131r\u0131m\u0131\u2019n\u0131n ink\u00e2r\u0131n\u0131 su\u00e7 sayan Slovakya\u2019n\u0131n Y\u00fcksek Mahkeme Ba\u015fkan\u0131 Stefan Harabin, yasaya kar\u015f\u0131 gelen T\u00fcrk yetkililerin, hangi d\u00fczeyde olursa olsun 5 y\u0131l hapis cezas\u0131na \u00e7arpt\u0131r\u0131laca\u011f\u0131n\u0131 s\u00f6yledi.<\/p>\n<p style=\"text-align: justify;\"><a href=\"http:\/\/www.ntvmsnbc.com\/id\/25337588\" target=\"_blank\">Kaynak : NTVMSNBC<\/a><\/p>\n","protected":false},"excerpt":{"rendered":"<p style=\"text-align: center;\">\n<p style=\"text-align: justify;\">Y\u00fcksek Mahkeme Ba\u015fkan\u0131 tehdit etti: Soyk\u0131r\u0131m\u0131 ink\u00e2r eden T\u00fcrk\u2019\u00fc g\u00f6revine bakmadan be\u015f y\u0131l hapse atar\u0131z.<\/p>\n<p style=\"text-align: justify;\">Ge\u00e7ti\u011fimiz y\u0131l \u201cErmeni ve Yahudi soyk\u0131r\u0131m\u0131\u201dn\u0131 su\u00e7 sayan yasa tasar\u0131s\u0131n\u0131 onaylayan Slovakya\u2019n\u0131n eski Adalet Bakan\u0131 ve Ba\u015fbakan Yard\u0131mc\u0131s\u0131 Stefan Harabin, \u201cHangi d\u00fczeyde T\u00fcrk yetkilisi olursa olsun, e\u011fer Slovakya\u2019da Ermeni soyk\u0131r\u0131m\u0131n\u0131 ink\u00e2r ederse, derhal <\/p>\n","protected":false},"author":1,"featured_media":0,"comment_status":"open","ping_status":"open","sticky":false,"template":"","format":"standard","meta":{"footnotes":""},"categories":[105],"tags":[],"class_list":["post-50438","post","type-post","status-publish","format-standard","hentry","category-gundem","odd"],"_links":{"self":[{"href":"http:\/\/www.korhanyilmaz.com\/index.php?rest_route=\/wp\/v2\/posts\/50438","targetHints":{"allow":["GET"]}}],"collection":[{"href":"http:\/\/www.korhanyilmaz.com\/index.php?rest_route=\/wp\/v2\/posts"}],"about":[{"href":"http:\/\/www.korhanyilmaz.com\/index.php?rest_route=\/wp\/v2\/types\/post"}],"author":[{"embeddable":true,"href":"http:\/\/www.korhanyilmaz.com\/index.php?rest_route=\/wp\/v2\/users\/1"}],"replies":[{"embeddable":true,"href":"http:\/\/www.korhanyilmaz.com\/index.php?rest_route=%2Fwp%2Fv2%2Fcomments&post=50438"}],"version-history":[{"count":0,"href":"http:\/\/www.korhanyilmaz.com\/index.php?rest_route=\/wp\/v2\/posts\/50438\/revisions"}],"wp:attachment":[{"href":"http:\/\/www.korhanyilmaz.com\/index.php?rest_route=%2Fwp%2Fv2%2Fmedia&parent=50438"}],"wp:term":[{"taxonomy":"category","embeddable":true,"href":"http:\/\/www.korhanyilmaz.com\/index.php?rest_route=%2Fwp%2Fv2%2Fcategories&post=50438"},{"taxonomy":"post_tag","embeddable":true,"href":"http:\/\/www.korhanyilmaz.com\/index.php?rest_route=%2Fwp%2Fv2%2Ftags&post=50438"}],"curies":[{"name":"wp","href":"https:\/\/api.w.org\/{rel}","templated":true}]}}