{"id":50433,"date":"2012-04-06T20:33:49","date_gmt":"2012-04-06T17:33:49","guid":{"rendered":"http:\/\/www.korhanyilmaz.com\/?p=50433"},"modified":"2012-04-07T09:07:14","modified_gmt":"2012-04-07T06:07:14","slug":"yazicioglunun-helikopterinin-enkazi-gizlenmis","status":"publish","type":"post","link":"http:\/\/www.korhanyilmaz.com\/?p=50433","title":{"rendered":"Yaz\u0131c\u0131o\u011flu\u2019nun helikopterinin enkaz\u0131 gizlenmi\u015f"},"content":{"rendered":"<p style=\"text-align: center;\"><a href=\"http:\/\/www.korhanyilmaz.com\/wp-content\/uploads\/2012\/04\/A0239.jpg\"  class=\"lightview\"><img loading=\"lazy\" decoding=\"async\" class=\"aligncenter  wp-image-50434\" src=\"http:\/\/www.korhanyilmaz.com\/wp-content\/uploads\/2012\/04\/A0239.jpg\" alt=\"\" width=\"296\" height=\"171\" \/><\/a><\/p>\n<p style=\"text-align: justify;\">Eski BBP lideri Muhsin Yaz\u0131c\u0131o\u011flu&#8217;nun \u00f6l\u00fcm\u00fc ile ilgili soru\u015fturmada, helikopter enkaz\u0131n\u0131n d\u00fc\u015ft\u00fc\u011f\u00fc g\u00fcn bulundu\u011fu ancak bunun gizlendi\u011fi bilgisine ula\u015f\u0131ld\u0131.<\/p>\n<p style=\"text-align: justify;\">\u0130STANBUL &#8211; Eski BBP lideri Muhsin Yaz\u0131c\u0131o\u011flu&#8217;nun \u00f6l\u00fcm\u00fc ile ilgili soru\u015fturmada \u00e7arp\u0131c\u0131 bir geli\u015fme ya\u015fand\u0131. S\u00f6zkonusu belge, soru\u015fturmay\u0131 y\u00fcr\u00fcten Malatya Cumhuriyet Ba\u015fsavc\u0131l\u0131\u011f\u0131&#8217;na ula\u015ft\u0131.<\/p>\n<p style=\"text-align: justify;\">\u0130ddiaya g\u00f6re; belgede BBP lideri Muhsin Yaz\u0131c\u0131o\u011flu&#8217;nun ya\u015fam\u0131n\u0131 yitirdi\u011fi helikopter kazas\u0131n\u0131n ard\u0131ndan 3 g\u00fcn boyunca aranan enkaz\u0131n asl\u0131nda kaza g\u00fcn\u00fc bulundu\u011fu ancak gizlendi\u011fine ili\u015fkin bilgiler yer ald\u0131.\u00a0<!--more--><\/p>\n<p style=\"text-align: justify;\">\u00c7izelgede ayr\u0131ca helikopterlerin g\u00fczerg\u00e2h\u0131, \u00fcslerinden kalk\u0131\u015f ve ini\u015f saatleri de bulundu.<\/p>\n<p style=\"text-align: justify;\">Belgelerde 25 Mart g\u00fcn\u00fc olay yerine giden 2 askeri helikopterin g\u00f6rev \u00e7izelgesine de yer verildi.<\/p>\n<p style=\"text-align: justify;\">\u0130ddiaya g\u00f6re; \u00e7izelge BBP yetkililerinin \u00c7ankaya K\u00f6\u015fk\u00fc\u2019ne sundu\u011fu belgeler aras\u0131nda yer ald\u0131.<\/p>\n<p style=\"text-align: justify;\">BBP Genel Ba\u015fkan\u0131 Mustafa Destici, K\u00f6\u015fk ziyaretinden sonra Cumhurba\u015fkan\u0131 Abdullah G\u00fcl\u2019e verdikleri ve i\u00e7eri\u011fi a\u00e7\u0131klanmayan belgenin olay\u0131 tamamen ayd\u0131nlataca\u011f\u0131n\u0131 savunmu\u015ftu.<\/p>\n<p style=\"text-align: justify;\"><a href=\"http:\/\/www.ntvmsnbc.com\/id\/25337513\/\" target=\"_blank\">Kaynak : NTVMSNBC<\/a><\/p>\n","protected":false},"excerpt":{"rendered":"<p style=\"text-align: center;\">\n<p style=\"text-align: justify;\">Eski BBP lideri Muhsin Yaz\u0131c\u0131o\u011flu&#8217;nun \u00f6l\u00fcm\u00fc ile ilgili soru\u015fturmada, helikopter enkaz\u0131n\u0131n d\u00fc\u015ft\u00fc\u011f\u00fc g\u00fcn bulundu\u011fu ancak bunun gizlendi\u011fi bilgisine ula\u015f\u0131ld\u0131.<\/p>\n<p style=\"text-align: justify;\">\u0130STANBUL &#8211; Eski BBP lideri Muhsin Yaz\u0131c\u0131o\u011flu&#8217;nun \u00f6l\u00fcm\u00fc ile ilgili soru\u015fturmada \u00e7arp\u0131c\u0131 bir geli\u015fme ya\u015fand\u0131. S\u00f6zkonusu belge, soru\u015fturmay\u0131 y\u00fcr\u00fcten Malatya Cumhuriyet Ba\u015fsavc\u0131l\u0131\u011f\u0131&#8217;na ula\u015ft\u0131.<\/p>\n<p style=\"text-align: justify;\">\u0130ddiaya g\u00f6re; belgede BBP <\/p>\n","protected":false},"author":1,"featured_media":0,"comment_status":"open","ping_status":"open","sticky":false,"template":"","format":"standard","meta":{"footnotes":""},"categories":[105],"tags":[144,103,104,320],"class_list":["post-50433","post","type-post","status-publish","format-standard","hentry","category-gundem","tag-bbp","tag-helikopter-kazasi","tag-muhsin-yazicioglu","tag-mustafa-destici","odd"],"_links":{"self":[{"href":"http:\/\/www.korhanyilmaz.com\/index.php?rest_route=\/wp\/v2\/posts\/50433","targetHints":{"allow":["GET"]}}],"collection":[{"href":"http:\/\/www.korhanyilmaz.com\/index.php?rest_route=\/wp\/v2\/posts"}],"about":[{"href":"http:\/\/www.korhanyilmaz.com\/index.php?rest_route=\/wp\/v2\/types\/post"}],"author":[{"embeddable":true,"href":"http:\/\/www.korhanyilmaz.com\/index.php?rest_route=\/wp\/v2\/users\/1"}],"replies":[{"embeddable":true,"href":"http:\/\/www.korhanyilmaz.com\/index.php?rest_route=%2Fwp%2Fv2%2Fcomments&post=50433"}],"version-history":[{"count":0,"href":"http:\/\/www.korhanyilmaz.com\/index.php?rest_route=\/wp\/v2\/posts\/50433\/revisions"}],"wp:attachment":[{"href":"http:\/\/www.korhanyilmaz.com\/index.php?rest_route=%2Fwp%2Fv2%2Fmedia&parent=50433"}],"wp:term":[{"taxonomy":"category","embeddable":true,"href":"http:\/\/www.korhanyilmaz.com\/index.php?rest_route=%2Fwp%2Fv2%2Fcategories&post=50433"},{"taxonomy":"post_tag","embeddable":true,"href":"http:\/\/www.korhanyilmaz.com\/index.php?rest_route=%2Fwp%2Fv2%2Ftags&post=50433"}],"curies":[{"name":"wp","href":"https:\/\/api.w.org\/{rel}","templated":true}]}}