{"id":50425,"date":"2012-04-06T07:53:33","date_gmt":"2012-04-06T04:53:33","guid":{"rendered":"http:\/\/www.korhanyilmaz.com\/?p=50425"},"modified":"2012-04-06T11:57:14","modified_gmt":"2012-04-06T08:57:14","slug":"torpil-polemigi","status":"publish","type":"post","link":"http:\/\/www.korhanyilmaz.com\/?p=50425","title":{"rendered":"Torpil polemi\u011fi"},"content":{"rendered":"<p style=\"text-align: center;\"><a href=\"http:\/\/www.korhanyilmaz.com\/wp-content\/uploads\/2012\/04\/A0237.jpg\"  class=\"lightview\"><img loading=\"lazy\" decoding=\"async\" class=\"aligncenter  wp-image-50426\" src=\"http:\/\/www.korhanyilmaz.com\/wp-content\/uploads\/2012\/04\/A0237.jpg\" alt=\"\" width=\"396\" height=\"180\" \/><\/a><\/p>\n<p style=\"text-align: justify;\"><strong>Cemil \u00c7i\u00e7ek \u2018\u2019Yok\u2019\u2019 dedi, hakim Ka\u00e7maz belgesini yay\u0131nlad\u0131.\u00a0<\/strong><\/p>\n<p style=\"text-align: justify;\">GAZETEPORT\/ANKARA- Sincan A\u011f\u0131r Ceza Mahkemesi Ba\u015fkanl\u0131\u011f\u0131 g\u00f6revinden emekli olan ve \u2018\u2019Lin\u00e7\u2019\u2019 adl\u0131 bir kitap yazan Osman Ka\u00e7maz\u2019\u0131n, TBMM Ba\u015fkan\u0131 Cemil \u00c7i\u00e7ek\u2019in Adalet Bakanl\u0131\u011f\u0131 d\u00f6neminde kendisinden \u2018\u2019Torpil istedi\u011fi\u2019\u2019 iddias\u0131 tart\u0131\u015fmaya neden oldu.<\/p>\n<p style=\"text-align: justify;\">\u00c7i\u00e7ek yapt\u0131\u011f\u0131 a\u00e7\u0131klamada \u2018\u2019Eski bir yarg\u0131 mensubunun yazd\u0131\u011f\u0131 kitapta \u015fahs\u0131ma y\u00f6nelik &#8216;Benden torpil istedi. \u0130\u015fe al\u0131nmas\u0131n\u0131 istedi\u011fi ki\u015filerden hi\u00e7birini i\u015fe almad\u0131m&#8217; \u015feklinde ge\u00e7en ifadeler kesinlikle ger\u00e7ek d\u0131\u015f\u0131d\u0131r\u2019\u2019 dedi.\u00a0<!--more--><\/p>\n<p style=\"text-align: justify;\"><a href=\"http:\/\/www.korhanyilmaz.com\/wp-content\/uploads\/2012\/04\/A0236.jpg\"  class=\"lightview\"><img loading=\"lazy\" decoding=\"async\" class=\"alignleft  wp-image-50427\" style=\"margin-left: 10px; margin-right: 10px;\" src=\"http:\/\/www.korhanyilmaz.com\/wp-content\/uploads\/2012\/04\/A0236.jpg\" alt=\"\" width=\"162\" height=\"254\" \/><\/a>Ka\u00e7maz kitab\u0131nda \u2018\u2019Sincan Adliyesinde 9 y\u0131l g\u00f6rev yapt\u0131m. Bu s\u00fcrede Adalet Bakanl\u0131\u011f\u0131 \u00fcst d\u00fczey g\u00f6revlileri, Bakanlar ve \u00fcst d\u00fczey b\u00fcrokratlar y\u00fczlerce kez beni aray\u0131p, taleplerini iletti. Cemil \u00c7i\u00e7ek, Adalet Bakanl\u0131\u011f\u0131 d\u00f6neminde \u00f6zel kaleminden torpil faks\u0131 \u00e7ekip, Adliyeye al\u0131nacak 25 katip i\u00e7in tavassut istedi. Buna ra\u011fmen ismi verilen 25 ki\u015fiden hi\u00e7 birini i\u015fe almad\u0131m\u2019\u2019 diye yazm\u0131\u015ft\u0131.<\/p>\n<p style=\"text-align: justify;\">Kitapta \u2018\u2019Adalet Bakanl\u0131\u011f\u0131 \u00d6zel Kalem M\u00fcd\u00fcrl\u00fc\u011f\u00fc\u2019\u2019 ibareli bir faks metninin g\u00f6r\u00fcnt\u00fcs\u00fc ve \u2018\u2019Zab\u0131t katipli\u011fi i\u00e7in ba\u015fvuran adaylar\u0131n listesi\u2019\u2019 bulunuyor. Bu belgenin alt\u0131nda da \u2018\u2019Adalet Bakanl\u0131\u011f\u0131 \u00f6zel kaleminden \u00e7ekilen torpil faks\u0131\u2019\u2019 yaz\u0131yor.<\/p>\n<p style=\"text-align: justify;\"><a href=\"http:\/\/www.gazeteport.com.tr\/haber\/88379\/torpil_polemigi\" target=\"_blank\">Kaynak : GAZETEPORT<\/a><\/p>\n","protected":false},"excerpt":{"rendered":"<p style=\"text-align: center;\">\n<p style=\"text-align: justify;\">Cemil \u00c7i\u00e7ek \u2018\u2019Yok\u2019\u2019 dedi, hakim Ka\u00e7maz belgesini yay\u0131nlad\u0131. <\/p>\n<p style=\"text-align: justify;\">GAZETEPORT\/ANKARA- Sincan A\u011f\u0131r Ceza Mahkemesi Ba\u015fkanl\u0131\u011f\u0131 g\u00f6revinden emekli olan ve \u2018\u2019Lin\u00e7\u2019\u2019 adl\u0131 bir kitap yazan Osman Ka\u00e7maz\u2019\u0131n, TBMM Ba\u015fkan\u0131 Cemil \u00c7i\u00e7ek\u2019in Adalet Bakanl\u0131\u011f\u0131 d\u00f6neminde kendisinden \u2018\u2019Torpil istedi\u011fi\u2019\u2019 iddias\u0131 tart\u0131\u015fmaya neden oldu.<\/p>\n<p style=\"text-align: justify;\">\u00c7i\u00e7ek yapt\u0131\u011f\u0131 a\u00e7\u0131klamada \u2018\u2019Eski bir yarg\u0131 <\/p>\n","protected":false},"author":1,"featured_media":0,"comment_status":"open","ping_status":"open","sticky":false,"template":"","format":"standard","meta":{"footnotes":""},"categories":[105],"tags":[],"class_list":["post-50425","post","type-post","status-publish","format-standard","hentry","category-gundem","odd"],"_links":{"self":[{"href":"http:\/\/www.korhanyilmaz.com\/index.php?rest_route=\/wp\/v2\/posts\/50425","targetHints":{"allow":["GET"]}}],"collection":[{"href":"http:\/\/www.korhanyilmaz.com\/index.php?rest_route=\/wp\/v2\/posts"}],"about":[{"href":"http:\/\/www.korhanyilmaz.com\/index.php?rest_route=\/wp\/v2\/types\/post"}],"author":[{"embeddable":true,"href":"http:\/\/www.korhanyilmaz.com\/index.php?rest_route=\/wp\/v2\/users\/1"}],"replies":[{"embeddable":true,"href":"http:\/\/www.korhanyilmaz.com\/index.php?rest_route=%2Fwp%2Fv2%2Fcomments&post=50425"}],"version-history":[{"count":0,"href":"http:\/\/www.korhanyilmaz.com\/index.php?rest_route=\/wp\/v2\/posts\/50425\/revisions"}],"wp:attachment":[{"href":"http:\/\/www.korhanyilmaz.com\/index.php?rest_route=%2Fwp%2Fv2%2Fmedia&parent=50425"}],"wp:term":[{"taxonomy":"category","embeddable":true,"href":"http:\/\/www.korhanyilmaz.com\/index.php?rest_route=%2Fwp%2Fv2%2Fcategories&post=50425"},{"taxonomy":"post_tag","embeddable":true,"href":"http:\/\/www.korhanyilmaz.com\/index.php?rest_route=%2Fwp%2Fv2%2Ftags&post=50425"}],"curies":[{"name":"wp","href":"https:\/\/api.w.org\/{rel}","templated":true}]}}