{"id":50422,"date":"2012-04-06T07:50:34","date_gmt":"2012-04-06T04:50:34","guid":{"rendered":"http:\/\/www.korhanyilmaz.com\/?p=50422"},"modified":"2012-04-06T11:52:50","modified_gmt":"2012-04-06T08:52:50","slug":"derin-devlet-bu-davada","status":"publish","type":"post","link":"http:\/\/www.korhanyilmaz.com\/?p=50422","title":{"rendered":"&#8220;Derin Devlet bu davada&#8221;"},"content":{"rendered":"<p style=\"text-align: center;\"><a href=\"http:\/\/www.korhanyilmaz.com\/wp-content\/uploads\/2012\/04\/A0235.jpg\"  class=\"lightview\"><img loading=\"lazy\" decoding=\"async\" class=\"aligncenter  wp-image-50423\" src=\"http:\/\/www.korhanyilmaz.com\/wp-content\/uploads\/2012\/04\/A0235.jpg\" alt=\"\" width=\"396\" height=\"180\" \/><\/a><\/p>\n<p style=\"text-align: justify;\">Sincan hakimi Osman Ka\u00e7maz \u2018\u2019Lin\u00e7\u2019\u2019 adl\u0131 kitab\u0131nda, Sabanc\u0131 suikasti san\u0131\u011f\u0131 Mustafa Duyar cinayetini anlatt\u0131. Davay\u0131 tamamlayamadan Ankara\u2019ya atanan Ka\u00e7maz \u2018\u2019Derin Devlet, bu davada\u2019\u2019 dedi.<\/p>\n<p style=\"text-align: justify;\">GAZETEPORT\/ANKARA- Cumhurba\u015fkan\u0131 G\u00fcl\u2019\u00fcn \u2018\u2019Kay\u0131p Trilyon\u2019\u2019, Ba\u015fbakan Erdo\u011fan\u2019\u0131n da \u2018\u2019\u015eehit ve kelle\u2019\u2019 davas\u0131ndan yarg\u0131lanmas\u0131 y\u00f6n\u00fcnde kararlara imza atan, Sincan hakimi Osman Ka\u00e7maz \u2018\u2019Lin\u00e7\u2019\u2019 adl\u0131 kitab\u0131nda, Sabanc\u0131 Center suikasti san\u0131\u011f\u0131 Mustafa Duyar\u2019\u0131n \u00f6ld\u00fcr\u00fclmesiyle ilgili \u00f6nemli detaylar verdi.\u00a0<!--more--><\/p>\n<p style=\"text-align: justify;\">Afyon\u2019da g\u00f6revliyken bu davaya bakan ve karar \u00f6ncesi Ankara\u2019ya atanan Ka\u00e7maz, \u2018\u2019Olayda \u00e7ok vahim iddialar vard\u0131r. Dosyadan baz\u0131 belgelerin kayboldu\u011fu iddias\u0131 da bulunmaktad\u0131r. Baz\u0131 g\u00f6revlilerin pisli\u011finin temizledi\u011fine y\u00f6nelik bir dilek\u00e7e verilmi\u015ftir. E\u011fer Derin Devlet aranacaksa bu davaya bak\u0131lmal\u0131d\u0131r.\u2019\u2019 dedi.<\/p>\n<p style=\"text-align: justify;\"><strong>\u2018\u2019EMR\u0130 YE\u015e\u0130L VERD\u0130 \u2018\u2019<\/strong><\/p>\n<p style=\"text-align: justify;\">Ka\u00e7maz kitab\u0131nda, Mustafa Duyar cinayetinden Sami Tokur adl\u0131 san\u0131k ile birlikte yarg\u0131lanan Ahmet Yarg\u00fcder\u2019in ifadesini yay\u0131nlad\u0131. Yarg\u00fcder cinayet emrini \u2018\u2019Ye\u015fil\u2019\u2019 kod al\u0131 Mahmut Y\u0131ld\u0131r\u0131m\u2019\u0131n verdi\u011fini \u00f6ne s\u00fcrerek \u015f\u00f6yle dedi:<\/p>\n<p style=\"text-align: justify;\">\u2018\u20191999 \u015eubat ay\u0131nda Afyon cezaevinde kal\u0131rken Sami Tokur\u2019un cep telefonu \u00e7ald\u0131. Kendisini Ye\u015fil olarak tan\u0131tan ki\u015fi Mustafa Duyar\u2019\u0131n \u00f6ld\u00fcr\u00fclmesini istedi. Sami Tokur (Senin Ye\u015fil oldu\u011funu nereden bileyin) diye sorunca, kar\u015f\u0131daki ki\u015fi Cezaevi M\u00fcd\u00fcr\u00fc Osman Sert\u2019e sormas\u0131n\u0131 istedi. Sami Tokur m\u00fcd\u00fcrle g\u00f6r\u00fc\u015ft\u00fc ve arayan\u0131n Ye\u015fil oldu\u011funu s\u00f6yledi. Ye\u015fil, ayn\u0131 cezaevinde bulunan Sel\u00e7uk Parsadan\u2019\u0131n da h\u00fck\u00fcmeti d\u00fc\u015f\u00fcrd\u00fc\u011f\u00fc i\u00e7in \u00f6ld\u00fcr\u00fclmesini istedi\u2019\u2019<\/p>\n<p style=\"text-align: justify;\"><strong>\u2018\u2019APO GELECEK ACELE ED\u0130N\u2019\u2019<\/strong><\/p>\n<p style=\"text-align: justify;\">Ye\u015fil\u2019in iki cinayet i\u00e7i Sami Tokur\u2019a bir trilyon lira teklif etti\u011fini Sami\u2019nin de 500 milyar pe\u015fin istedi\u011fini \u00f6ne s\u00fcren Yarg\u00fcder \u2018\u2019Sami\u2019nin Sinop\u2019taki bir akrabas\u0131na 500 milyar lira verildi. Bu paradan 50 milyar\u0131 cezaevi m\u00fcd\u00fcr\u00fc arac\u0131l\u0131\u011f\u0131yla Sami\u2019ye elden getirildi. 10 milyar\u0131n\u0131 da ben ald\u0131m\u2019\u2019 dedi.<\/p>\n<p style=\"text-align: justify;\">Yarg\u00fcder, Ye\u015fil\u2019in 14 \u015eubat 1999 g\u00fcn\u00fcnden \u00fc\u00e7 g\u00fcn \u00f6nce yeniden Sami\u2019yi aray\u0131p \u2018\u2019\u0130kisini de 14 \u015eubat g\u00fcn\u00fc \u00f6ld\u00fcr\u00fcn, uzatmay\u0131n. Hemen sonra Abdullah \u00d6calan T\u00fcrkiye\u2019ye getirilecek. Bas\u0131n bunu i\u015fleyecek, sizin yapt\u0131\u011f\u0131n\u0131z olay geri planda kalacak.\u2019\u2019 dedi\u011fini \u00f6ne s\u00fcrd\u00fc. Yarg\u00fcder, gardiyanlar\u0131 silahla rehin ald\u0131ktan sonra Mustafa Duyar\u2019\u0131n ko\u011fu\u015funa gittiklerini kendisinin ve Sami Tokur\u2019un iki\u015fer el ate\u015f ettiklerini, di\u011fer ko\u011fu\u015f kap\u0131s\u0131n\u0131 a\u00e7amad\u0131klar\u0131 i\u00e7in Parsadan\u2019\u0131 \u00f6ld\u00fcremediklerini de anlatt\u0131.<\/p>\n<p style=\"text-align: justify;\">9 Ocak 1996 g\u00fcn\u00fc Sabanc\u0131 Center\u2019\u0131n 25. kat\u0131na \u00e7\u0131kan DHKP-C militanlar\u0131 Mustafa Duyar ve \u0130smail Akkol, burada \u00e7al\u0131\u015fan Fehriye Erdal\u2019\u0131n yard\u0131m\u0131 ile \u00d6zdemir Sabanc\u0131, Haluk G\u00f6rg\u00fcn ve Nilg\u00fcn Hasefe\u2019yi \u00f6ld\u00fcrd\u00fc. Duyar, 11 ay sonra \u015eam B\u00fcy\u00fckel\u00e7ili\u011fine teslim oldu ve T\u00fcrkiye\u2019ye getirildi. 15 \u015eubat 1999\u2019da ise Afyon cezaevinde \u00f6ld\u00fcr\u00fcld\u00fc. Bu cinayeti Nuri\u015f karde\u015flerin azmettirdi\u011fi \u00f6ne s\u00fcr\u00fcld\u00fc. Ancak her iki olay\u0131n da perde arkas\u0131 ayd\u0131nlat\u0131lamad\u0131.<\/p>\n<p style=\"text-align: justify;\"><a href=\"http:\/\/www.gazeteport.com.tr\/haber\/88387\/quotderin_devlet_bu_davadaquot\" target=\"_blank\">Kaynak : GAZETEPORT<\/a><\/p>\n","protected":false},"excerpt":{"rendered":"<p style=\"text-align: center;\">\n<p style=\"text-align: justify;\">Sincan hakimi Osman Ka\u00e7maz \u2018\u2019Lin\u00e7\u2019\u2019 adl\u0131 kitab\u0131nda, Sabanc\u0131 suikasti san\u0131\u011f\u0131 Mustafa Duyar cinayetini anlatt\u0131. Davay\u0131 tamamlayamadan Ankara\u2019ya atanan Ka\u00e7maz \u2018\u2019Derin Devlet, bu davada\u2019\u2019 dedi.<\/p>\n<p style=\"text-align: justify;\">GAZETEPORT\/ANKARA- Cumhurba\u015fkan\u0131 G\u00fcl\u2019\u00fcn \u2018\u2019Kay\u0131p Trilyon\u2019\u2019, Ba\u015fbakan Erdo\u011fan\u2019\u0131n da \u2018\u2019\u015eehit ve kelle\u2019\u2019 davas\u0131ndan yarg\u0131lanmas\u0131 y\u00f6n\u00fcnde kararlara imza atan, Sincan hakimi Osman Ka\u00e7maz \u2018\u2019Lin\u00e7\u2019\u2019 adl\u0131 kitab\u0131nda, <\/p>\n","protected":false},"author":1,"featured_media":0,"comment_status":"open","ping_status":"open","sticky":false,"template":"","format":"standard","meta":{"footnotes":""},"categories":[105],"tags":[],"class_list":["post-50422","post","type-post","status-publish","format-standard","hentry","category-gundem","odd"],"_links":{"self":[{"href":"http:\/\/www.korhanyilmaz.com\/index.php?rest_route=\/wp\/v2\/posts\/50422","targetHints":{"allow":["GET"]}}],"collection":[{"href":"http:\/\/www.korhanyilmaz.com\/index.php?rest_route=\/wp\/v2\/posts"}],"about":[{"href":"http:\/\/www.korhanyilmaz.com\/index.php?rest_route=\/wp\/v2\/types\/post"}],"author":[{"embeddable":true,"href":"http:\/\/www.korhanyilmaz.com\/index.php?rest_route=\/wp\/v2\/users\/1"}],"replies":[{"embeddable":true,"href":"http:\/\/www.korhanyilmaz.com\/index.php?rest_route=%2Fwp%2Fv2%2Fcomments&post=50422"}],"version-history":[{"count":0,"href":"http:\/\/www.korhanyilmaz.com\/index.php?rest_route=\/wp\/v2\/posts\/50422\/revisions"}],"wp:attachment":[{"href":"http:\/\/www.korhanyilmaz.com\/index.php?rest_route=%2Fwp%2Fv2%2Fmedia&parent=50422"}],"wp:term":[{"taxonomy":"category","embeddable":true,"href":"http:\/\/www.korhanyilmaz.com\/index.php?rest_route=%2Fwp%2Fv2%2Fcategories&post=50422"},{"taxonomy":"post_tag","embeddable":true,"href":"http:\/\/www.korhanyilmaz.com\/index.php?rest_route=%2Fwp%2Fv2%2Ftags&post=50422"}],"curies":[{"name":"wp","href":"https:\/\/api.w.org\/{rel}","templated":true}]}}