{"id":50419,"date":"2012-04-05T19:54:26","date_gmt":"2012-04-05T16:54:26","guid":{"rendered":"http:\/\/www.korhanyilmaz.com\/?p=50419"},"modified":"2012-04-06T11:49:57","modified_gmt":"2012-04-06T08:49:57","slug":"erdogandan-irana-sert-yanit","status":"publish","type":"post","link":"http:\/\/www.korhanyilmaz.com\/?p=50419","title":{"rendered":"Erdo\u011fan&#8217;dan \u0130ran&#8217;a sert yan\u0131t"},"content":{"rendered":"<p style=\"text-align: center;\"><a href=\"http:\/\/www.korhanyilmaz.com\/wp-content\/uploads\/2012\/04\/A0234.jpg\"  class=\"lightview\"><img loading=\"lazy\" decoding=\"async\" class=\"aligncenter  wp-image-50420\" src=\"http:\/\/www.korhanyilmaz.com\/wp-content\/uploads\/2012\/04\/A0234.jpg\" alt=\"\" width=\"396\" height=\"180\" \/><\/a><\/p>\n<p style=\"text-align: justify;\">Ba\u015fbakan Erdo\u011fan, n\u00fckleer m\u00fczakereler i\u00e7in \u0130stanbul&#8217;u de\u011fil \u015eam veya Ba\u011fdat&#8217;\u0131 d\u00fc\u015f\u00fcnd\u00fcklerini a\u00e7\u0131klayan \u0130ran y\u00f6netimine sert bir mesaj g\u00f6nderdi.<\/p>\n<p style=\"text-align: justify;\">Ba\u015fbakan Tayyip Erdo\u011fan&#8217;dan \u0130ran&#8217;\u0131n n\u00fckleer m\u00fczakereler i\u00e7in \u0130stanbul&#8217;u istemediklerine y\u00f6nelik a\u00e7\u0131klamas\u0131na sert yan\u0131t geldi.<\/p>\n<p style=\"text-align: justify;\">D\u00fczenledi\u011fi bas\u0131n toplant\u0131s\u0131nda gazetecilerin sorular\u0131n\u0131 yan\u0131tlayan Erdo\u011fan, Suriye ve \u0130ran meselelerine y\u00f6nelik de\u011ferlendirmelerde bulundu.\u00a0<!--more--><\/p>\n<p style=\"text-align: justify;\">Erdo\u011fan, m\u00fczakerelerin \u015eam veya Ba\u011fdat&#8217;ta yap\u0131lmas\u0131 teklifini &#8216;\u0130pe un sermek&#8217; olarak niteledi.<\/p>\n<p style=\"text-align: justify;\">Erdo\u011fan, \u0130ran&#8217;dan gelen bu a\u00e7\u0131klamalar\u0131n diplomasinin dili olmad\u0131\u011f\u0131n\u0131 dile getirdi ve \u015f\u00f6yle konu\u015ftu: &#8220;Bu toplant\u0131lar\u0131n \u0130stanbul&#8217;da yap\u0131lmas\u0131 bize prestij kazand\u0131rmaz. Burada kazanan \u0130ran olur. D\u00fcr\u00fcst olmak laz\u0131m. D\u00fcr\u00fcst olunmad\u0131\u011f\u0131 i\u00e7in itibar kaybediyorlar. Bu diplomasinin dili de\u011fildir, ba\u015fka bir \u015feyin dilidir. O da bana yak\u0131\u015fmaz.<\/p>\n<p style=\"text-align: justify;\"><strong>&#8216;\u015eAM ALDATIYOR&#8217;<\/strong><\/p>\n<p style=\"text-align: justify;\">Erdo\u011fan, \u015eam y\u00f6netiminin Annan plan\u0131na uyaca\u011f\u0131n\u0131 s\u00f6ylemesine ra\u011fmen operasyonlara devam etmesini &#8220;Bunlar aldatma manevralar\u0131d\u0131r&#8221; \u015feklinde de\u011ferlendirdi.<\/p>\n<p style=\"text-align: justify;\">Erdo\u011fan \u015f\u00f6yle devam etti: &#8220;(Askeri \u00e7ektim, tanklar\u0131 \u00e7ektim) gibi beyanatlar, bunlar art\u0131k bizim Be\u015f\u015far&#8217;\u0131n bug\u00fcne kadar al\u0131\u015ft\u0131\u011f\u0131m\u0131z \u00f6zellikleridir. \u00c7\u00fcnk\u00fc bug\u00fcne kadar do\u011fru konu\u015fmad\u0131, d\u00fcr\u00fcst davranmad\u0131. Bundan sonra da do\u011fru d\u00fcr\u00fcst davranaca\u011f\u0131n\u0131 ancak 10 Nisan&#8217;a kadar ortaya koyaca\u011f\u0131 tav\u0131r ile g\u00f6rece\u011fiz. 10 Nisan biliyorsunuz Say\u0131n Annan&#8217;\u0131n da belirlemi\u015f oldu\u011fu nihai tarih&#8221; dedi.<\/p>\n<p style=\"text-align: justify;\"><strong>&#8216;T\u00dcRK\u0130YE&#8217;DEN ASKER TALEB\u0130 YOK&#8217;<\/strong><\/p>\n<p style=\"text-align: justify;\">Erdo\u011fan, bir gazetecinin Annan&#8217;\u0131n g\u00f6zlemci birlik kapsam\u0131nda T\u00fcrkiye&#8217;den asker talebi olup olmad\u0131\u011f\u0131yla ilgili sorusu \u00fczerine &#8220;Bize b\u00f6yle bir talep gelmedi&#8221; dedi.<\/p>\n<p style=\"text-align: justify;\"><a href=\"http:\/\/www.gazeteport.com.tr\/haber\/88390\/erdogandan_irana_sert_yanit\" target=\"_blank\">Kaynak : GAZETEPORT<\/a><\/p>\n","protected":false},"excerpt":{"rendered":"<p style=\"text-align: center;\">\n<p style=\"text-align: justify;\">Ba\u015fbakan Erdo\u011fan, n\u00fckleer m\u00fczakereler i\u00e7in \u0130stanbul&#8217;u de\u011fil \u015eam veya Ba\u011fdat&#8217;\u0131 d\u00fc\u015f\u00fcnd\u00fcklerini a\u00e7\u0131klayan \u0130ran y\u00f6netimine sert bir mesaj g\u00f6nderdi.<\/p>\n<p style=\"text-align: justify;\">Ba\u015fbakan Tayyip Erdo\u011fan&#8217;dan \u0130ran&#8217;\u0131n n\u00fckleer m\u00fczakereler i\u00e7in \u0130stanbul&#8217;u istemediklerine y\u00f6nelik a\u00e7\u0131klamas\u0131na sert yan\u0131t geldi.<\/p>\n<p style=\"text-align: justify;\">D\u00fczenledi\u011fi bas\u0131n toplant\u0131s\u0131nda gazetecilerin sorular\u0131n\u0131 yan\u0131tlayan Erdo\u011fan, Suriye ve \u0130ran meselelerine y\u00f6nelik de\u011ferlendirmelerde bulundu. <\/p>\n","protected":false},"author":1,"featured_media":0,"comment_status":"open","ping_status":"open","sticky":false,"template":"","format":"standard","meta":{"footnotes":""},"categories":[105],"tags":[],"class_list":["post-50419","post","type-post","status-publish","format-standard","hentry","category-gundem","odd"],"_links":{"self":[{"href":"http:\/\/www.korhanyilmaz.com\/index.php?rest_route=\/wp\/v2\/posts\/50419","targetHints":{"allow":["GET"]}}],"collection":[{"href":"http:\/\/www.korhanyilmaz.com\/index.php?rest_route=\/wp\/v2\/posts"}],"about":[{"href":"http:\/\/www.korhanyilmaz.com\/index.php?rest_route=\/wp\/v2\/types\/post"}],"author":[{"embeddable":true,"href":"http:\/\/www.korhanyilmaz.com\/index.php?rest_route=\/wp\/v2\/users\/1"}],"replies":[{"embeddable":true,"href":"http:\/\/www.korhanyilmaz.com\/index.php?rest_route=%2Fwp%2Fv2%2Fcomments&post=50419"}],"version-history":[{"count":0,"href":"http:\/\/www.korhanyilmaz.com\/index.php?rest_route=\/wp\/v2\/posts\/50419\/revisions"}],"wp:attachment":[{"href":"http:\/\/www.korhanyilmaz.com\/index.php?rest_route=%2Fwp%2Fv2%2Fmedia&parent=50419"}],"wp:term":[{"taxonomy":"category","embeddable":true,"href":"http:\/\/www.korhanyilmaz.com\/index.php?rest_route=%2Fwp%2Fv2%2Fcategories&post=50419"},{"taxonomy":"post_tag","embeddable":true,"href":"http:\/\/www.korhanyilmaz.com\/index.php?rest_route=%2Fwp%2Fv2%2Ftags&post=50419"}],"curies":[{"name":"wp","href":"https:\/\/api.w.org\/{rel}","templated":true}]}}