{"id":50413,"date":"2012-04-05T11:12:06","date_gmt":"2012-04-05T08:12:06","guid":{"rendered":"http:\/\/www.korhanyilmaz.com\/?p=50413"},"modified":"2012-04-05T12:42:22","modified_gmt":"2012-04-05T09:42:22","slug":"okulda-ders-veren-o-imam-konustu","status":"publish","type":"post","link":"http:\/\/www.korhanyilmaz.com\/?p=50413","title":{"rendered":"Okulda ders veren o imam konu\u015ftu"},"content":{"rendered":"<p style=\"text-align: center;\"><a href=\"http:\/\/www.korhanyilmaz.com\/wp-content\/uploads\/2012\/04\/A0233.jpg\"  class=\"lightview\"><img loading=\"lazy\" decoding=\"async\" class=\"aligncenter  wp-image-50414\" src=\"http:\/\/www.korhanyilmaz.com\/wp-content\/uploads\/2012\/04\/A0233.jpg\" alt=\"\" width=\"307\" height=\"236\" \/><\/a><\/p>\n<p style=\"text-align: justify;\">Manisa&#8217;da din bilgisi \u00f6\u011fretmeninin daveti \u00fczerine ilk\u00f6\u011fretimde Caferi ve Alevilik inanc\u0131n\u0131 anlatan Caferi imam Bayram Dalga, c\u00fcbbe ve sar\u0131k ele\u015ftirilerine cevap verdi.<\/p>\n<p style=\"text-align: justify;\">Vatan gazetesinin haberine g\u00f6re Manisa\u2019da din bilgisi \u00f6\u011fretmeninin daveti \u00fczerine ilk\u00f6\u011fretim 7\u2019nci s\u0131n\u0131flara Caferi ve Alevilik inanc\u0131n\u0131 anlatan Caferi imam Bayram Dalga, c\u00fcbbe ve sar\u0131k ele\u015ftirilerine cevap verdi, \u201cBeni kimse siyasete \u00e7ekmesin. \u0130\u015fim gere\u011fi camide aba, d\u0131\u015far\u0131da sivil giyiniyorum. Dersi 30 dakika sivil k\u0131yafetimle anlatt\u0131m, \u00f6\u011fretmen k\u0131yafeti de tan\u0131tmam\u0131 isteyince c\u00fcbbe ve sar\u0131\u011f\u0131 giydim\u201d dedi.\u00a0<!--more--><\/p>\n<p style=\"text-align: justify;\">Manisa\u2019n\u0131n Turgutlu il\u00e7esinde e\u011fitim veren Gazi \u0130lk\u00f6\u011fretim Okulu din k\u00fclt\u00fcr\u00fc ve ahlak bilgisi dersi \u00f6\u011fretmenlerinden Durmu\u015f Ali Etba\u015f\u2019\u0131n daveti \u00fczerine 7\u2019nci s\u0131n\u0131flara Caferi ve Alevi inanc\u0131n\u0131 anlatan Caferi imam Bayram Dalga, tepkileri insafs\u0131zl\u0131k olarak yorumlad\u0131. 4 y\u0131l \u00f6nce I\u011fd\u0131r\u2019dan Manisa\u2019n\u0131n Turgutlu il\u00e7esine yerle\u015fen, Atat\u00fcrk Mahallesi\u2019ndeki Hz. H\u00fcseyin Camii\u2019nin Caferi imam\u0131 Bayram Dalga, \u00f6nceki g\u00fcn ilk\u00f6\u011fretimde bir ilke imza att\u0131.<\/p>\n<p style=\"text-align: justify;\"><strong>\u2018Hat\u0131ra foto\u011fraf\u0131 \u00e7ektirdik\u2019\u00a0<\/strong><\/p>\n<p style=\"text-align: justify;\">Davet \u00fczerine Gazi \u0130lk\u00f6\u011fretim Okulu\u2019ndaki 7\u2019nci s\u0131n\u0131f \u00f6\u011frencilerine Caferi ve Alevi inanc\u0131n\u0131 anlatan imam Bayram Dalga, ders esnas\u0131nda c\u00fcbbe ve sar\u0131k giymesi ile ilgili gelen tepkiler i\u00e7in, \u201cKimse beni laik d\u00fczene kar\u015f\u0131 tehdit olarak g\u00f6rm\u00fcyor. \u0130\u015fim gere\u011fi bu k\u0131yafetleri giymek zorunday\u0131m. Bana insafs\u0131zl\u0131k yap\u0131ld\u0131\u201d \u015feklinde cevap verdi.<\/p>\n<p style=\"text-align: justify;\">3 \u00e7ocuk sahibi Bayram Dalga, \u015funlar\u0131 s\u00f6yledi, \u201c4 y\u0131l \u00f6nce Turgutlu\u2019ya yerle\u015ftim, I\u011fd\u0131rl\u0131\u2019y\u0131m. Turgutlu\u2019daki H\u00fcseyin Camii\u2019nde Caferi imam olarak g\u00f6rev yap\u0131yorum. Okula gidip ders vermek fikri kesinlikle bana ait de\u011fil, okulun din bilgisi ve ahlak k\u00fclt\u00fcr\u00fc \u00f6\u011fretmeni taraf\u0131ndan davet edildim. 35 dakikal\u0131k ders boyunca Caferi mezhebinin ne oldu\u011funu anlatt\u0131m. Derse sivil k\u0131yafetle girdim ancak \u00f6\u011fretmen, camide vaaz verdi\u011fim s\u0131rada giydi\u011fim \u201cala aba\u201d dedi\u011fimiz c\u00fcbbe ve sar\u0131ktan olu\u015fun k\u0131yafeti de \u00f6\u011frencilere g\u00f6stermemi istedi. Dersin sonuna kadar normal k\u0131yafetimleydim, dersin sonuna do\u011fru k\u0131yafetimizin \u00fczerine c\u00fcbbe ve sar\u0131\u011f\u0131 ge\u00e7irdim. O halimle de hat\u0131ra foto\u011fraf\u0131 \u00e7ektirdik \u00f6\u011frencilerle. Bu k\u0131yafet Caferi imamlar\u0131n camilerde vaaz verirken, namaz k\u0131ld\u0131r\u0131rken \u00fczerlerine giydikleri sar\u0131k ve c\u00fcbbe. Devlet dairesinde memur nas\u0131l giyinmesi gerekiyorsa, benim i\u015fim de camide ve bu k\u0131yafeti giymek zorunday\u0131m. Normal hayat\u0131m da herkes gibi ben de sivil giyiniyorum\u201d.<\/p>\n<p style=\"text-align: justify;\"><strong>\u2018Kimsenin malzemesi olmam\u2019\u00a0<\/strong><\/p>\n<p style=\"text-align: justify;\">\u201cBen de bu \u00fclkenin vatanda\u015f\u0131y\u0131m, bu vatan\u0131n bir tu\u011flas\u0131y\u0131m. 4 y\u0131l \u00f6nce Manisa\u2019ya geldim, halkla, cemaatle kayna\u015ft\u0131k. Kimse beni laik d\u00fczene kar\u015f\u0131 bir tehdit olarak g\u00f6rm\u00fcyor. \u00c7\u0131kan haberlerde bana insafs\u0131zl\u0131k yap\u0131lm\u0131\u015f. \u00d6zellikle bu hareketimiz 4+4+4 e\u011fitim sistemiyle ili\u015fkilendirilmi\u015f. Ben, cemaatimiz partiler \u00fcst\u00fcy\u00fcz. Ben bu k\u0131yafetlerle a\u015fureyi, Kerbela\u2019y\u0131 da anlatt\u0131m. Halk beni zaten bu k\u0131yafetle tan\u0131d\u0131, bildi. \u00c7ocuklar da keza \u00f6yle. Bu kadar yank\u0131 yapaca\u011f\u0131n\u0131 bilsem ilgili yerlerden m\u00fcsaade al\u0131rd\u0131m. \u00c7ocuklar derste, ezan\u0131n neden uzun okundu\u011funu, Caferilerin namaz k\u0131larken neden ellerini ba\u011flamad\u0131\u011f\u0131n\u0131 sordular. Hepsini bilgilendirdim, mezhep ayr\u0131l\u0131klar\u0131ndan bahsetmedim. Bu ayr\u0131l\u0131klar\u0131n tarihte kald\u0131\u011f\u0131n\u0131 s\u00f6yledim. Irak\u2019tan, Suriye\u2019den \u00f6rnekler verdim. Ne benim ne \u00f6\u011fretmenin art niyeti yok. Kald\u0131 ki bu \u00f6\u011frenciler cemevlerine de g\u00f6t\u00fcr\u00fclm\u00fc\u015fler. Ama\u00e7 farkl\u0131l\u0131klarla bir arada olmak. Biz b\u00fct\u00fcn mezheplere sayg\u0131l\u0131y\u0131z, farkl\u0131 bir inan\u00e7 da anlat\u0131labilirdi o s\u0131n\u0131fta. Ben siyasi arenaya kesinlikle girmem, kimsenin siyasi malzemesi olmam, kimse de beni oraya \u00e7ekmesin. \u00d6\u011frencilere sar\u0131k ve c\u00fcbbenin ancak imamlar\u0131n giyebilece\u011fini s\u00f6yledim, onlar\u0131 bu k\u0131yafete \u00f6zendirecek hi\u00e7bir \u015fey yapmad\u0131m. Hayatlar\u0131 boyunca e\u011fitimlerine \u00f6nem vermelerini belirterek \u201coku, oku, oku\u201d emrini hat\u0131rlatt\u0131m\u201d<\/p>\n<p style=\"text-align: justify;\"><strong>\u2018\u0130nceleme ba\u015flat\u0131ld\u0131\u2019\u00a0<\/strong><\/p>\n<p style=\"text-align: justify;\">Manisa \u0130l Milli E\u011fitim M\u00fcd\u00fcr\u00fc Mustafa Alt\u0131nsoy, konu ile ilgili 2 m\u00fcfetti\u015fin g\u00f6revlendirildi\u011fini s\u00f6yleyerek \u015f\u00f6yle konu\u015ftu, \u201cOlay\u0131n g\u00f6r\u00fcnt\u00fclerine bakt\u0131\u011f\u0131m\u0131zda \u00e7ok rahats\u0131z olduk. \u00d6zellikle imam\u0131n \u00fczerindeki k\u0131yafetler kamuoyunu ve biz e\u011fitimcileri rahats\u0131z etti.<\/p>\n<p style=\"text-align: justify;\">\u0130l Milli E\u011fitim M\u00fcd\u00fcrl\u00fc\u011f\u00fc\u2019nden 2 m\u00fcfetti\u015f g\u00f6revlendirdik. 1 m\u00fcfetti\u015f de bakanl\u0131ktan g\u00f6revlendirildi. Okulda \u015fu an da ara\u015ft\u0131rma, inceleme yap\u0131l\u0131yor. Soru\u015fturmaya da d\u00f6n\u00fc\u015febilir. Din bilgisi \u00f6\u011fretmeni Durmu\u015f Ali Etba\u015f, \u2018\u0130slam\u2019da farkl\u0131 anlay\u0131\u015flar\u2019 konusunu uygulamal\u0131 olarak i\u015flemek istedi\u011fi i\u00e7in okul m\u00fcd\u00fcr\u00fcn\u00fcn izniyle b\u00f6yle bir davet vermi\u015f. Ancak \u0130l\u00e7e Milli E\u011fitim M\u00fcd\u00fcrl\u00fc\u011f\u00fc\u2019nden izin almas\u0131 gerekir ya da dersi kendisini anlatmas\u0131 gerekirdi. Hi\u00e7 ho\u015f olmad\u0131.\u201d<\/p>\n<p style=\"text-align: justify;\"><a href=\"http:\/\/www.cnnturk.com\/2012\/guncel\/04\/05\/okulda.ders.veren.o.imam.konustu\/656063.0\/index.html\" target=\"_blank\">Kaynak : CNN T\u00dcRK<\/a><\/p>\n","protected":false},"excerpt":{"rendered":"<p style=\"text-align: center;\">\n<p style=\"text-align: justify;\">Manisa&#8217;da din bilgisi \u00f6\u011fretmeninin daveti \u00fczerine ilk\u00f6\u011fretimde Caferi ve Alevilik inanc\u0131n\u0131 anlatan Caferi imam Bayram Dalga, c\u00fcbbe ve sar\u0131k ele\u015ftirilerine cevap verdi.<\/p>\n<p style=\"text-align: justify;\">Vatan gazetesinin haberine g\u00f6re Manisa\u2019da din bilgisi \u00f6\u011fretmeninin daveti \u00fczerine ilk\u00f6\u011fretim 7\u2019nci s\u0131n\u0131flara Caferi ve Alevilik inanc\u0131n\u0131 anlatan Caferi imam Bayram Dalga, c\u00fcbbe ve sar\u0131k ele\u015ftirilerine <\/p>\n","protected":false},"author":1,"featured_media":0,"comment_status":"open","ping_status":"open","sticky":false,"template":"","format":"standard","meta":{"footnotes":""},"categories":[105],"tags":[],"class_list":["post-50413","post","type-post","status-publish","format-standard","hentry","category-gundem","odd"],"_links":{"self":[{"href":"http:\/\/www.korhanyilmaz.com\/index.php?rest_route=\/wp\/v2\/posts\/50413","targetHints":{"allow":["GET"]}}],"collection":[{"href":"http:\/\/www.korhanyilmaz.com\/index.php?rest_route=\/wp\/v2\/posts"}],"about":[{"href":"http:\/\/www.korhanyilmaz.com\/index.php?rest_route=\/wp\/v2\/types\/post"}],"author":[{"embeddable":true,"href":"http:\/\/www.korhanyilmaz.com\/index.php?rest_route=\/wp\/v2\/users\/1"}],"replies":[{"embeddable":true,"href":"http:\/\/www.korhanyilmaz.com\/index.php?rest_route=%2Fwp%2Fv2%2Fcomments&post=50413"}],"version-history":[{"count":0,"href":"http:\/\/www.korhanyilmaz.com\/index.php?rest_route=\/wp\/v2\/posts\/50413\/revisions"}],"wp:attachment":[{"href":"http:\/\/www.korhanyilmaz.com\/index.php?rest_route=%2Fwp%2Fv2%2Fmedia&parent=50413"}],"wp:term":[{"taxonomy":"category","embeddable":true,"href":"http:\/\/www.korhanyilmaz.com\/index.php?rest_route=%2Fwp%2Fv2%2Fcategories&post=50413"},{"taxonomy":"post_tag","embeddable":true,"href":"http:\/\/www.korhanyilmaz.com\/index.php?rest_route=%2Fwp%2Fv2%2Ftags&post=50413"}],"curies":[{"name":"wp","href":"https:\/\/api.w.org\/{rel}","templated":true}]}}