{"id":50408,"date":"2012-04-05T11:14:44","date_gmt":"2012-04-05T08:14:44","guid":{"rendered":"http:\/\/www.korhanyilmaz.com\/?p=50408"},"modified":"2012-04-05T12:07:50","modified_gmt":"2012-04-05T09:07:50","slug":"erdogandan-kilica-konusalim-mesaji","status":"publish","type":"post","link":"http:\/\/www.korhanyilmaz.com\/?p=50408","title":{"rendered":"Erdo\u011fan&#8217;dan K\u0131l\u0131\u00e7&#8217;a &#8216;konu\u015fal\u0131m&#8217; mesaj\u0131"},"content":{"rendered":"<p style=\"text-align: justify;\"><a href=\"http:\/\/www.korhanyilmaz.com\/wp-content\/uploads\/2012\/04\/A0231.jpg\"  class=\"lightview\"><img loading=\"lazy\" decoding=\"async\" class=\"aligncenter size-full wp-image-50409\" title=\"\" src=\"http:\/\/www.korhanyilmaz.com\/wp-content\/uploads\/2012\/04\/A0231.jpg\" alt=\"\" width=\"278\" height=\"257\" \/><\/a><\/p>\n<p style=\"text-align: justify;\">Ba\u015fbakan Erdo\u011fan, &#8216;yarg\u0131da ku\u015fatma polemi\u011fi&#8217;nde s\u00f6z ald\u0131: Siyasalla\u015fm\u0131\u015f yarg\u0131ya en ba\u015fta biz kar\u015f\u0131 \u00e7\u0131kar\u0131z. Ama\u00e7 hukukun \u00fcst\u00fcnl\u00fc\u011f\u00fcn\u00fc sa\u011flamak ve bundan \u015f\u00fcphesi olanla konu\u015farak \u00e7\u00f6zeriz.<\/p>\n<p style=\"text-align: justify;\">ANKARA &#8211; Ba\u015fbakan Erdo\u011fan, Anayasa Mahkemesi Ba\u015fkan\u0131 Ha\u015fim K\u0131l\u0131\u00e7&#8217;\u0131n, &#8220;Siyaset yarg\u0131y\u0131 ku\u015fatmas\u0131n&#8221; s\u00f6zlerine kar\u015f\u0131l\u0131k verdi.<\/p>\n<p style=\"text-align: justify;\">Erdo\u011fan, Dan\u0131\u015ftay&#8217;\u0131n yeni binas\u0131n\u0131n a\u00e7\u0131l\u0131\u015f\u0131nda Ha\u015fim K\u0131l\u0131\u00e7&#8217;\u0131n da dinledi\u011fi konu\u015fmas\u0131nda, g\u00fc\u00e7ler ayr\u0131l\u0131\u011f\u0131n\u0131n hassasiyetle \u00fczerinde durduklar\u0131n\u0131 belirterek, &#8220;Siyasalla\u015fm\u0131\u015f yarg\u0131 hukukun \u00fcst\u00fcnl\u00fc\u011f\u00fcn\u00fc zedeler&#8221; dedi.\u00a0<!--more--><\/p>\n<div id=\"attachment_50410\" style=\"width: 308px\" class=\"wp-caption alignleft\"><a href=\"http:\/\/www.korhanyilmaz.com\/wp-content\/uploads\/2012\/04\/A0232.jpg\"  class=\"lightview\"><img loading=\"lazy\" decoding=\"async\" aria-describedby=\"caption-attachment-50410\" class=\"size-full wp-image-50410\" style=\"margin-left: 10px; margin-right: 10px;\" src=\"http:\/\/www.korhanyilmaz.com\/wp-content\/uploads\/2012\/04\/A0232.jpg\" alt=\"\" width=\"298\" height=\"217\" \/><\/a><p id=\"caption-attachment-50410\" class=\"wp-caption-text\">Anayasa Mahkemesi Ba\u015fkan\u0131 K\u0131l\u0131\u00e7 da Erdo\u011fan'\u0131 dinledi (Ar\u015fiv)<\/p><\/div>\n<p style=\"text-align: justify;\">&#8220;Yag\u0131n\u0131n siyasalla\u015fmas\u0131na izin vermeyecek olan en ba\u015fta bizleriz&#8221; ifadesini kullanan ve yeni anayasada en \u00f6nde gelen amac\u0131n hukukun \u00fcst\u00fcnl\u00fc\u011f\u00fcn\u00fcn sa\u011flanmas\u0131 oldu\u011funu belirten Erdo\u011fan, &#8220;Bundan \u015f\u00fcphe duyanla isti\u015fare ederiz&#8221; dedi.<\/p>\n<p style=\"text-align: justify;\">Erdo\u011fan, Ha\u015fim K\u0131l\u0131\u00e7&#8217;\u0131n yan\u0131 s\u0131ra Cumhurba\u015fkan\u0131 Abdullah G\u00fcl, TBMM Ba\u015fkan\u0131 Cemil \u00c7i\u00e7ek, Yarg\u0131tay ve Dan\u0131\u015ftay ba\u015fkanlar\u0131n\u0131n dinledi\u011fi konu\u015fmas\u0131nda, &#8220;Yarg\u0131n\u0131n siyasalla\u015fmas\u0131n\u0131n kar\u015f\u0131s\u0131nda ilk duracak olan, hi\u00e7 kimsenin ku\u015fkusu olmas\u0131n biz oluruz. Yarg\u0131n\u0131n siyasalla\u015fmas\u0131na m\u00fcsamaha g\u00f6stermeyecek, g\u00f6z yummayacak olan ilk \u00f6nce biz oluruz&#8221; dedi.<\/p>\n<p style=\"text-align: justify;\">Yeni anayasada, en ba\u015fta hukuku g\u00fc\u00e7lendirme, hukukun \u00fcst\u00fcnl\u00fc\u011f\u00fcn\u00fc daha g\u00fc\u00e7l\u00fc hale getirme gayreti i\u00e7inde olduklar\u0131n\u0131 belirten Erdo\u011fan, &#8220;Bundan \u015f\u00fcphe eden varsa konu\u015farak, isti\u015fare ederek \u00e7\u00f6zeriz&#8221; ifadesini kulland\u0131.<\/p>\n<p style=\"text-align: justify;\">Erdo\u011fan, &#8221;Y\u00fcr\u00fctme, yarg\u0131 ve yasaman\u0131n hi\u00e7biri di\u011ferini tahakk\u00fcm alt\u0131na almaya, ku\u015fatmaya veya onun yerine ge\u00e7meye \u00e7al\u0131\u015fmadan, kimse kimseye \u00fcst\u00fcnl\u00fck taslamadan, sadece kendi i\u015fini en iyi \u015fekilde yapman\u0131n pe\u015finde olmal\u0131d\u0131r&#8217; dedi.<\/p>\n<p style=\"text-align: justify;\">Erdo\u011fan, &#8221;Demokrasiye olan samimi inanc\u0131m\u0131z\u0131 ve ba\u011fl\u0131l\u0131\u011f\u0131m\u0131z\u0131 devam ettirdi\u011fimiz m\u00fcddet\u00e7e, yorum farkl\u0131l\u0131klar\u0131ndan, y\u00f6ntem farkl\u0131l\u0131klar\u0131ndan, hatta \u00e7o\u011fu defa oldu\u011fu gibi yanl\u0131\u015f anlamalardan kaynaklanan s\u0131k\u0131nt\u0131lar\u0131 kolayca a\u015faca\u011f\u0131m\u0131zdan kimsenin \u015f\u00fcphesi olmas\u0131n&#8221; \u015feklinde konu\u015ftu.<\/p>\n<p style=\"text-align: justify;\"><a href=\"http:\/\/www.ntvmsnbc.com\/id\/25337016\/\" target=\"_blank\">Kaynak : NTVMSNBC<\/a><\/p>\n","protected":false},"excerpt":{"rendered":"<p style=\"text-align: justify;\">\n<p style=\"text-align: justify;\">Ba\u015fbakan Erdo\u011fan, &#8216;yarg\u0131da ku\u015fatma polemi\u011fi&#8217;nde s\u00f6z ald\u0131: Siyasalla\u015fm\u0131\u015f yarg\u0131ya en ba\u015fta biz kar\u015f\u0131 \u00e7\u0131kar\u0131z. Ama\u00e7 hukukun \u00fcst\u00fcnl\u00fc\u011f\u00fcn\u00fc sa\u011flamak ve bundan \u015f\u00fcphesi olanla konu\u015farak \u00e7\u00f6zeriz.<\/p>\n<p style=\"text-align: justify;\">ANKARA &#8211; Ba\u015fbakan Erdo\u011fan, Anayasa Mahkemesi Ba\u015fkan\u0131 Ha\u015fim K\u0131l\u0131\u00e7&#8217;\u0131n, &#8220;Siyaset yarg\u0131y\u0131 ku\u015fatmas\u0131n&#8221; s\u00f6zlerine kar\u015f\u0131l\u0131k verdi.<\/p>\n<p style=\"text-align: justify;\">Erdo\u011fan, Dan\u0131\u015ftay&#8217;\u0131n yeni binas\u0131n\u0131n a\u00e7\u0131l\u0131\u015f\u0131nda Ha\u015fim K\u0131l\u0131\u00e7&#8217;\u0131n <\/p>\n","protected":false},"author":1,"featured_media":0,"comment_status":"open","ping_status":"open","sticky":false,"template":"","format":"standard","meta":{"footnotes":""},"categories":[105],"tags":[],"class_list":["post-50408","post","type-post","status-publish","format-standard","hentry","category-gundem","odd"],"_links":{"self":[{"href":"http:\/\/www.korhanyilmaz.com\/index.php?rest_route=\/wp\/v2\/posts\/50408","targetHints":{"allow":["GET"]}}],"collection":[{"href":"http:\/\/www.korhanyilmaz.com\/index.php?rest_route=\/wp\/v2\/posts"}],"about":[{"href":"http:\/\/www.korhanyilmaz.com\/index.php?rest_route=\/wp\/v2\/types\/post"}],"author":[{"embeddable":true,"href":"http:\/\/www.korhanyilmaz.com\/index.php?rest_route=\/wp\/v2\/users\/1"}],"replies":[{"embeddable":true,"href":"http:\/\/www.korhanyilmaz.com\/index.php?rest_route=%2Fwp%2Fv2%2Fcomments&post=50408"}],"version-history":[{"count":0,"href":"http:\/\/www.korhanyilmaz.com\/index.php?rest_route=\/wp\/v2\/posts\/50408\/revisions"}],"wp:attachment":[{"href":"http:\/\/www.korhanyilmaz.com\/index.php?rest_route=%2Fwp%2Fv2%2Fmedia&parent=50408"}],"wp:term":[{"taxonomy":"category","embeddable":true,"href":"http:\/\/www.korhanyilmaz.com\/index.php?rest_route=%2Fwp%2Fv2%2Fcategories&post=50408"},{"taxonomy":"post_tag","embeddable":true,"href":"http:\/\/www.korhanyilmaz.com\/index.php?rest_route=%2Fwp%2Fv2%2Ftags&post=50408"}],"curies":[{"name":"wp","href":"https:\/\/api.w.org\/{rel}","templated":true}]}}