{"id":50366,"date":"2012-04-03T07:48:10","date_gmt":"2012-04-03T04:48:10","guid":{"rendered":"http:\/\/www.korhanyilmaz.com\/?p=50366"},"modified":"2012-04-03T11:21:06","modified_gmt":"2012-04-03T08:21:06","slug":"herkes-sinirina-cekilsin","status":"publish","type":"post","link":"http:\/\/www.korhanyilmaz.com\/?p=50366","title":{"rendered":"&#8220;Herkes s\u0131n\u0131r\u0131na \u00e7ekilsin&#8221;"},"content":{"rendered":"<p style=\"text-align: center;\"><a href=\"http:\/\/www.korhanyilmaz.com\/wp-content\/uploads\/2012\/04\/A0220.jpg\"  class=\"lightview\"><img loading=\"lazy\" decoding=\"async\" class=\"aligncenter  wp-image-50367\" src=\"http:\/\/www.korhanyilmaz.com\/wp-content\/uploads\/2012\/04\/A0220.jpg\" alt=\"\" width=\"396\" height=\"180\" \/><\/a><\/p>\n<p style=\"text-align: justify;\">Anayasa Mahkemesi Ha\u015fim K\u0131l\u0131\u00e7 d\u00fcnk\u00fc yarg\u0131 toplant\u0131s\u0131nda yapt\u0131\u011f\u0131 sert a\u00e7\u0131klamalara yenilerini ekledi.<\/p>\n<p style=\"text-align: justify;\">ANKARA &#8211; Anayasa Mahkemesi Ha\u015fim K\u0131l\u0131\u00e7&#8217;\u0131n d\u00fcnk\u00fc yarg\u0131 toplant\u0131s\u0131nda yapt\u0131\u011f\u0131 konu\u015fman\u0131n ard\u0131ndan Milliyet gazetesi yazar\u0131 Fikret Bila&#8217;ya a\u00e7\u0131klamaklarda bulundu. K\u0131l\u0131\u00e7, konu\u015fmas\u0131nda ilgin\u00e7 \u00e7\u0131k\u0131\u015f\u0131 neden yapt\u0131\u011f\u0131n\u0131 ve kimi kastetti\u011fini a\u00e7\u0131klad\u0131.\u00a0<!--more--><\/p>\n<p style=\"text-align: justify;\"><strong><span style=\"text-decoration: underline;\">\u0130\u015fte Fikret Bila&#8217;n\u0131n yaz\u0131s\u0131:\u00a0<\/span><\/strong><\/p>\n<p style=\"text-align: justify;\">Anayasa Mahkemesi Ba\u015fkan\u0131 Ha\u015fim K\u0131l\u0131\u00e7, Adalet Bakanl\u0131\u011f\u0131\u2019n\u0131n d\u00fczenledi\u011fi Uluslararas\u0131 Yarg\u0131 Sempozyumu\u2019nda \u00e7ok \u00e7arp\u0131c\u0131 bir konu\u015fma yapt\u0131.<\/p>\n<p style=\"text-align: justify;\">Yarg\u0131n\u0131n i\u015flevi, insan hak ve \u00f6zg\u00fcrl\u00fckleri ile insan onuru ekseninde hukuk felsefesi a\u011f\u0131rl\u0131kl\u0131 konu\u015fan K\u0131l\u0131\u00e7, yasama, y\u00fcr\u00fctme ve yarg\u0131 organlar\u0131na da \u00f6nemli g\u00f6ndermeler yapt\u0131. Devam eden davalar\u0131 a\u00e7\u0131ktan konu etmemekle birlikte, yarg\u0131 ve siyasete d\u00f6n\u00fck ele\u015ftiri ve temennileriyle \u201colmas\u0131 gereken\u201di tarif etti.<\/p>\n<p style=\"text-align: justify;\">K\u0131l\u0131\u00e7\u2019\u0131n konu\u015fmas\u0131nda, \u201cD\u00fcn yarg\u0131n\u0131n siyaseti ku\u015fatma gayretlerine kar\u015f\u0131 \u00e7\u0131kt\u0131\u011f\u0131m\u0131z gibi bug\u00fcn de siyasetin yarg\u0131y\u0131 ku\u015fatmas\u0131na izin vermeyece\u011fiz\u201d s\u00f6z\u00fc dikkat \u00e7ekiciydi.<\/p>\n<p style=\"text-align: justify;\">K\u0131l\u0131\u00e7\u2019la sempozyumda yapt\u0131\u011f\u0131 konu\u015fmadan sonra telefonla g\u00f6r\u00fc\u015ft\u00fcm. B\u00f6yle bir konu\u015fmaya neden ihtiya\u00e7 duydu\u011funu sordum. \u015eu yan\u0131t\u0131 verdi:<\/p>\n<p style=\"text-align: justify;\"><strong>HER ERK SINIRI \u0130\u00c7\u0130NDE KALMALI<\/strong><\/p>\n<p style=\"text-align: justify;\">\u201cBen genel yakla\u015f\u0131m\u0131m\u0131z\u0131 ortaya koydum. \u00d6nemli olan erkler ayr\u0131l\u0131\u011f\u0131 prensibinin lay\u0131k\u0131yla uygulanmas\u0131d\u0131r. Ancak zaman zaman yasama, y\u00fcr\u00fctme ve yarg\u0131 erklerinin s\u0131n\u0131rlar\u0131 i\u00e7inde kalmad\u0131\u011f\u0131na, s\u0131n\u0131rlar\u0131n\u0131 zorlad\u0131\u011f\u0131na ve bunun da \u00f6nemli problemler yaratt\u0131\u011f\u0131na tan\u0131k olduk. Her erk kendi s\u0131n\u0131rlar\u0131na \u00e7ekilmelidir. Benim vermek iste\u011fim temel mesaj, yasaman\u0131n da yarg\u0131n\u0131n da y\u00fcr\u00fctmenin de y\u00fcr\u00fctme i\u00e7indeki kurulu\u015flar\u0131n da kendi s\u0131n\u0131rlar\u0131nda kalmaya \u00f6zen g\u00f6stermeleridir, s\u0131n\u0131rlar\u0131n\u0131 bilmeleridir.\u201d<\/p>\n<p style=\"text-align: justify;\"><strong>K\u0130M K\u0130M\u0130 KU\u015eATIYOR?<\/strong><\/p>\n<p style=\"text-align: justify;\">K\u0131l\u0131\u00e7\u2019a yarg\u0131n\u0131n siyaseti, siyasetin de yarg\u0131y\u0131 ku\u015fatmas\u0131na izin vermeyece\u011fiz, s\u00f6z\u00fcn\u00fc an\u0131msatarak, neyi kastetti\u011fini sordu\u011fumda ise, yan\u0131t\u0131 \u015fu oldu:<\/p>\n<p style=\"text-align: justify;\">\u201cBu da erklerin s\u0131n\u0131rlar\u0131yla ilgili bir konu. Eyl\u00fcl 2010 referandumu \u00f6ncesinde yarg\u0131n\u0131n siyasete m\u00fcdahale niteli\u011finde uygulamalar\u0131na tan\u0131k olduk. Bunlara kar\u015f\u0131 durduk. Yarg\u0131n\u0131n siyasetin yetki alan\u0131na m\u00fcdahalesi erkler ayr\u0131l\u0131\u011f\u0131yla ba\u011fda\u015fmaz. Ayn\u0131 \u015fekilde siyasetin yarg\u0131ya m\u00fcdahalesi de ba\u011fda\u015fmaz. Bu t\u00fcr gayretlerin yaratt\u0131\u011f\u0131 s\u0131k\u0131nt\u0131lar\u0131 ya\u015fad\u0131k. Buna dikkat \u00e7ekmek istedim.\u201d<\/p>\n<p style=\"text-align: justify;\"><strong>\u0130NSAN ONURU EN Y\u00dcCE DE\u011eER<\/strong><\/p>\n<p style=\"text-align: justify;\">K\u0131l\u0131\u00e7, konu\u015fmas\u0131nda insan hak ve h\u00fcrriyetlerinin \u00f6nemine dikkat \u00e7ekmi\u015f ve \u201cmasumun g\u00f6zya\u015f\u0131 tan\u0131d\u0131k silahlar\u0131ndan daha etkilidir\u201d demi\u015fti. Bu s\u00f6zlerini biraz daha a\u00e7mas\u0131n\u0131 istedi\u011fimde \u015fu yan\u0131t\u0131 verdi: \u201cBana g\u00f6re, insan onuru en y\u00fcce de\u011ferdir. \u00d6nemli olan insan hak ve \u00f6zg\u00fcrl\u00fcklerini ihlal etmemektir. Masumun g\u00f6zya\u015f\u0131 bu nedenle \u00e7ok \u00f6nemlidir, \u00e7ok etkilidir. Bunu vurgulamak istedim. Yarg\u0131 da yarg\u0131lama s\u00fcreci i\u00e7inde insan onurunu esas almal\u0131, g\u00f6zetmeli; insan hak ve h\u00fcrriyetlerinin ihlaline sebebiyet vermemelidir. Onuru \u00e7i\u011fnenmi\u015f bir insan\u0131n i\u00e7inde n\u00fckleer enerji birikiyor. Ve bu bir \u015fekilde a\u00e7\u0131\u011fa \u00e7\u0131k\u0131yor. Yarg\u0131 da y\u00fcr\u00fctme de yasama da insan hak ve \u00f6zg\u00fcrl\u00fckleri konusunda \u00e7ok dikkatli olmal\u0131, insan onurunu zedelememek i\u00e7in \u00e7ok hassas olmal\u0131d\u0131r.\u201d<\/p>\n<p style=\"text-align: justify;\"><strong>SE\u00c7\u0130M KUTUPLA\u015eTIRIYOR<\/strong><\/p>\n<p style=\"text-align: justify;\">K\u0131l\u0131\u00e7\u2019\u0131n, yarg\u0131daki se\u00e7imlere ili\u015fkin ele\u015ftirilerinin dayana\u011f\u0131n\u0131 da sordum. \u015eu yan\u0131t\u0131 verdi: \u201cYarg\u0131da se\u00e7im y\u00f6ntemi \u00e7ok hassas bir konudur. Se\u00e7imle al\u0131nacak g\u00f6revlerin \u00e7oklu\u011fu yarg\u0131\u00e7lar a\u00e7\u0131s\u0131ndan sorunlar yarat\u0131yor. Se\u00e7im faaliyetleri gerektiriyor. Aday olan yarg\u0131\u00e7 oy alabilmek i\u00e7in meslekta\u015flar\u0131n\u0131 birka\u00e7 kez ziyaret ediyor; bu konuya \u00e7ok zaman ay\u0131r\u0131yor, adayl\u0131k rekabeti meslekta\u015flar aras\u0131nda ayr\u0131\u015fmaya, kutupla\u015fmaya neden oluyor. Bu nedenle ben y\u00fcksek yarg\u0131daki se\u00e7imle al\u0131nacak g\u00f6revlerin ve y\u00f6ntemin g\u00f6zden ge\u00e7irilmesi gerekti\u011fine inan\u0131yorum.\u201d<\/p>\n<p style=\"text-align: justify;\"><strong>\u0130\u00c7T\u0130HATLAR DA VAR<\/strong><\/p>\n<p style=\"text-align: justify;\">K\u0131l\u0131\u00e7, yarg\u0131n\u0131n yorum alan\u0131n\u0131n daralt\u0131lmas\u0131n\u0131 da \u015f\u00f6yle ele\u015ftirdi: \u201cKar\u015f\u0131la\u015f\u0131lan her sorunla ilgili kanun \u00e7\u0131kar\u0131lmas\u0131, yarg\u0131n\u0131n yorum alan\u0131n\u0131 daralt\u0131yor. Oysa her sorun kanunla \u00e7\u00f6z\u00fclmez. Bu uygulamayla ilgili bir konudur. Baz\u0131 sorunlar\u0131 yarg\u0131, yorum ve g\u00fc\u00e7l\u00fc i\u00e7tihatlar\u0131yla \u00e7\u00f6zer. Her soruna bir kanun \u00e7\u0131kard\u0131\u011f\u0131n\u0131zda yarg\u0131n\u0131n bu alan\u0131n\u0131 daraltm\u0131\u015f oluyorsunuz. H\u00e2kimlerin de uygulama birli\u011fi a\u00e7\u0131s\u0131ndan dikkatli olmalar\u0131, \u00f6zellikle evrensel de\u011ferler ve kurallarla yak\u0131nla\u015fmalar\u0131 gerekir. Onlardan uzak kalmamalar\u0131, takip etmeleri ve uygulamaya ge\u00e7irmeleri g\u00f6revleridir.\u201d<\/p>\n<p style=\"text-align: justify;\"><strong>M\u00dcYESSER HANIM&#8217;A YANIT<\/strong><\/p>\n<p style=\"text-align: justify;\">K\u0131l\u0131\u00e7, meslekta\u015f\u0131m\u0131z M\u00fcyesser Y\u0131ld\u0131z\u2019\u0131n Silivri\u2019deki ko\u015fullarla ilgili olarak g\u00f6nderdi\u011fi mektuba verdi\u011fi yan\u0131tla ilgili sorumu da \u015f\u00f6yle yan\u0131tlad\u0131: \u201cBen \u015fahsen M\u00fcyesser Han\u0131m\u2019\u0131 tan\u0131m\u0131yorum. Gazeteci olarak yazd\u0131klar\u0131ndan biliyorum. O kadar duygu y\u00fckl\u00fc bir mektup yazm\u0131\u015f ki, cevap vermek ihtiyac\u0131 duydum. Tabii devam eden dava oldu\u011fu i\u00e7in hukuki bir yorumda bulunmam do\u011fru olmazd\u0131. Ama insani y\u00f6n\u00fc itibar\u0131yla duyars\u0131z kalamazd\u0131m. Bir anlamda M\u00fcyesser Han\u0131m\u2019\u0131n sesini duyurmak istedim. Bir\u00e7ok ki\u015fiye, makama yazm\u0131\u015f ama hi\u00e7 cevap alamam\u0131\u015f buna da ayr\u0131ca \u00fcz\u00fcld\u00fcm.\u201d<\/p>\n<p style=\"text-align: justify;\"><a href=\"http:\/\/www.gazeteport.com.tr\/haber\/87877\/quotherkes_sinirina_cekilsinquot\" target=\"_blank\">Kaynak : GAZETEPORT<\/a><\/p>\n","protected":false},"excerpt":{"rendered":"<p style=\"text-align: center;\">\n<p style=\"text-align: justify;\">Anayasa Mahkemesi Ha\u015fim K\u0131l\u0131\u00e7 d\u00fcnk\u00fc yarg\u0131 toplant\u0131s\u0131nda yapt\u0131\u011f\u0131 sert a\u00e7\u0131klamalara yenilerini ekledi.<\/p>\n<p style=\"text-align: justify;\">ANKARA &#8211; Anayasa Mahkemesi Ha\u015fim K\u0131l\u0131\u00e7&#8217;\u0131n d\u00fcnk\u00fc yarg\u0131 toplant\u0131s\u0131nda yapt\u0131\u011f\u0131 konu\u015fman\u0131n ard\u0131ndan Milliyet gazetesi yazar\u0131 Fikret Bila&#8217;ya a\u00e7\u0131klamaklarda bulundu. K\u0131l\u0131\u00e7, konu\u015fmas\u0131nda ilgin\u00e7 \u00e7\u0131k\u0131\u015f\u0131 neden yapt\u0131\u011f\u0131n\u0131 ve kimi kastetti\u011fini a\u00e7\u0131klad\u0131. <\/p>\n","protected":false},"author":1,"featured_media":0,"comment_status":"open","ping_status":"open","sticky":false,"template":"","format":"standard","meta":{"footnotes":""},"categories":[105],"tags":[],"class_list":["post-50366","post","type-post","status-publish","format-standard","hentry","category-gundem","odd"],"_links":{"self":[{"href":"http:\/\/www.korhanyilmaz.com\/index.php?rest_route=\/wp\/v2\/posts\/50366","targetHints":{"allow":["GET"]}}],"collection":[{"href":"http:\/\/www.korhanyilmaz.com\/index.php?rest_route=\/wp\/v2\/posts"}],"about":[{"href":"http:\/\/www.korhanyilmaz.com\/index.php?rest_route=\/wp\/v2\/types\/post"}],"author":[{"embeddable":true,"href":"http:\/\/www.korhanyilmaz.com\/index.php?rest_route=\/wp\/v2\/users\/1"}],"replies":[{"embeddable":true,"href":"http:\/\/www.korhanyilmaz.com\/index.php?rest_route=%2Fwp%2Fv2%2Fcomments&post=50366"}],"version-history":[{"count":0,"href":"http:\/\/www.korhanyilmaz.com\/index.php?rest_route=\/wp\/v2\/posts\/50366\/revisions"}],"wp:attachment":[{"href":"http:\/\/www.korhanyilmaz.com\/index.php?rest_route=%2Fwp%2Fv2%2Fmedia&parent=50366"}],"wp:term":[{"taxonomy":"category","embeddable":true,"href":"http:\/\/www.korhanyilmaz.com\/index.php?rest_route=%2Fwp%2Fv2%2Fcategories&post=50366"},{"taxonomy":"post_tag","embeddable":true,"href":"http:\/\/www.korhanyilmaz.com\/index.php?rest_route=%2Fwp%2Fv2%2Ftags&post=50366"}],"curies":[{"name":"wp","href":"https:\/\/api.w.org\/{rel}","templated":true}]}}