{"id":50362,"date":"2012-04-02T20:06:45","date_gmt":"2012-04-02T17:06:45","guid":{"rendered":"http:\/\/www.korhanyilmaz.com\/?p=50362"},"modified":"2012-04-03T01:55:36","modified_gmt":"2012-04-02T22:55:36","slug":"arinc-12-eylul-davasina-mudahil-olmaya-karar-verdik","status":"publish","type":"post","link":"http:\/\/www.korhanyilmaz.com\/?p=50362","title":{"rendered":"Ar\u0131n\u00e7: 12 Eyl\u00fcl davas\u0131na m\u00fcdahil olmaya karar verdik"},"content":{"rendered":"<p style=\"text-align: center;\"><a href=\"http:\/\/www.korhanyilmaz.com\/wp-content\/uploads\/2012\/04\/A0219.jpg\"  class=\"lightview\"><img loading=\"lazy\" decoding=\"async\" class=\"aligncenter  wp-image-50363\" src=\"http:\/\/www.korhanyilmaz.com\/wp-content\/uploads\/2012\/04\/A0219.jpg\" alt=\"\" width=\"320\" height=\"214\" \/><\/a><\/p>\n<p style=\"text-align: justify;\">Ba\u015fbakan Yard\u0131mc\u0131s\u0131 ve H\u00fck\u00fcmet S\u00f6zc\u00fcs\u00fc B\u00fclent Ar\u0131n\u00e7, Bakanlar Kurulu&#8217;nca, 12 Eyl\u00fcl askeri darbesine ili\u015fkin davaya m\u00fcdahil olunmas\u0131 karar\u0131 al\u0131nd\u0131\u011f\u0131n\u0131 bildirdi.<\/p>\n<p style=\"text-align: justify;\">ANKARA &#8211; Ar\u0131n\u00e7, Bakanlar Kurulu toplant\u0131s\u0131 s\u00fcrerken, a\u00e7\u0131klamalarda bulundu. 12 Eyl\u00fcl askeri darbesiyle ilgili a\u00e7\u0131lan davan\u0131n 4 Nisan&#8217;da g\u00f6r\u00fclmeye ba\u015flanaca\u011f\u0131na i\u015faret eden Ar\u0131n\u00e7, davan\u0131n Bakanlar Kurulu&#8217;nu da yak\u0131ndan ilgilendirdi\u011fini s\u00f6yledi.\u00a0<!--more--><\/p>\n<p style=\"text-align: justify;\">Davayla ilgili iddianamede san\u0131klara isnat edilen su\u00e7un, \u201cT\u00fcrkiye Cumhuriyeti Anayasas\u0131&#8217;n\u0131n tamam\u0131n\u0131 veya bir k\u0131sm\u0131n\u0131 de\u011fi\u015ftirmeye veya ortadan kald\u0131rmaya, anayasayla te\u015fekk\u00fcl etmi\u015f olan T\u00fcrkiye B\u00fcy\u00fck Millet Meclisi&#8217;ni ortadan kald\u0131rmaya veya g\u00f6revini yapmaya engel olmaya cebren te\u015febb\u00fcs etmek\u201d oldu\u011funu ifade eden Ar\u0131n\u00e7, \u015f\u00f6yle devam etti:<\/p>\n<p style=\"text-align: justify;\">\u201cYani T\u00fcrk Ceza Kanunu&#8217;nun 146. maddesi. Asl\u0131nda Bakanlar Kurulu&#8217;nu ortadan kald\u0131rmaya te\u015febb\u00fcs TCK&#8217;n\u0131n 147. maddesinde d\u00fczenlenmi\u015f. Ancak iddianamede bu konu da ayr\u0131nt\u0131lar\u0131yla irdelenmi\u015f, a\u00e7\u0131klanm\u0131\u015f. Bu san\u0131klar\u0131n eylemleriyle ilgili hem 146. maddeyi hem de 147. maddeyi ihlal ettikleri ancak Anayasa ve Meclis&#8217;in ortadan kald\u0131r\u0131lmas\u0131 halinde h\u00fck\u00fcmetin de ortadan kalkaca\u011f\u0131 i\u00e7in 146. maddede belirtilen su\u00e7un daha a\u011f\u0131r sonu\u00e7lar\u0131 bulundu\u011fu belirtilerek, 146. maddenin uygulanmas\u0131 istenmi\u015f. Bu konu Bakanlar Kurulu&#8217;nda da g\u00f6r\u00fc\u015f\u00fcld\u00fc. B\u00fct\u00fcn bakan arkada\u015flar\u0131m\u0131z iddianame, isnat edilen su\u00e7lar ve 12 Eyl\u00fcl darbesinin muhatab\u0131 bir kurum olarak Bakanlar Kurulumuzun da bu davaya m\u00fcdahil olup olmamas\u0131 konusunda g\u00f6r\u00fc\u015flerini, d\u00fc\u015f\u00fcncelerini ifade ettiler.<\/p>\n<p style=\"text-align: justify;\">\u015e\u00fcphesiz daha a\u011f\u0131r bir cezay\u0131 gerektiren 146. madde i\u00e7erisinde san\u0131klara atfedilen T\u00fcrk Ceza Kanunu maddesi \u00f6ng\u00f6r\u00fclm\u00fc\u015fse 147. madde yani Bakanlar Kurulu&#8217;nu da ortadan kald\u0131rmaya te\u015febb\u00fcs bunun i\u00e7erisinde \u00f6ng\u00f6r\u00fclm\u00fc\u015f bir ba\u015fka su\u00e7 olarak kar\u015f\u0131m\u0131za \u00e7\u0131k\u0131yor. Asl\u0131nda TBMM ve anayasa cebren, ilga ile ortadan kald\u0131rmaya te\u015febb\u00fcs edilmi\u015fse hepimizin bildi\u011fi gibi h\u00fck\u00fcmetlerin de faaliyetlerine son verilmi\u015f, asl\u0131nda bu darbeler, h\u00fck\u00fcmetlere kar\u015f\u0131 da do\u011frudan yap\u0131lm\u0131\u015f bir a\u011f\u0131r, ciddi eylem olarak ortaya \u00e7\u0131kmaktad\u0131r. Dolay\u0131s\u0131yla bu davaya m\u00fcdahil olunmas\u0131 karar\u0131 verilmi\u015ftir.\u201d<\/p>\n<p style=\"text-align: justify;\">Ar\u0131n\u00e7, duru\u015fma 4 Nisan&#8217;da ba\u015flayaca\u011f\u0131 i\u00e7in \u201cyar\u0131n veya bir ba\u015fka g\u00fcn, Bakanlar Kurulu ad\u0131na Ba\u015fbakan veya yetkilendirebilece\u011fi bir ba\u015fka ki\u015finin m\u00fcdahillik talebini 12. A\u011f\u0131r Ceza Mahkemesi&#8217;ne iletece\u011fini\u201d belirterek, \u201cDava, m\u00fcdahil olarak taraf\u0131m\u0131zdan Bakanlar Kurulu olarak takip edilecektir\u201d dedi.<\/p>\n<p style=\"text-align: justify;\"><strong>NESL\u0130\u015eAH SULTAN\u2019IN CENAZES\u0130NE KATILACAK<\/strong><\/p>\n<p style=\"text-align: justify;\">Ar\u0131n\u00e7, Osmanl\u0131 Hanedan\u0131&#8217;n\u0131n en ya\u015fl\u0131 \u00fcyesi Nesli\u015fah Sultan&#8217;\u0131n vefat\u0131n\u0131n ard\u0131ndan defin i\u015flemleri ile ilgili h\u00fck\u00fcmete herhangi bir ba\u015fvuru yap\u0131l\u0131p yap\u0131lmad\u0131\u011f\u0131na ili\u015fkin bir soru \u00fczerine, Nesli\u015fah Sultan&#8217;\u0131n vefat etti\u011fi haberinin Bakanlar Kurulu toplant\u0131s\u0131 s\u0131ras\u0131nda iletildi\u011fini s\u00f6yledi.<\/p>\n<p style=\"text-align: justify;\">Nesli\u015fah Sultan&#8217;\u0131n yar\u0131n defnedilece\u011fini belirten Ar\u0131n\u00e7, h\u00fck\u00fcmet ad\u0131na kendisinin cenazeye kat\u0131laca\u011f\u0131n\u0131 bildirdi. Ba\u015fbakan Erdo\u011fan&#8217;\u0131n taziyelerini Nesli\u015fah Sultan&#8217;\u0131n yak\u0131nlar\u0131na iletmek i\u00e7in g\u00f6revlendirildi\u011fini kaydeden Ar\u0131n\u00e7, taziyelerin yar\u0131n Y\u0131ld\u0131z&#8217;da Mabeyn K\u00f6\u015fk\u00fc&#8217;nde iletilece\u011fini ifade etti.<\/p>\n<p style=\"text-align: justify;\"><strong>\u2018SEV\u0130MS\u0130Z B\u0130R \u0130\u015e AMA YAPMAK ZORUNDA KALDIK\u2019<\/strong><\/p>\n<p style=\"text-align: justify;\">Ar\u0131n\u00e7, \u201cM\u0130T ile ilgili y\u00fcr\u00fct\u00fclen soru\u015fturmada ikinci kez ifadelerin al\u0131nmas\u0131 i\u00e7in Ba\u015fbakan&#8217;dan izin talep edilmi\u015fti. Bu noktada izin talebinin ak\u0131betine ili\u015fkin bir yan\u0131t verildi mi?\u201d sorusuna, \u201cBilemiyorum. Say\u0131n Ba\u015fbakan\u0131m\u0131za da ge\u00e7ti\u011fimiz g\u00fcnlerde sormu\u015ftunuz. O bir cevap vermi\u015fti. O cevab\u0131n \u00fczerine hi\u00e7bir g\u00f6r\u00fc\u015fme yapmad\u0131k\u201d yan\u0131t\u0131n\u0131 verdi.<\/p>\n<p style=\"text-align: justify;\">B\u00fclent Ar\u0131n\u00e7, elektrik ve do\u011falgaza yap\u0131lan zamlarla ilgili sorulan bir soruya \u015fu yan\u0131t\u0131 verdi:<\/p>\n<p style=\"text-align: justify;\">\u201cSay\u0131n Enerji Bakan\u0131m\u0131z bu konuda hem bir televizyon program\u0131nda hem de daha sonra bir vesileyle bir a\u00e7\u0131klama yapt\u0131. Bunun bir zaruretten kaynakland\u0131\u011f\u0131n\u0131 ifade etti. Hem baz\u0131 \u00fclkelerle ilgili geli\u015fmeler \u00fczerine hem de d\u00fcnya piyasas\u0131ndaki akaryak\u0131t fiyatlar\u0131ndaki geli\u015fmeler dolay\u0131s\u0131yla b\u00f6yle bir zamm\u0131 yapmak zorunda kald\u0131klar\u0131n\u0131 ifade ettiler. Bunun d\u0131\u015f\u0131nda ayr\u0131ca Bakanlar Kurulu&#8217;na yeni bir bilgi sunulmad\u0131.<\/p>\n<p style=\"text-align: justify;\">Bildi\u011fimiz kadar\u0131yla elektri\u011fe de T\u00fcrkiye&#8217;de uzun s\u00fcredir zam yap\u0131lmam\u0131\u015ft\u0131. Do\u011falgaza da uzun s\u00fcre zam yap\u0131lmam\u0131\u015ft\u0131. \u00d6zellikle yaz aylar\u0131na girmek \u00fczereyiz. Belki do\u011falgaz ihtiyac\u0131m\u0131z eskisi kadar \u0131s\u0131nma ama\u00e7l\u0131 olmayacak. Ama d\u00fcnya piyasas\u0131ndaki ve baz\u0131 \u00fclkelerdeki konjonkt\u00fcrel geli\u015fmeler b\u00f6yle bir zamm\u0131n yap\u0131lmas\u0131n\u0131 gerekli k\u0131lm\u0131\u015f durumda. Sevimsiz bir i\u015f ama bunu yapmak zorunda kald\u0131\u011f\u0131m\u0131z\u0131 Say\u0131n Bakan\u0131m\u0131z ifade ettiler.\u201d (AA)<\/p>\n<p style=\"text-align: justify;\"><a href=\"http:\/\/www.radikal.com.tr\/Radikal.aspx?aType=RadikalDetayV3&amp;ArticleID=1083700&amp;CategoryID=78\" target=\"_blank\">Kaynak : Radikal.com.tr<\/a><\/p>\n","protected":false},"excerpt":{"rendered":"<p style=\"text-align: center;\">\n<p style=\"text-align: justify;\">Ba\u015fbakan Yard\u0131mc\u0131s\u0131 ve H\u00fck\u00fcmet S\u00f6zc\u00fcs\u00fc B\u00fclent Ar\u0131n\u00e7, Bakanlar Kurulu&#8217;nca, 12 Eyl\u00fcl askeri darbesine ili\u015fkin davaya m\u00fcdahil olunmas\u0131 karar\u0131 al\u0131nd\u0131\u011f\u0131n\u0131 bildirdi.<\/p>\n<p style=\"text-align: justify;\">ANKARA &#8211; Ar\u0131n\u00e7, Bakanlar Kurulu toplant\u0131s\u0131 s\u00fcrerken, a\u00e7\u0131klamalarda bulundu. 12 Eyl\u00fcl askeri darbesiyle ilgili a\u00e7\u0131lan davan\u0131n 4 Nisan&#8217;da g\u00f6r\u00fclmeye ba\u015flanaca\u011f\u0131na i\u015faret eden Ar\u0131n\u00e7, davan\u0131n Bakanlar Kurulu&#8217;nu da yak\u0131ndan <\/p>\n","protected":false},"author":1,"featured_media":0,"comment_status":"open","ping_status":"open","sticky":false,"template":"","format":"standard","meta":{"footnotes":""},"categories":[105],"tags":[],"class_list":["post-50362","post","type-post","status-publish","format-standard","hentry","category-gundem","odd"],"_links":{"self":[{"href":"http:\/\/www.korhanyilmaz.com\/index.php?rest_route=\/wp\/v2\/posts\/50362","targetHints":{"allow":["GET"]}}],"collection":[{"href":"http:\/\/www.korhanyilmaz.com\/index.php?rest_route=\/wp\/v2\/posts"}],"about":[{"href":"http:\/\/www.korhanyilmaz.com\/index.php?rest_route=\/wp\/v2\/types\/post"}],"author":[{"embeddable":true,"href":"http:\/\/www.korhanyilmaz.com\/index.php?rest_route=\/wp\/v2\/users\/1"}],"replies":[{"embeddable":true,"href":"http:\/\/www.korhanyilmaz.com\/index.php?rest_route=%2Fwp%2Fv2%2Fcomments&post=50362"}],"version-history":[{"count":0,"href":"http:\/\/www.korhanyilmaz.com\/index.php?rest_route=\/wp\/v2\/posts\/50362\/revisions"}],"wp:attachment":[{"href":"http:\/\/www.korhanyilmaz.com\/index.php?rest_route=%2Fwp%2Fv2%2Fmedia&parent=50362"}],"wp:term":[{"taxonomy":"category","embeddable":true,"href":"http:\/\/www.korhanyilmaz.com\/index.php?rest_route=%2Fwp%2Fv2%2Fcategories&post=50362"},{"taxonomy":"post_tag","embeddable":true,"href":"http:\/\/www.korhanyilmaz.com\/index.php?rest_route=%2Fwp%2Fv2%2Ftags&post=50362"}],"curies":[{"name":"wp","href":"https:\/\/api.w.org\/{rel}","templated":true}]}}