{"id":50355,"date":"2012-04-02T23:54:53","date_gmt":"2012-04-02T20:54:53","guid":{"rendered":"http:\/\/www.korhanyilmaz.com\/?p=50355"},"modified":"2012-04-03T01:04:05","modified_gmt":"2012-04-02T22:04:05","slug":"cemil-ciceki-tanimiyoruz","status":"publish","type":"post","link":"http:\/\/www.korhanyilmaz.com\/?p=50355","title":{"rendered":"&#8216;Cemil \u00c7i\u00e7ek&#8217;i tan\u0131m\u0131yoruz&#8217;"},"content":{"rendered":"<p style=\"text-align: center;\"><a href=\"http:\/\/www.korhanyilmaz.com\/wp-content\/uploads\/2012\/04\/A0217.jpg\"  class=\"lightview\"><img loading=\"lazy\" decoding=\"async\" class=\"aligncenter  wp-image-50356\" src=\"http:\/\/www.korhanyilmaz.com\/wp-content\/uploads\/2012\/04\/A0217.jpg\" alt=\"\" width=\"322\" height=\"241\" \/><\/a><\/p>\n<p style=\"text-align: justify;\">CHP Grup Ba\u015fkanvekili Muharrem \u0130nce, TBMM Ba\u015fkan\u0131 Cemil \u00c7i\u00e7ek&#8217;in, &#8220;evrak memuru&#8221; konumunda oldu\u011funu iddia ederek, \u00c7i\u00e7ek&#8217;i tan\u0131mad\u0131klar\u0131n\u0131, zorunlu haller d\u0131\u015f\u0131nda kendisiyle muhatap olmayacaklar\u0131n\u0131 s\u00f6yledi.<\/p>\n<p style=\"text-align: justify;\">Ankara- CHP Grup Ba\u015fkanvekili Muharrem \u0130nce, TBMM&#8217;de d\u00fczenledi\u011fi bas\u0131n toplant\u0131s\u0131nda TBMM Ba\u015fkan\u0131 Cemil \u00c7i\u00e7ek&#8217;in bir televizyon kanal\u0131nda yapt\u0131\u011f\u0131 konu\u015fmaya yan\u0131t verdi.<!--more--><\/p>\n<p style=\"text-align: justify;\">TBMM Ba\u015fkan\u0131&#8217;n\u0131, &#8220;Evrak memuru&#8221; olarak niteleyen \u0130nce, \u015f\u00f6yle dedi: &#8220;Evrak memuru Cemil \u00c7i\u00e7ek az \u00f6nce bir televizyon kanal\u0131nda uzun uzun a\u00e7\u0131klamalarda bulundu. Acaba sicil amirinden izin ald\u0131 m\u0131, yoksa ba\u011f\u0131ms\u0131z kendi iradesiyle mi yapt\u0131 do\u011frusu bunu merak ediyorum. Kimin muhatap alaca\u011f\u0131m\u0131, Say\u0131n Cemil \u00c7i\u00e7ek&#8217;in sicil amirini mi muhatap alaca\u011f\u0131m yoksa kendisini mi muhatap alaca\u011f\u0131m do\u011frusu burada bir ku\u015fkum var. G\u00f6revini yapamayan bir Meclis Ba\u015fkan\u0131&#8217;yla kar\u015f\u0131 kar\u015f\u0131yay\u0131z.&#8221;<\/p>\n<p style=\"text-align: justify;\"><strong>&#8216;B\u00f6yle yay\u0131nc\u0131l\u0131k olmaz, bas\u0131n toplant\u0131s\u0131 yapmaya mecbur kald\u0131m&#8217;\u00a0<\/strong><\/p>\n<p style=\"text-align: justify;\">Milletvekillerinin konu\u015fturulmad\u0131\u011f\u0131n\u0131, Komisyon&#8217;a al\u0131nmad\u0131\u011f\u0131n\u0131 ifade eden \u0130nce, &#8220;Tutanaklarda benim ad\u0131m 7 kez s\u00f6z istiyorum diye ge\u00e7iyor. B\u00fct\u00fcn bu g\u00f6r\u00fcnt\u00fcleri izliyor hala daha \u00e7\u0131k\u0131yor konu\u015fuyor. Ama bu televizyon kanal\u0131na da bir sitemim olacak. Ge\u00e7en hafta Say\u0131n Bekir Bozda\u011f \u00e7\u0131kt\u0131, tek tarafl\u0131 olarak anlatt\u0131. Biz de anlatmak istiyoruz dedik, &#8216;yay\u0131n ak\u0131\u015f\u0131m\u0131zda siz yoksunuz&#8217; dediler. Bug\u00fcn yine Say\u0131n Cemil \u00c7i\u00e7ek \u00e7\u0131kt\u0131, bir saate yak\u0131n konu\u015ftu, tek tarafl\u0131 olarak anlat\u0131l\u0131yor. B\u00f6yle bir yay\u0131nc\u0131l\u0131k olmaz. Bas\u0131n toplant\u0131s\u0131 yapmaya mecbur kald\u0131m&#8221; dedi.<\/p>\n<p style=\"text-align: justify;\"><strong>&#8216;\u00c7i\u00e7ek ba\u011f\u0131ms\u0131z d\u00fc\u015f\u00fcnme yetene\u011fi olmayan birisidir&#8217;\u00a0<\/strong><\/p>\n<p style=\"text-align: justify;\">Tutuklu milletvekillerinin sadece muhalefet partilerin sorunu olmad\u0131\u011f\u0131n\u0131n alt\u0131n\u0131 \u00e7izen \u0130nce, \u015f\u00f6yle konu\u015ftu: &#8220;Tutuklu milletvekilleri yasama organ\u0131n\u0131n bir sorunudur. Say\u0131n Cemil \u00c7i\u00e7ek ba\u011f\u0131ms\u0131z d\u00fc\u015f\u00fcnme yetene\u011fi olmayan birisidir ve hapisteki milletvekillerini ziyaret edemeyecek kadar aciz birisidir. Korkmaktad\u0131r acaba tutuklu milletvekillerini ziyaret edersem Say\u0131n Recep Erdo\u011fan bana ne der, diye korkmaktad\u0131r.&#8221;<\/p>\n<p style=\"text-align: justify;\"><strong>&#8216;Say\u0131n \u00c7i\u00e7ek heryerin AKP&#8217;de oldu\u011fu s\u00fcrece elin de orada demektir&#8217;\u00a0<\/strong><\/p>\n<p style=\"text-align: justify;\">TBMM Ba\u015fkan\u0131&#8217;n\u0131n, &#8220;Elim havada kal\u0131yor&#8221; dedi\u011fini kaydeden \u0130nce, &#8220;S\u00f6zde el uzat\u0131yormu\u015f bize de eli havada kal\u0131yormu\u015f. Say\u0131n \u00c7i\u00e7ek akl\u0131n, beynin, y\u00fcre\u011fin, bedenin, ruhun, her yerin AKP&#8217;de oldu\u011fu s\u00fcrece elin de orada demektir zaten. Tarafs\u0131z bir Meclis Ba\u015fkan\u0131 olamad\u0131n ne yaz\u0131k ki. A\u00e7\u0131k a\u00e7\u0131k itiraf etti demin. Ne diyor, yar\u0131nki geli\u015fmelerden endi\u015fe duyuyorum, diyor. Demek ki Say\u0131n \u00c7i\u00e7ek&#8217;in haz\u0131rl\u0131klardan haberi varm\u0131\u015f. O komisyon salonunu dolduracak olan 150 milletvekilinden ak\u015famdan haberi varm\u0131\u015f ki yar\u0131n ya\u015fanacaklardan endi\u015fe duyuyorum diyebiliyor&#8221; dedi.<\/p>\n<p style=\"text-align: justify;\"><strong>&#8216;Sen ne kal\u0131b\u0131n adam\u0131s\u0131n ne de konumun adam\u0131s\u0131n&#8217;\u00a0<\/strong><\/p>\n<p style=\"text-align: justify;\">\u0130nce, konu\u015fmas\u0131n\u0131 \u015f\u00f6yle s\u00fcrd\u00fcrd\u00fc: &#8220;Yine bir ba\u015fka c\u00fcmlesi, Say\u0131n Genel Ba\u015fkan\u0131m\u0131z kal\u0131b\u0131n\u0131n adam\u0131 de\u011fil demi\u015fti, Say\u0131n \u00c7i\u00e7ek&#8217;te az \u00f6nce \u015f\u00f6yle bir c\u00fcmle etti, siyaset adam\u0131 kal\u0131b\u0131na g\u00f6re de\u011fil, konuma g\u00f6re konu\u015fur, dedi. Say\u0131n \u00c7i\u00e7ek&#8217;e cevab\u0131m\u0131z \u015fudur: Sen ne kal\u0131b\u0131n adam\u0131s\u0131n ne de konumunun adam\u0131s\u0131n. Sen Recep Erdo\u011fan&#8217;\u0131n adam\u0131s\u0131n. Bir zamanlar \u00d6zal&#8217;\u0131n adam\u0131yd\u0131n, sonra Mesut Y\u0131lmaz&#8217;\u0131n adam\u0131 oldun, sonra Erbakan&#8217;\u0131n adam\u0131 oldun, \u015fimdide Tayyip Erdo\u011fan&#8217;\u0131n adam\u0131s\u0131n. Yani \u00d6zal ile birlikte siyasi yasaklar s\u00fcrmelidir, siyasi yasaklar kalkmas\u0131n diye propaganda yapt\u0131n. 12 Eyl\u00fcl fa\u015fizmini savundun \u015fimdi de AKP fa\u015fizminde T\u00fcrkiye konu\u015fuyor diye \u015fehir \u015fehir geziyorsun ama ne yaz\u0131k ki AKP fa\u015fizmini savunuyorsun. Ge\u00e7mi\u015ften bug\u00fcne hi\u00e7bir de\u011fi\u015fiklik yok Say\u0131n Cemil \u00c7i\u00e7ek&#8217;te. \u00d6zal ile birlikte 12 Eyl\u00fcl fa\u015fizmini savunmu\u015ftu, Tayyip Erdo\u011fan ile birlikte AKP fa\u015fizmini savunuyor.&#8221;<\/p>\n<p style=\"text-align: justify;\"><strong>&#8216;Bizim kitab\u0131m\u0131zda yalakal\u0131k yoktur&#8217;\u00a0<\/strong><\/p>\n<p style=\"text-align: justify;\">&#8220;Bir milletvekilinin Mehmet Metiner&#8217;in k\u00fcrs\u00fcdeki bir milletvekiline sald\u0131rd\u0131\u011f\u0131n\u0131 Cemil \u00c7i\u00e7ek g\u00f6rm\u00fc\u015ft\u00fcr herhalde&#8221; diyen \u0130nce, &#8220;Grup Ba\u015fkanvekili Say\u0131n Canikli \u00e7\u0131kt\u0131, k\u0131n\u0131yorum b\u00f6yle bir olay\u0131, dedi ama Genel Kurul&#8217;da oylama sonucunda Mehmet Metiner k\u0131nanmad\u0131. Cemil \u00c7i\u00e7ek diyor ki, &#8216;bu g\u00f6r\u00fcnt\u00fcler Meclis&#8217;e yak\u0131\u015fm\u0131yor&#8217; diyor. Bu kadar evrak memuru bu kadar olur. Meclis Ba\u015fkan\u0131&#8217;s\u0131n gere\u011fini niye yapm\u0131yorsun. Bir de &#8216;gelin yalvar\u0131n&#8217; diyor. A\u00e7\u0131k a\u00e7\u0131k s\u00f6yl\u00fcyor, Ba\u015fbakan&#8217;a, Cumhurba\u015fkan\u0131&#8217;na, kendisine &#8216;gelin yalvar\u0131n&#8217; diyor. Say\u0131n \u00c7i\u00e7ek o yalvarma modeli size aittir. Bizim kitab\u0131m\u0131zda yalvarma yoktur, bizim kitab\u0131m\u0131zda ya\u011fc\u0131l\u0131k yoktur, bizim kitab\u0131m\u0131zda yalakal\u0131k yoktur&#8221; diye konu\u015ftu.<\/p>\n<p style=\"text-align: justify;\"><strong>&#8216;Zorunlu haller d\u0131\u015f\u0131nda tan\u0131m\u0131yoruz&#8217;\u00a0<\/strong><\/p>\n<p style=\"text-align: justify;\">Meclis Ba\u015fkan\u0131&#8217;yla zorunlu haller d\u0131\u015f\u0131nda muhatap olmayacaklar\u0131na dikkat \u00e7eken \u0130nce, &#8220;Makam\u0131 tart\u0131\u015ft\u0131rmamak i\u00e7in Meclis Ba\u015fkanl\u0131\u011f\u0131&#8217;n\u0131 tart\u0131\u015fmaya a\u00e7mamak i\u00e7in \u015fimdiye kadar susmu\u015f. Say\u0131n \u00c7i\u00e7ek makam m\u0131 kald\u0131, biz CHP olarak evrak memuru konumundaki Say\u0131n Cemil \u00c7i\u00e7ek&#8217;i tan\u0131mad\u0131\u011f\u0131m\u0131z\u0131 bu konuda kendisiyle muhatap olmayaca\u011f\u0131m\u0131z\u0131 zorunlu haller d\u0131\u015f\u0131nda bir kez daha sizlerle payla\u015f\u0131yorum&#8221; dedi.<\/p>\n<p style=\"text-align: justify;\"><a href=\"http:\/\/www.cumhuriyet.com.tr\/?hn=326922\" target=\"_blank\">Kaynak : Cumhuriyet Haber Portal\u0131<\/a><\/p>\n","protected":false},"excerpt":{"rendered":"<p style=\"text-align: center;\">\n<p style=\"text-align: justify;\">CHP Grup Ba\u015fkanvekili Muharrem \u0130nce, TBMM Ba\u015fkan\u0131 Cemil \u00c7i\u00e7ek&#8217;in, &#8220;evrak memuru&#8221; konumunda oldu\u011funu iddia ederek, \u00c7i\u00e7ek&#8217;i tan\u0131mad\u0131klar\u0131n\u0131, zorunlu haller d\u0131\u015f\u0131nda kendisiyle muhatap olmayacaklar\u0131n\u0131 s\u00f6yledi.<\/p>\n<p style=\"text-align: justify;\">Ankara- CHP Grup Ba\u015fkanvekili Muharrem \u0130nce, TBMM&#8217;de d\u00fczenledi\u011fi bas\u0131n toplant\u0131s\u0131nda TBMM Ba\u015fkan\u0131 Cemil \u00c7i\u00e7ek&#8217;in bir televizyon kanal\u0131nda yapt\u0131\u011f\u0131 konu\u015fmaya yan\u0131t verdi.<\/p>\n","protected":false},"author":1,"featured_media":0,"comment_status":"open","ping_status":"open","sticky":false,"template":"","format":"standard","meta":{"footnotes":""},"categories":[105],"tags":[],"class_list":["post-50355","post","type-post","status-publish","format-standard","hentry","category-gundem","odd"],"_links":{"self":[{"href":"http:\/\/www.korhanyilmaz.com\/index.php?rest_route=\/wp\/v2\/posts\/50355","targetHints":{"allow":["GET"]}}],"collection":[{"href":"http:\/\/www.korhanyilmaz.com\/index.php?rest_route=\/wp\/v2\/posts"}],"about":[{"href":"http:\/\/www.korhanyilmaz.com\/index.php?rest_route=\/wp\/v2\/types\/post"}],"author":[{"embeddable":true,"href":"http:\/\/www.korhanyilmaz.com\/index.php?rest_route=\/wp\/v2\/users\/1"}],"replies":[{"embeddable":true,"href":"http:\/\/www.korhanyilmaz.com\/index.php?rest_route=%2Fwp%2Fv2%2Fcomments&post=50355"}],"version-history":[{"count":0,"href":"http:\/\/www.korhanyilmaz.com\/index.php?rest_route=\/wp\/v2\/posts\/50355\/revisions"}],"wp:attachment":[{"href":"http:\/\/www.korhanyilmaz.com\/index.php?rest_route=%2Fwp%2Fv2%2Fmedia&parent=50355"}],"wp:term":[{"taxonomy":"category","embeddable":true,"href":"http:\/\/www.korhanyilmaz.com\/index.php?rest_route=%2Fwp%2Fv2%2Fcategories&post=50355"},{"taxonomy":"post_tag","embeddable":true,"href":"http:\/\/www.korhanyilmaz.com\/index.php?rest_route=%2Fwp%2Fv2%2Ftags&post=50355"}],"curies":[{"name":"wp","href":"https:\/\/api.w.org\/{rel}","templated":true}]}}