{"id":50350,"date":"2012-04-02T14:56:29","date_gmt":"2012-04-02T11:56:29","guid":{"rendered":"http:\/\/www.korhanyilmaz.com\/?p=50350"},"modified":"2012-04-03T00:59:48","modified_gmt":"2012-04-02T21:59:48","slug":"ahmet-sik-silivriye-gonderildi","status":"publish","type":"post","link":"http:\/\/www.korhanyilmaz.com\/?p=50350","title":{"rendered":"Ahmet \u015e\u0131k&#8217;\u0131n dosyas\u0131 Silivri&#8217;ye g\u00f6nderildi"},"content":{"rendered":"<p style=\"text-align: center;\"><a href=\"http:\/\/www.korhanyilmaz.com\/wp-content\/uploads\/2012\/04\/A0216.jpg\"  class=\"lightview\"><img loading=\"lazy\" decoding=\"async\" class=\"aligncenter  wp-image-50351\" src=\"http:\/\/www.korhanyilmaz.com\/wp-content\/uploads\/2012\/04\/A0216.jpg\" alt=\"\" width=\"396\" height=\"180\" \/><\/a><\/p>\n<p style=\"text-align: justify;\">Odatv davas\u0131nda yarg\u0131lanan gazeteci Ahmet \u015e\u0131k hakk\u0131nda cezaevi \u00e7\u0131k\u0131\u015f\u0131nda s\u00f6yledi\u011fi s\u00f6zlerden dolay\u0131 Be\u015fikta\u015f&#8217;taki \u0130stanbul Cumhuriyet Ba\u015fsavc\u0131vekilli\u011fi&#8217;nce y\u00fcr\u00fct\u00fclen soru\u015fturma, su\u00e7 ve su\u00e7un i\u015flendi\u011fi yer itibar\u0131yla yetkisizlik karar\u0131 verilerek, Silivri Cumhuriyet Ba\u015fsavc\u0131l\u0131\u011f\u0131&#8217;na g\u00f6nderildi.<\/p>\n<p style=\"text-align: justify;\">\u0130STANBUL &#8211; \u00d6zel Yetkili \u0130stanbul Cumhuriyet Savc\u0131s\u0131 Muammer Akka\u015f, \u015e\u0131k&#8217;\u0131n yarg\u0131land\u0131\u011f\u0131 dava kapsam\u0131nda, tahliyesinin ard\u0131ndan Silivri Cezaevi&#8217;nin \u00e7\u0131k\u0131\u015f\u0131nda sarf etti\u011fi s\u00f6zler nedeniyle y\u00fcr\u00fctt\u00fc\u011f\u00fc soru\u015fturmada &#8221;yetkisizlik&#8221; karar\u0131 verdi.\u00a0<!--more--><\/p>\n<p style=\"text-align: justify;\">\u015e\u0131k&#8217;\u0131n s\u00f6zlerinin Ceza Muhakemesi Kanunu&#8217;nun 250. maddesiyle g\u00f6revlendirilen savc\u0131l\u0131\u011f\u0131n bakt\u0131\u011f\u0131 su\u00e7lar kapsam\u0131na girmedi\u011fine karar veren \u00f6zel yetkili savc\u0131l\u0131k, &#8221;kamu g\u00f6revlilerine g\u00f6revlerinden dolay\u0131 tehdit ve hakaret&#8221; su\u00e7lar\u0131ndan soru\u015fturma y\u00fcr\u00fct\u00fclmesi i\u00e7in dosyay\u0131, su\u00e7 ve su\u00e7un i\u015flendi\u011fi yer nedeniyle Silivri Cumhuriyet Ba\u015fsavc\u0131l\u0131\u011f\u0131&#8217;na g\u00f6nderdi.<\/p>\n<p style=\"text-align: justify;\">Silivri Cumhuriyet Ba\u015fsavc\u0131l\u0131\u011f\u0131&#8217;n\u0131n da bunun \u00fczerine &#8221;kamu g\u00f6revlilerine g\u00f6revlerinden dolay\u0131 tehdit ve hakaret&#8221; su\u00e7lar\u0131ndan, \u015e\u0131k hakk\u0131nda soru\u015fturma y\u00fcr\u00fctt\u00fc\u011f\u00fc kaydedildi.<\/p>\n<p style=\"text-align: justify;\">\u015e\u0131k, &#8221;Odatv&#8221; davas\u0131 kapsam\u0131nda tutuklu bulundu\u011fu Silivri Ceza ve \u0130nfaz Kurumlar\u0131 Yerle\u015fkesinden tahliye oldu\u011fu s\u0131rada yapt\u0131\u011f\u0131 a\u00e7\u0131klamada, &#8221;Bu komployu kuran, y\u00fcr\u00fcten polisler, savc\u0131lar ve hakimler bu cezaevine girecek. Onlar buraya girdi\u011finde adalet gelecek&#8221; \u015feklinde a\u00e7\u0131klama yapm\u0131\u015ft\u0131.<\/p>\n<p style=\"text-align: justify;\"><a href=\"http:\/\/www.gazeteport.com.tr\/haber\/87809\/ahmet_sik_silivriye_gonderildi\" target=\"_blank\">Kaynak : GAZETEPORT<\/a><\/p>\n","protected":false},"excerpt":{"rendered":"<p style=\"text-align: center;\">\n<p style=\"text-align: justify;\">Odatv davas\u0131nda yarg\u0131lanan gazeteci Ahmet \u015e\u0131k hakk\u0131nda cezaevi \u00e7\u0131k\u0131\u015f\u0131nda s\u00f6yledi\u011fi s\u00f6zlerden dolay\u0131 Be\u015fikta\u015f&#8217;taki \u0130stanbul Cumhuriyet Ba\u015fsavc\u0131vekilli\u011fi&#8217;nce y\u00fcr\u00fct\u00fclen soru\u015fturma, su\u00e7 ve su\u00e7un i\u015flendi\u011fi yer itibar\u0131yla yetkisizlik karar\u0131 verilerek, Silivri Cumhuriyet Ba\u015fsavc\u0131l\u0131\u011f\u0131&#8217;na g\u00f6nderildi.<\/p>\n<p style=\"text-align: justify;\">\u0130STANBUL &#8211; \u00d6zel Yetkili \u0130stanbul Cumhuriyet Savc\u0131s\u0131 Muammer Akka\u015f, \u015e\u0131k&#8217;\u0131n yarg\u0131land\u0131\u011f\u0131 dava kapsam\u0131nda, tahliyesinin ard\u0131ndan Silivri Cezaevi&#8217;nin <\/p>\n","protected":false},"author":1,"featured_media":0,"comment_status":"open","ping_status":"open","sticky":false,"template":"","format":"standard","meta":{"footnotes":""},"categories":[105],"tags":[],"class_list":["post-50350","post","type-post","status-publish","format-standard","hentry","category-gundem","odd"],"_links":{"self":[{"href":"http:\/\/www.korhanyilmaz.com\/index.php?rest_route=\/wp\/v2\/posts\/50350","targetHints":{"allow":["GET"]}}],"collection":[{"href":"http:\/\/www.korhanyilmaz.com\/index.php?rest_route=\/wp\/v2\/posts"}],"about":[{"href":"http:\/\/www.korhanyilmaz.com\/index.php?rest_route=\/wp\/v2\/types\/post"}],"author":[{"embeddable":true,"href":"http:\/\/www.korhanyilmaz.com\/index.php?rest_route=\/wp\/v2\/users\/1"}],"replies":[{"embeddable":true,"href":"http:\/\/www.korhanyilmaz.com\/index.php?rest_route=%2Fwp%2Fv2%2Fcomments&post=50350"}],"version-history":[{"count":0,"href":"http:\/\/www.korhanyilmaz.com\/index.php?rest_route=\/wp\/v2\/posts\/50350\/revisions"}],"wp:attachment":[{"href":"http:\/\/www.korhanyilmaz.com\/index.php?rest_route=%2Fwp%2Fv2%2Fmedia&parent=50350"}],"wp:term":[{"taxonomy":"category","embeddable":true,"href":"http:\/\/www.korhanyilmaz.com\/index.php?rest_route=%2Fwp%2Fv2%2Fcategories&post=50350"},{"taxonomy":"post_tag","embeddable":true,"href":"http:\/\/www.korhanyilmaz.com\/index.php?rest_route=%2Fwp%2Fv2%2Ftags&post=50350"}],"curies":[{"name":"wp","href":"https:\/\/api.w.org\/{rel}","templated":true}]}}