{"id":50346,"date":"2012-04-02T16:49:00","date_gmt":"2012-04-02T13:49:00","guid":{"rendered":"http:\/\/www.korhanyilmaz.com\/?p=50346"},"modified":"2012-04-03T00:51:16","modified_gmt":"2012-04-02T21:51:16","slug":"once-nezaketi-ogreneceksin","status":"publish","type":"post","link":"http:\/\/www.korhanyilmaz.com\/?p=50346","title":{"rendered":"&#8220;\u00d6nce nezaketi \u00f6\u011freneceksin&#8221;"},"content":{"rendered":"<p style=\"text-align: center;\"><a href=\"http:\/\/www.korhanyilmaz.com\/wp-content\/uploads\/2012\/04\/A0215.jpg\"  class=\"lightview\"><img loading=\"lazy\" decoding=\"async\" class=\"aligncenter  wp-image-50347\" src=\"http:\/\/www.korhanyilmaz.com\/wp-content\/uploads\/2012\/04\/A0215.jpg\" alt=\"\" width=\"396\" height=\"180\" \/><\/a><\/p>\n<p style=\"text-align: justify;\">Ba\u015fbakan Erdo\u011fan\u2019\u0131n konu\u015fmas\u0131 s\u0131ras\u0131nda aya\u011fa kalk\u0131p konu\u015fmaya ba\u015flayan iki gen\u00e7 k\u0131z\u0131n \u00f6nce salonda kalmas\u0131n\u0131 sa\u011flad\u0131, ard\u0131ndan nasihat etti. Ancak konu\u015fmay\u0131 s\u00fcrd\u00fcren gen\u00e7 k\u0131zlar daha sonra salondan \u00e7\u0131kar\u0131ld\u0131.<\/p>\n<p style=\"text-align: justify;\">ANKARA-Ba\u015fbakan Recep Tayyip Erdo\u011fan, ATO Kongre ve Sergi Saray\u0131 Congresium\u2019da d\u00fczenlenen \u0130\u015f ve Meslek Dan\u0131\u015fmanlar\u0131n\u0131 atama t\u00f6renine kat\u0131ld\u0131. Ba\u015fbakan Erdo\u011fan\u2019\u0131n konu\u015fmas\u0131 s\u0131ras\u0131nda aya\u011fa kalk\u0131p konu\u015fmaya ba\u015flayan iki gen\u00e7 k\u0131z polis taraf\u0131ndan d\u0131\u015far\u0131 \u00e7\u0131kar\u0131lmak istendi.<!--more--><\/p>\n<p style=\"text-align: justify;\">Ba\u015fbakan Erdo\u011fan polislere seslenerek iki gen\u00e7 k\u0131z\u0131n salonda kalmas\u0131n\u0131 istedi. Bir s\u00fcre tekrar aya\u011fa kalk\u0131p konu\u015fmaya ba\u015flayan iki gen\u00e7 k\u0131za Ba\u015fbakan Erdo\u011fan, &#8220;\u00d6zel bir\u015feyin varsa toplant\u0131n\u0131n sonunda gelir bunlar\u0131 sorars\u0131n. Ama \u015furada Ba\u015fbakan\u0131n\u0131z konu\u015fuyor \u00f6nce bunu bir dinle&#8221; dedi.<\/p>\n<p style=\"text-align: justify;\">Ba\u015fbakan Erdo\u011fan, ATO Kongre ve Sergi Saray\u0131 Congresium\u2019da d\u00fczenlenen \u0130\u015f ve Meslek Dan\u0131\u015fmanlar\u0131n\u0131 atama t\u00f6renini kat\u0131ld\u0131. Ba\u015fbakan Erdo\u011fan, k\u00fcrs\u00fcde konu\u015fmaya ba\u015flad\u0131\u011f\u0131 s\u0131rada salonda bulunan iki gen\u00e7 k\u0131z aya\u011fa kalkarak konu\u015fmaya ba\u015flay\u0131nca polisler taraf\u0131ndan salondan \u00e7\u0131kar\u0131lmak istendi. Ba\u015fbakan Erdo\u011fan polislere, &#8220;Polis arkada\u015f\u0131m neden \u00e7\u0131kar\u0131yorsun d\u0131\u015far\u0131?&#8221; diyerek iki gen\u00e7 k\u0131z\u0131n salonda kalmalar\u0131n\u0131 istedi.<\/p>\n<p style=\"text-align: justify;\"><strong>\u2019\u00d6NCE NEZAKET\u0130 \u00d6\u011eRENCEKS\u0130N KARDE\u015e\u0130M\u2019<\/strong><\/p>\n<p style=\"text-align: justify;\">Ba\u015fbakan Erdo\u011fan konu\u015fmas\u0131na devam ederken, iki gen\u00e7 k\u0131z aya\u011fa kalkarak tekrar konu\u015fmaya ba\u015flamas\u0131 \u00fczerine k\u0131zarak \u015f\u00f6yle dedi: &#8220;Bak, b\u00f6yle bu t\u00fcr oturumlarda \u00f6nce nezaketi \u00f6\u011freneceksin karde\u015fim. Otur bakal\u0131m yerine. 3 bin ki\u015finin oldu\u011fu salonda bu maalesef nezaketsizliktir. B\u00f6yle bir\u015fey olmaz. Burada bir defa dinlemesini bileceksin. \u00d6zel bir\u015feyin varsa toplant\u0131n\u0131n sonunda gelir bunlar\u0131 sorars\u0131n. Bakan\u0131m\u0131za ve herkese sorars\u0131n. Ama \u015furada Ba\u015fbakan\u0131n\u0131z konu\u015fuyor \u00f6nce bunu bir dinle. Burada 2 bin 817 ki\u015fiye i\u015f veriliyor.&#8221;<\/p>\n<p style=\"text-align: justify;\">Bunun \u00fczerine iki gen\u00e7 k\u0131z polis taraf\u0131ndan salondan \u00e7\u0131kart\u0131ld\u0131 ve Ba\u015fbakan Erdo\u011fan konu\u015fmas\u0131na devam etti. (DHA)<\/p>\n<p style=\"text-align: justify;\"><a href=\"http:\/\/www.gazeteport.com.tr\/haber\/87833\/quotonce_nezaketi_ogreneceksinquot\" target=\"_blank\">Kaynak : GAZETEPORT<\/a><\/p>\n","protected":false},"excerpt":{"rendered":"<p style=\"text-align: center;\">\n<p style=\"text-align: justify;\">Ba\u015fbakan Erdo\u011fan\u2019\u0131n konu\u015fmas\u0131 s\u0131ras\u0131nda aya\u011fa kalk\u0131p konu\u015fmaya ba\u015flayan iki gen\u00e7 k\u0131z\u0131n \u00f6nce salonda kalmas\u0131n\u0131 sa\u011flad\u0131, ard\u0131ndan nasihat etti. Ancak konu\u015fmay\u0131 s\u00fcrd\u00fcren gen\u00e7 k\u0131zlar daha sonra salondan \u00e7\u0131kar\u0131ld\u0131.<\/p>\n<p style=\"text-align: justify;\">ANKARA-Ba\u015fbakan Recep Tayyip Erdo\u011fan, ATO Kongre ve Sergi Saray\u0131 Congresium\u2019da d\u00fczenlenen \u0130\u015f ve Meslek Dan\u0131\u015fmanlar\u0131n\u0131 atama t\u00f6renine kat\u0131ld\u0131. Ba\u015fbakan Erdo\u011fan\u2019\u0131n konu\u015fmas\u0131 <\/p>\n","protected":false},"author":1,"featured_media":0,"comment_status":"open","ping_status":"open","sticky":false,"template":"","format":"standard","meta":{"footnotes":""},"categories":[105],"tags":[],"class_list":["post-50346","post","type-post","status-publish","format-standard","hentry","category-gundem","odd"],"_links":{"self":[{"href":"http:\/\/www.korhanyilmaz.com\/index.php?rest_route=\/wp\/v2\/posts\/50346","targetHints":{"allow":["GET"]}}],"collection":[{"href":"http:\/\/www.korhanyilmaz.com\/index.php?rest_route=\/wp\/v2\/posts"}],"about":[{"href":"http:\/\/www.korhanyilmaz.com\/index.php?rest_route=\/wp\/v2\/types\/post"}],"author":[{"embeddable":true,"href":"http:\/\/www.korhanyilmaz.com\/index.php?rest_route=\/wp\/v2\/users\/1"}],"replies":[{"embeddable":true,"href":"http:\/\/www.korhanyilmaz.com\/index.php?rest_route=%2Fwp%2Fv2%2Fcomments&post=50346"}],"version-history":[{"count":0,"href":"http:\/\/www.korhanyilmaz.com\/index.php?rest_route=\/wp\/v2\/posts\/50346\/revisions"}],"wp:attachment":[{"href":"http:\/\/www.korhanyilmaz.com\/index.php?rest_route=%2Fwp%2Fv2%2Fmedia&parent=50346"}],"wp:term":[{"taxonomy":"category","embeddable":true,"href":"http:\/\/www.korhanyilmaz.com\/index.php?rest_route=%2Fwp%2Fv2%2Fcategories&post=50346"},{"taxonomy":"post_tag","embeddable":true,"href":"http:\/\/www.korhanyilmaz.com\/index.php?rest_route=%2Fwp%2Fv2%2Ftags&post=50346"}],"curies":[{"name":"wp","href":"https:\/\/api.w.org\/{rel}","templated":true}]}}