{"id":50341,"date":"2012-04-02T18:59:40","date_gmt":"2012-04-02T15:59:40","guid":{"rendered":"http:\/\/www.korhanyilmaz.com\/?p=50341"},"modified":"2012-04-03T00:47:01","modified_gmt":"2012-04-02T21:47:01","slug":"soykirimi-inkara-takipsizlik","status":"publish","type":"post","link":"http:\/\/www.korhanyilmaz.com\/?p=50341","title":{"rendered":"&#8216;Soyk\u0131r\u0131m\u0131 inkar&#8217;a takipsizlik"},"content":{"rendered":"<p style=\"text-align: center;\"><a href=\"http:\/\/www.korhanyilmaz.com\/wp-content\/uploads\/2012\/04\/A0214.jpg\"  class=\"lightview\"><img loading=\"lazy\" decoding=\"async\" class=\"aligncenter  wp-image-50342\" src=\"http:\/\/www.korhanyilmaz.com\/wp-content\/uploads\/2012\/04\/A0214.jpg\" alt=\"\" width=\"342\" height=\"196\" \/><\/a><\/p>\n<p style=\"text-align: justify;\">Ba\u015fm\u00fczakereci Egemen Ba\u011f\u0131\u015f hakk\u0131nda ba\u015flat\u0131lan \u00f6n soru\u015fturmadan Ba\u011f\u0131\u015f&#8217;\u0131n dokunulmazl\u0131\u011f\u0131 nedeniyle takipsizlik karar\u0131 \u00e7\u0131kt\u0131.<\/p>\n<p style=\"text-align: justify;\">Z\u00fcrih Ba\u015fsavc\u0131l\u0131\u011f\u0131&#8217;nca Avrupa Birli\u011fi (AB) Bakan\u0131 ve Ba\u015fm\u00fczakereci Egemen Ba\u011f\u0131\u015f hakk\u0131nda ba\u015flat\u0131lan \u00f6n soru\u015fturmadan takipsizlik karar\u0131 \u00e7\u0131kt\u0131.<\/p>\n<p style=\"text-align: justify;\">\u0130svi\u00e7re D\u0131\u015fi\u015fleri Bakanl\u0131\u011f\u0131&#8217;na Ba\u011f\u0131\u015f\u2019\u0131n dokunulmazl\u0131\u011f\u0131 olup olmad\u0131\u011f\u0131n\u0131 soran Ba\u015fsavc\u0131l\u0131k, \u201cDokunulmazl\u0131\u011f\u0131 vard\u0131r\u201d cevab\u0131 \u00fczerine Bakan Ba\u011f\u0131\u015f hakk\u0131nda kovu\u015fturmaya gerek olmad\u0131\u011f\u0131na karar vererek, dava a\u00e7\u0131lmayaca\u011f\u0131n\u0131 bildirdi.\u00a0<!--more--><\/p>\n<p style=\"text-align: justify;\">Konuyla ilgili ba\u015fsavc\u0131l\u0131ktan \u015fu a\u00e7\u0131klama yap\u0131ld\u0131:<\/p>\n<p style=\"text-align: justify;\">\u201cT\u00fcrkiye\u2019nin Avrupa \u0130li\u015fkileri Bakan\u0131 Egemen Ba\u011f\u0131\u015f\u2019\u0131n 30 Ocak 2012 g\u00fcn\u00fc yapt\u0131\u011f\u0131 konu\u015fmada, 1915 olaylar\u0131 ile ilgili olarak Fransa\u2019da yap\u0131lan parlamento oylamas\u0131na kar\u015f\u0131 s\u00f6ylemi\u015f oldu\u011fu s\u00f6zler gerek bas\u0131l\u0131 medyada gerekse devlet televizyonunda yer alm\u0131\u015ft\u0131r. \u0130svi\u00e7re D\u0131\u015fi\u015fleri Bakanl\u0131\u011f\u0131 ile yapm\u0131\u015f oldu\u011fumuz g\u00f6r\u00fc\u015fmeler sonucunda Egemen Ba\u011f\u0131\u015f\u2019\u0131n bu konu\u015fmay\u0131 yapt\u0131\u011f\u0131 s\u0131rada diplomatik dokunulmazl\u0131\u011f\u0131 oldu\u011funa karar vermi\u015f bulunuyoruz. Bu nedenle Ba\u011f\u0131\u015f\u2019a kar\u015f\u0131 herhangi bir dava a\u00e7\u0131lmas\u0131 s\u00f6z konusu de\u011fildir.\u201d<\/p>\n<p style=\"text-align: justify;\"><a href=\"http:\/\/www.ntvmsnbc.com\/id\/25336105\/\" target=\"_blank\">Kaynak : NTVMSNBC<\/a><\/p>\n","protected":false},"excerpt":{"rendered":"<p style=\"text-align: center;\">\n<p style=\"text-align: justify;\">Ba\u015fm\u00fczakereci Egemen Ba\u011f\u0131\u015f hakk\u0131nda ba\u015flat\u0131lan \u00f6n soru\u015fturmadan Ba\u011f\u0131\u015f&#8217;\u0131n dokunulmazl\u0131\u011f\u0131 nedeniyle takipsizlik karar\u0131 \u00e7\u0131kt\u0131.<\/p>\n<p style=\"text-align: justify;\">Z\u00fcrih Ba\u015fsavc\u0131l\u0131\u011f\u0131&#8217;nca Avrupa Birli\u011fi (AB) Bakan\u0131 ve Ba\u015fm\u00fczakereci Egemen Ba\u011f\u0131\u015f hakk\u0131nda ba\u015flat\u0131lan \u00f6n soru\u015fturmadan takipsizlik karar\u0131 \u00e7\u0131kt\u0131.<\/p>\n<p style=\"text-align: justify;\">\u0130svi\u00e7re D\u0131\u015fi\u015fleri Bakanl\u0131\u011f\u0131&#8217;na Ba\u011f\u0131\u015f\u2019\u0131n dokunulmazl\u0131\u011f\u0131 olup olmad\u0131\u011f\u0131n\u0131 soran Ba\u015fsavc\u0131l\u0131k, \u201cDokunulmazl\u0131\u011f\u0131 vard\u0131r\u201d cevab\u0131 \u00fczerine Bakan Ba\u011f\u0131\u015f hakk\u0131nda <\/p>\n","protected":false},"author":1,"featured_media":0,"comment_status":"open","ping_status":"open","sticky":false,"template":"","format":"standard","meta":{"footnotes":""},"categories":[105],"tags":[],"class_list":["post-50341","post","type-post","status-publish","format-standard","hentry","category-gundem","odd"],"_links":{"self":[{"href":"http:\/\/www.korhanyilmaz.com\/index.php?rest_route=\/wp\/v2\/posts\/50341","targetHints":{"allow":["GET"]}}],"collection":[{"href":"http:\/\/www.korhanyilmaz.com\/index.php?rest_route=\/wp\/v2\/posts"}],"about":[{"href":"http:\/\/www.korhanyilmaz.com\/index.php?rest_route=\/wp\/v2\/types\/post"}],"author":[{"embeddable":true,"href":"http:\/\/www.korhanyilmaz.com\/index.php?rest_route=\/wp\/v2\/users\/1"}],"replies":[{"embeddable":true,"href":"http:\/\/www.korhanyilmaz.com\/index.php?rest_route=%2Fwp%2Fv2%2Fcomments&post=50341"}],"version-history":[{"count":0,"href":"http:\/\/www.korhanyilmaz.com\/index.php?rest_route=\/wp\/v2\/posts\/50341\/revisions"}],"wp:attachment":[{"href":"http:\/\/www.korhanyilmaz.com\/index.php?rest_route=%2Fwp%2Fv2%2Fmedia&parent=50341"}],"wp:term":[{"taxonomy":"category","embeddable":true,"href":"http:\/\/www.korhanyilmaz.com\/index.php?rest_route=%2Fwp%2Fv2%2Fcategories&post=50341"},{"taxonomy":"post_tag","embeddable":true,"href":"http:\/\/www.korhanyilmaz.com\/index.php?rest_route=%2Fwp%2Fv2%2Ftags&post=50341"}],"curies":[{"name":"wp","href":"https:\/\/api.w.org\/{rel}","templated":true}]}}