{"id":50337,"date":"2012-04-02T13:20:44","date_gmt":"2012-04-02T10:20:44","guid":{"rendered":"http:\/\/www.korhanyilmaz.com\/?p=50337"},"modified":"2012-04-03T00:40:56","modified_gmt":"2012-04-02T21:40:56","slug":"aysenur-arslan-basbakana-iyi-adam-deyince-afalladim","status":"publish","type":"post","link":"http:\/\/www.korhanyilmaz.com\/?p=50337","title":{"rendered":"Ay\u015fenur Arslan \u2019Ba\u015fbakan\u2019a iyi adam deyince afallad\u0131m\u2019"},"content":{"rendered":"<p style=\"text-align: center;\"><a href=\"http:\/\/www.korhanyilmaz.com\/wp-content\/uploads\/2012\/04\/A0213.jpg\"  class=\"lightview\"><img loading=\"lazy\" decoding=\"async\" class=\"aligncenter  wp-image-50338\" src=\"http:\/\/www.korhanyilmaz.com\/wp-content\/uploads\/2012\/04\/A0213.jpg\" alt=\"\" width=\"357\" height=\"210\" \/><\/a><\/p>\n<p style=\"text-align: justify;\">Rag\u0131p Duran\u2019\u0131n s\u00f6yledi\u011fi s\u00f6z Ay\u015fenur Arslan\u2019\u0131 \u00e7ok g\u00fcld\u00fcrd\u00fc.<\/p>\n<p style=\"text-align: justify;\">Medya Mahallesi&#8217;nin konu\u011fu gazetecilik mesle\u011fini Avrupa&#8217;da icra eden Gazeteci Yazar Rag\u0131p Duran&#8217;d\u0131. Medya&#8217;da sans\u00fcr\u00fcn konu\u015fuldu\u011fu programda Ay\u015fenur Arslan&#8217;\u0131n d\u00fcn kaybetti\u011fimiz Ye\u015fil\u00e7am&#8217;\u0131n \u00e7\u0131nar\u0131 Ekrem Bora hakk\u0131nda s\u00f6yledi\u011fi s\u00f6zleri Duran&#8217;\u0131n yanl\u0131\u015f anlamas\u0131 ve konu \u00fczerine yapt\u0131\u011f\u0131 yorum olduk\u00e7a ilgin\u00e7ti.\u00a0<!--more--><\/p>\n<p style=\"text-align: justify;\"><strong>BA\u015eBAKAN&#8217;DAN BAHSED\u0130YORSUN SANDIM AFALLADIM\u00a0<\/strong><\/p>\n<p style=\"text-align: justify;\">Hayat\u0131n\u0131 kaybeden sinema sanat\u00e7\u0131s\u0131 Ekrem Bora i\u00e7in &#8220;Bug\u00fcn b\u00fct\u00fcn gazetelerin birinci sayfalar\u0131nda Ekrem Bora vard\u0131. \u00c7ok iyi insand\u0131. Genellikle filmlerinde k\u00f6t\u00fc adam\u0131 oynamas\u0131na ra\u011fmen bu kadar sevilmesi de \u00e7ok ilgi \u00e7ekici&#8221; dedi. Bu s\u00f6zlerin \u00fczerine Gazeteci Yazar Rag\u0131p Duran, &#8220;Ben de Ba\u015fbakan&#8217;dan bahsediyorsun sand\u0131m. \u0130yi bir insan deyince afallad\u0131m&#8221; dedi. Bunun \u00fczerine Ay\u015fenur Arslan bu kadar g\u00fczel anlat\u0131lamazd\u0131 diyerek kahkaha att\u0131.<\/p>\n<p style=\"text-align: justify;\"><a href=\"http:\/\/www.muhalifgazete.com\/34887-Aysenur-Arslan-Basbakana-iyi-adam-deyince-afalladim-.htm\" target=\"_blank\">Kaynak : Muhalif Gazete<\/a><\/p>\n","protected":false},"excerpt":{"rendered":"<p style=\"text-align: center;\">\n<p style=\"text-align: justify;\">Rag\u0131p Duran\u2019\u0131n s\u00f6yledi\u011fi s\u00f6z Ay\u015fenur Arslan\u2019\u0131 \u00e7ok g\u00fcld\u00fcrd\u00fc.<\/p>\n<p style=\"text-align: justify;\">Medya Mahallesi&#8217;nin konu\u011fu gazetecilik mesle\u011fini Avrupa&#8217;da icra eden Gazeteci Yazar Rag\u0131p Duran&#8217;d\u0131. Medya&#8217;da sans\u00fcr\u00fcn konu\u015fuldu\u011fu programda Ay\u015fenur Arslan&#8217;\u0131n d\u00fcn kaybetti\u011fimiz Ye\u015fil\u00e7am&#8217;\u0131n \u00e7\u0131nar\u0131 Ekrem Bora hakk\u0131nda s\u00f6yledi\u011fi s\u00f6zleri Duran&#8217;\u0131n yanl\u0131\u015f anlamas\u0131 ve konu \u00fczerine yapt\u0131\u011f\u0131 yorum olduk\u00e7a ilgin\u00e7ti. <\/p>\n","protected":false},"author":1,"featured_media":0,"comment_status":"open","ping_status":"open","sticky":false,"template":"","format":"standard","meta":{"footnotes":""},"categories":[105],"tags":[],"class_list":["post-50337","post","type-post","status-publish","format-standard","hentry","category-gundem","odd"],"_links":{"self":[{"href":"http:\/\/www.korhanyilmaz.com\/index.php?rest_route=\/wp\/v2\/posts\/50337","targetHints":{"allow":["GET"]}}],"collection":[{"href":"http:\/\/www.korhanyilmaz.com\/index.php?rest_route=\/wp\/v2\/posts"}],"about":[{"href":"http:\/\/www.korhanyilmaz.com\/index.php?rest_route=\/wp\/v2\/types\/post"}],"author":[{"embeddable":true,"href":"http:\/\/www.korhanyilmaz.com\/index.php?rest_route=\/wp\/v2\/users\/1"}],"replies":[{"embeddable":true,"href":"http:\/\/www.korhanyilmaz.com\/index.php?rest_route=%2Fwp%2Fv2%2Fcomments&post=50337"}],"version-history":[{"count":0,"href":"http:\/\/www.korhanyilmaz.com\/index.php?rest_route=\/wp\/v2\/posts\/50337\/revisions"}],"wp:attachment":[{"href":"http:\/\/www.korhanyilmaz.com\/index.php?rest_route=%2Fwp%2Fv2%2Fmedia&parent=50337"}],"wp:term":[{"taxonomy":"category","embeddable":true,"href":"http:\/\/www.korhanyilmaz.com\/index.php?rest_route=%2Fwp%2Fv2%2Fcategories&post=50337"},{"taxonomy":"post_tag","embeddable":true,"href":"http:\/\/www.korhanyilmaz.com\/index.php?rest_route=%2Fwp%2Fv2%2Ftags&post=50337"}],"curies":[{"name":"wp","href":"https:\/\/api.w.org\/{rel}","templated":true}]}}