{"id":50322,"date":"2012-04-02T11:52:01","date_gmt":"2012-04-02T08:52:01","guid":{"rendered":"http:\/\/www.korhanyilmaz.com\/?p=50322"},"modified":"2012-04-02T16:59:58","modified_gmt":"2012-04-02T13:59:58","slug":"neslisah-sultan-hayatini-kaybetti","status":"publish","type":"post","link":"http:\/\/www.korhanyilmaz.com\/?p=50322","title":{"rendered":"Nesli\u015fah Sultan hayat\u0131n\u0131 kaybetti"},"content":{"rendered":"<p style=\"text-align: center;\"><a href=\"http:\/\/www.korhanyilmaz.com\/wp-content\/uploads\/2012\/04\/A206.jpg\"  class=\"lightview\"><img loading=\"lazy\" decoding=\"async\" class=\"aligncenter  wp-image-50323\" src=\"http:\/\/www.korhanyilmaz.com\/wp-content\/uploads\/2012\/04\/A206.jpg\" alt=\"\" width=\"333\" height=\"191\" \/><\/a><\/p>\n<p style=\"text-align: justify;\">Sultan Vahdettin\u2019in torunu Nesli\u015fah Osmano\u011flu \u0130stanbul&#8217;da hayat\u0131n\u0131 kaybetti.<\/p>\n<p style=\"text-align: justify;\">\u0130STANBUL &#8211; Osmanl\u0131 Hanedan Defteri&#8217;ne kayd\u0131 yap\u0131lan son ki\u015fi olarak bilinen ve Osmanl\u0131 ailesinin en ya\u015fl\u0131 \u00fcyesi olan 91 ya\u015f\u0131ndaki Nesli\u015fah Osmano\u011flu&#8217;nun, d\u00fcn evinde hayat\u0131n\u0131 kaybetti\u011fi bildirildi.\u00a0<!--more--><\/p>\n<p style=\"text-align: justify;\">2. Abd\u00fclhamid&#8217;in 4. ku\u015fak torunu Abd\u00fclhamid Kay\u0131han Osmano\u011flu, son Osmanl\u0131 padi\u015fah\u0131 Sultan Vahdettin ve son halife Abd\u00fclmecit&#8217;in torunu &#8221;Nesli\u015fah Sultan&#8221;\u0131n Ortak\u00f6y&#8217;deki evinde d\u00fcn ge\u00e7irdi\u011fi rahats\u0131zl\u0131k sonucu vefat etti\u011fini bildirdi.<\/p>\n<p style=\"text-align: justify;\">M\u0131s\u0131r kral naipli\u011fi yapm\u0131\u015f Prens Muhammed Abd\u00fclmunim\u2019in e\u015fi olan Nesli\u015fah Sultan, Ertu\u011frul Osman Osmano\u011flu\u2019nun 2009\u2019daki \u00f6l\u00fcm\u00fcnden sonra Osmano\u011fullar\u0131 ailesinin en ya\u015fl\u0131 \u00fcyesi s\u0131fat\u0131n\u0131 alm\u0131\u015ft\u0131.<\/p>\n<p style=\"text-align: justify;\"><a href=\"http:\/\/www.ntvmsnbc.com\/id\/25335945\/\" target=\"_blank\">Kaynak : NTVMSNBC<\/a><\/p>\n","protected":false},"excerpt":{"rendered":"<p style=\"text-align: center;\">\n<p style=\"text-align: justify;\">Sultan Vahdettin\u2019in torunu Nesli\u015fah Osmano\u011flu \u0130stanbul&#8217;da hayat\u0131n\u0131 kaybetti.<\/p>\n<p style=\"text-align: justify;\">\u0130STANBUL &#8211; Osmanl\u0131 Hanedan Defteri&#8217;ne kayd\u0131 yap\u0131lan son ki\u015fi olarak bilinen ve Osmanl\u0131 ailesinin en ya\u015fl\u0131 \u00fcyesi olan 91 ya\u015f\u0131ndaki Nesli\u015fah Osmano\u011flu&#8217;nun, d\u00fcn evinde hayat\u0131n\u0131 kaybetti\u011fi bildirildi. <\/p>\n","protected":false},"author":1,"featured_media":0,"comment_status":"open","ping_status":"open","sticky":false,"template":"","format":"standard","meta":{"footnotes":""},"categories":[105],"tags":[],"class_list":["post-50322","post","type-post","status-publish","format-standard","hentry","category-gundem","odd"],"_links":{"self":[{"href":"http:\/\/www.korhanyilmaz.com\/index.php?rest_route=\/wp\/v2\/posts\/50322","targetHints":{"allow":["GET"]}}],"collection":[{"href":"http:\/\/www.korhanyilmaz.com\/index.php?rest_route=\/wp\/v2\/posts"}],"about":[{"href":"http:\/\/www.korhanyilmaz.com\/index.php?rest_route=\/wp\/v2\/types\/post"}],"author":[{"embeddable":true,"href":"http:\/\/www.korhanyilmaz.com\/index.php?rest_route=\/wp\/v2\/users\/1"}],"replies":[{"embeddable":true,"href":"http:\/\/www.korhanyilmaz.com\/index.php?rest_route=%2Fwp%2Fv2%2Fcomments&post=50322"}],"version-history":[{"count":0,"href":"http:\/\/www.korhanyilmaz.com\/index.php?rest_route=\/wp\/v2\/posts\/50322\/revisions"}],"wp:attachment":[{"href":"http:\/\/www.korhanyilmaz.com\/index.php?rest_route=%2Fwp%2Fv2%2Fmedia&parent=50322"}],"wp:term":[{"taxonomy":"category","embeddable":true,"href":"http:\/\/www.korhanyilmaz.com\/index.php?rest_route=%2Fwp%2Fv2%2Fcategories&post=50322"},{"taxonomy":"post_tag","embeddable":true,"href":"http:\/\/www.korhanyilmaz.com\/index.php?rest_route=%2Fwp%2Fv2%2Ftags&post=50322"}],"curies":[{"name":"wp","href":"https:\/\/api.w.org\/{rel}","templated":true}]}}