{"id":50314,"date":"2012-04-02T16:05:37","date_gmt":"2012-04-02T13:05:37","guid":{"rendered":"http:\/\/www.korhanyilmaz.com\/?p=50314"},"modified":"2012-04-02T16:47:41","modified_gmt":"2012-04-02T13:47:41","slug":"davasini-geri-cekmiyor","status":"publish","type":"post","link":"http:\/\/www.korhanyilmaz.com\/?p=50314","title":{"rendered":"Davas\u0131n\u0131 geri \u00e7ekmiyor"},"content":{"rendered":"<p style=\"text-align: justify;\"><a href=\"http:\/\/www.korhanyilmaz.com\/wp-content\/uploads\/2012\/04\/A204.jpg\"  class=\"lightview\"><img loading=\"lazy\" decoding=\"async\" class=\"aligncenter size-full wp-image-50315\" title=\"\" src=\"http:\/\/www.korhanyilmaz.com\/wp-content\/uploads\/2012\/04\/A204.jpg\" alt=\"\" width=\"292\" height=\"224\" \/><\/a><\/p>\n<p style=\"text-align: justify;\">Karde\u015fleriyle miras davas\u0131 s\u00fcrerken, Murat \u00c7ankaya isimli ki\u015fiye a\u00e7t\u0131\u011f\u0131 \u015fantaj davas\u0131yla da g\u00fcndeme gelen Zeynep Erbakan, &#8220;Gazeteleri okumuyorum. Geli\u015fmeleri takip etmiyorum. Davay\u0131 da \u00e7ekmeyece\u011fim&#8221; dedi.<\/p>\n<p style=\"text-align: justify;\">Vatan gazetesinin haberine g\u00f6re, eski e\u015fine \u201cdayak ve bo\u015fanma\u201d, karde\u015flerine \u201cmal ka\u00e7\u0131rma\u201d davalar\u0131 a\u00e7an eski ba\u015fbakanlardan merhum Necmettin Erbakan\u2019\u0131n k\u0131z\u0131 Zeynep Erbakan bu defa da \u015fantaj davas\u0131 ile g\u00fcndeme geldi. Zeynep Erbakan bir gazeteye yapt\u0131\u011f\u0131 a\u00e7\u0131klamada, dava a\u00e7t\u0131\u011f\u0131 Murat \u00c7ankaya\u2019n\u0131n, \u201cOnunla sevgiliydik, \u00fc\u00e7 ay birlikte olduk\u201d iddialar\u0131na g\u00fclerek, \u201cFoto\u011fraf\u0131 g\u00f6rd\u00fc\u011f\u00fcn\u00fcz zaman olup olamayaca\u011f\u0131na siz karar verin\u201d demi\u015fti.<!--more--><\/p>\n<p style=\"text-align: justify;\">Zeynep Erbakan h\u00e2l\u00e2 teyzesinin vefat\u0131yla ilgili i\u015flerle ilgilendi\u011fini, cenaze evinde oldu\u011funu belirterek, sorular\u0131n b\u00fcy\u00fck b\u00f6l\u00fcm\u00fcn\u00fc yan\u0131ts\u0131z b\u0131rakt\u0131. Karde\u015flerinin kendisi hakk\u0131nda \u201cVasi tayin etmek istedi\u011fi\u201d iddialar\u0131yla ilgili konu\u015fmayan Zeynep Erbakan, \u201cGeli\u015fmelerle ilgili bilgim yok\u201d demekle yetindi. Zeynep Erbakan, gazeteleri ve televizyon haberlerini takip etmedi\u011fini de s\u00f6yledi. \u201cA\u00e7t\u0131\u011f\u0131n\u0131z davay\u0131 geri \u00e7ekmeyi d\u00fc\u015f\u00fcn\u00fcyor musunuz?\u201d sorusuna ise Zeynep Erbakan, kararl\u0131 \u015fekilde, \u201cHay\u0131r, davay\u0131 geri \u00e7ekmeyece\u011fim\u201d yan\u0131t\u0131n\u0131 verdi.<\/p>\n<p style=\"text-align: justify;\"><strong>G\u00f6revden al\u0131nacak m\u0131?<\/strong><\/p>\n<p style=\"text-align: justify;\">Zeynep Erbakan bu s\u00f6zleriyle Genel Merkezin ba\u015flatt\u0131\u011f\u0131 \u2018Uzla\u015fma\u2019 turlar\u0131n\u0131 da bir bak\u0131ma sonland\u0131rm\u0131\u015f oldu. Aralar\u0131nda Necmettin Erbakan\u2019a en yak\u0131n isimler olan eski Genel Ba\u015fkan Recai Kutan, Fehim Adak, \u015eevket Kazan ve SP Genel Ba\u015fkan\u0131 Mustafa Kamalak\u2019\u0131n da bulundu\u011fu \u00e7ok say\u0131da isim Zeynep Erbakan\u2019\u0131 ikna etmek i\u00e7in u\u011fra\u015fm\u0131\u015ft\u0131. Kulislerde, \u201cZeynep Erbakan, SP Kad\u0131n Kollar\u0131 Ba\u015fkanl\u0131\u011f\u0131 g\u00f6revinden al\u0131nacak m\u0131?\u201d sorusu dola\u015fmaya ba\u015flad\u0131. Erbakan\u2019\u0131n psikolojik durumunun bu g\u00f6reve uygun olmad\u0131\u011f\u0131n\u0131 savunan partililerin bu talebine kar\u015f\u0131l\u0131k Genel Merkez\u2019den muhalif kanada, \u201c\u015eu a\u015famada b\u00f6yle bir \u015fey s\u00f6z konusu olamaz. Zeynep Han\u0131m g\u00f6revinin ba\u015f\u0131nda kalacak\u201d mesaj\u0131n\u0131n gitti\u011fi \u00f6\u011frenildi.<\/p>\n<p style=\"text-align: justify;\"><strong>3 milyon tl tart\u0131\u015fma yaratt\u0131<\/strong><\/p>\n<p style=\"text-align: justify;\">Zeynep Erbakan\u2019\u0131n ilgin\u00e7 a\u00e7\u0131klamalar\u0131 SP kulislerini sarsmaya devam ediyor. Erbakan\u2019\u0131n bir gazeteye yapt\u0131\u011f\u0131 a\u00e7\u0131klamada, \u201cKarde\u015flerim davadan vazge\u00e7mem i\u00e7in 1 milyon TL de\u011fil 3 milyon TL teklif ettiler. Ba\u015f\u0131ma gelip imzala deyince ben de \u2018Hay\u0131r\u2019 dedim. Hatta avukat\u0131m bana \u2018Hocan\u0131n serveti 3 milyon de\u011fildir. Sak\u0131n b\u00f6yle bir \u015fey imzalama\u2019 dedi. Ben de imzam\u0131 atmad\u0131m\u201d s\u00f6zleri, tart\u0131\u015fma konusu oldu.<\/p>\n<p style=\"text-align: justify;\"><strong>Saadet&#8217;te Erbakan \u00e7atla\u011f\u0131<\/strong><\/p>\n<p style=\"text-align: justify;\">SP\u2019de muhalefet kazan\u0131 da kaynamaya ba\u015flad\u0131. SP kurucu \u00fcyesi Necmettin Ayd\u0131n ge\u00e7ti\u011fimiz hafta bir bas\u0131n a\u00e7\u0131klamas\u0131 yaparak, Genel Ba\u015fkan Mustafa Kamalak\u2019\u0131n istifas\u0131n\u0131 istedi. Kamalak\u2019tan \u201c\u0130stifa yok\u201d sinyali gelirken, Zeynep Erbakan\u2019\u0131n dava s\u00fcreciyle ba\u015flayan gerilimin bir yol ayr\u0131m\u0131yla sonu\u00e7lanabilece\u011fi de belirtiliyor. Kurucu \u00fcye, psikolog Necmettin Ayd\u0131n, Erbakan karde\u015flerle ilgili de \u015fu yorumu yapm\u0131\u015ft\u0131: \u201cDurum bilinmesine ra\u011fmen Zeynep Han\u0131mefendi\u2019nin g\u00fcnlerce te\u015fkilatte\u015fkilat dola\u015ft\u0131r\u0131larak karde\u015flerinin, Fatih Erbakan\u2019\u0131n aleyhine konu\u015fturuldu\u011fu anla\u015f\u0131lmaktad\u0131r. Kamalak\u2019\u0131n \u2018Bu mesele karde\u015fler aras\u0131 miras kavgas\u0131d\u0131r, partiyi ilgilendirmez\u2019 s\u00f6z\u00fc ile e\u015finden ve \u00e7ocuklar\u0131ndan kopmu\u015f bir ki\u015finin karde\u015flerine kar\u015f\u0131 da k\u0131\u015fk\u0131rt\u0131ld\u0131\u011f\u0131 \u00e7ok a\u00e7\u0131kt\u0131r. B\u00f6yle bir yakla\u015f\u0131m, aile ba\u011flar\u0131ndan kopart\u0131lm\u0131\u015f ve sa\u011fl\u0131k raporundan anla\u015f\u0131ld\u0131\u011f\u0131 kadar\u0131yla rahats\u0131z bir kad\u0131n\u0131n depresyonunu art\u0131raca\u011f\u0131 kesindir. S\u00f6z konusu ruh haliyle Zeynep Han\u0131mefendi\u2019nin ciddi manada \u00f6zellikle kendisine zarar verecek yanl\u0131\u015f kararlar almas\u0131 da kuvvetle muhtemeldir.\u201d<\/p>\n<p style=\"text-align: justify;\"><a href=\"http:\/\/www.cnnturk.com\/2012\/guncel\/04\/02\/davasini.geri.cekmiyor\/655629.0\/index.html\" target=\"_blank\">Kaynak : CNN T\u00dcRK<\/a><\/p>\n","protected":false},"excerpt":{"rendered":"<p style=\"text-align: justify;\">\n<p style=\"text-align: justify;\">Karde\u015fleriyle miras davas\u0131 s\u00fcrerken, Murat \u00c7ankaya isimli ki\u015fiye a\u00e7t\u0131\u011f\u0131 \u015fantaj davas\u0131yla da g\u00fcndeme gelen Zeynep Erbakan, &#8220;Gazeteleri okumuyorum. Geli\u015fmeleri takip etmiyorum. Davay\u0131 da \u00e7ekmeyece\u011fim&#8221; dedi.<\/p>\n<p style=\"text-align: justify;\">Vatan gazetesinin haberine g\u00f6re, eski e\u015fine \u201cdayak ve bo\u015fanma\u201d, karde\u015flerine \u201cmal ka\u00e7\u0131rma\u201d davalar\u0131 a\u00e7an eski ba\u015fbakanlardan merhum Necmettin Erbakan\u2019\u0131n k\u0131z\u0131 Zeynep Erbakan bu <\/p>\n","protected":false},"author":1,"featured_media":0,"comment_status":"open","ping_status":"open","sticky":false,"template":"","format":"standard","meta":{"footnotes":""},"categories":[105],"tags":[],"class_list":["post-50314","post","type-post","status-publish","format-standard","hentry","category-gundem","odd"],"_links":{"self":[{"href":"http:\/\/www.korhanyilmaz.com\/index.php?rest_route=\/wp\/v2\/posts\/50314","targetHints":{"allow":["GET"]}}],"collection":[{"href":"http:\/\/www.korhanyilmaz.com\/index.php?rest_route=\/wp\/v2\/posts"}],"about":[{"href":"http:\/\/www.korhanyilmaz.com\/index.php?rest_route=\/wp\/v2\/types\/post"}],"author":[{"embeddable":true,"href":"http:\/\/www.korhanyilmaz.com\/index.php?rest_route=\/wp\/v2\/users\/1"}],"replies":[{"embeddable":true,"href":"http:\/\/www.korhanyilmaz.com\/index.php?rest_route=%2Fwp%2Fv2%2Fcomments&post=50314"}],"version-history":[{"count":0,"href":"http:\/\/www.korhanyilmaz.com\/index.php?rest_route=\/wp\/v2\/posts\/50314\/revisions"}],"wp:attachment":[{"href":"http:\/\/www.korhanyilmaz.com\/index.php?rest_route=%2Fwp%2Fv2%2Fmedia&parent=50314"}],"wp:term":[{"taxonomy":"category","embeddable":true,"href":"http:\/\/www.korhanyilmaz.com\/index.php?rest_route=%2Fwp%2Fv2%2Fcategories&post=50314"},{"taxonomy":"post_tag","embeddable":true,"href":"http:\/\/www.korhanyilmaz.com\/index.php?rest_route=%2Fwp%2Fv2%2Ftags&post=50314"}],"curies":[{"name":"wp","href":"https:\/\/api.w.org\/{rel}","templated":true}]}}