{"id":50304,"date":"2012-04-02T00:10:00","date_gmt":"2012-04-01T21:10:00","guid":{"rendered":"http:\/\/www.korhanyilmaz.com\/?p=50304"},"modified":"2012-04-02T01:43:04","modified_gmt":"2012-04-01T22:43:04","slug":"alman-istihbarati-sivas-icin-devrede","status":"publish","type":"post","link":"http:\/\/www.korhanyilmaz.com\/?p=50304","title":{"rendered":"Alman istihbarat\u0131 Sivas i\u00e7in devrede"},"content":{"rendered":"<p style=\"text-align: center;\"><a href=\"http:\/\/www.korhanyilmaz.com\/wp-content\/uploads\/2012\/04\/A0201.jpg\"  class=\"lightview\"><img loading=\"lazy\" decoding=\"async\" class=\"aligncenter  wp-image-50305\" src=\"http:\/\/www.korhanyilmaz.com\/wp-content\/uploads\/2012\/04\/A0201.jpg\" alt=\"\" width=\"396\" height=\"180\" \/><\/a><\/p>\n<p style=\"text-align: justify;\">Almanya \u0130\u00e7 \u0130stihbarat Ba\u015fkan\u0131 Heinz Fromm, Sivas davas\u0131nda hapse mahkum olan ve Almanya\u2019ya ka\u00e7an 12 T\u00fcrk i\u00e7in \u2018\u2019Etkin \u00e7aba g\u00f6sterece\u011fini\u2019\u2019 a\u00e7\u0131klad\u0131.<\/p>\n<p style=\"text-align: justify;\">Bir b\u00f6l\u00fcm\u00fc zaman a\u015f\u0131m\u0131na u\u011frayan Sivas davas\u0131 ile ilgili olarak, Almanya\u2019da i\u00e7 istihbarattan sorumlu Anayasay\u0131 Koruma Dairesi de devreye girdi. Te\u015fkilat Ba\u015fkan\u0131 Heinz Fromm, Sivas davas\u0131nda 9\u2019u m\u00fcebbet hapse mahkum olan 12 T\u00fcrk i\u00e7in \u2018\u2019Etkin \u00e7aba g\u00f6sterece\u011fini\u2019\u2019 a\u00e7\u0131klad\u0131.\u00a0<!--more--><\/p>\n<p style=\"text-align: justify;\">Edinilen bilgiye g\u00f6re Alman Ye\u015filler Partisinin T\u00fcrk as\u0131ll\u0131 milletvekili Mehmet K\u0131l\u0131\u00e7 ge\u00e7en hafta, Alman Anayasay\u0131 Koruma Dairesi Ba\u015fkan\u0131 Heinz Fromm ile g\u00f6r\u00fc\u015ft\u00fc. K\u0131l\u0131\u00e7, Sivas davas\u0131n\u0131n firari san\u0131klar\u0131n\u0131n Almanya\u2019da ya\u015fad\u0131\u011f\u0131n\u0131 ve korunduklar\u0131n\u0131 s\u00f6yledi. Fromm ise bu konuyu ciddiye ald\u0131klar\u0131n\u0131 belirterek \u2018\u2019Etkin \u00e7aba\u2019\u2019 g\u00f6stereceklerini s\u00f6yledi. K\u0131l\u0131\u00e7, Federal Alman M\u00fclteci Dairesinin gerekli ara\u015ft\u0131rmalar\u0131 yapmad\u0131\u011f\u0131n\u0131, Almanya\u2019n\u0131n firarilerin iadesi konusunda yeterli \u00e7abay\u0131 g\u00f6stermedi\u011fini de ileri s\u00fcrd\u00fc.<\/p>\n<p style=\"text-align: justify;\">Sivas katliam\u0131 davas\u0131nda haklar\u0131nda a\u011f\u0131rla\u015ft\u0131r\u0131lm\u0131\u015f m\u00fcebbet hapis cezas\u0131 verilen 33 san\u0131ktan 12\u2019si yurtd\u0131\u015f\u0131nda ve firarda bulunuyor. M\u00fceebbet hapse mahkum h\u00fck\u00fcml\u00fclerden \u00d6mer Demir, Mehmet Y\u0131lmaz, Sedat Y\u0131ld\u0131r\u0131m, Ethem Ceylan, Alim \u00d6zhan, Hayrettin Ye\u011fin, S\u00fcleyman Toksun, Harun Kavak ve Vahit Kaynar Almanya\u2019da ya\u015f\u0131yor. Ayn\u0131 davada 15 y\u0131l hapse mahkum olan Adem Bayrak, Adem A\u011fabekta\u015f ve Metin Ceylan da Almanya\u2019da bulunuyor.<\/p>\n<p style=\"text-align: justify;\"><a href=\"http:\/\/www.gazeteport.com.tr\/haber\/87646\/alman_istihbarati_sivas_icin_devrede\" target=\"_blank\">Kaynak : GAZETEPORT<\/a><\/p>\n","protected":false},"excerpt":{"rendered":"<p style=\"text-align: center;\">\n<p style=\"text-align: justify;\">Almanya \u0130\u00e7 \u0130stihbarat Ba\u015fkan\u0131 Heinz Fromm, Sivas davas\u0131nda hapse mahkum olan ve Almanya\u2019ya ka\u00e7an 12 T\u00fcrk i\u00e7in \u2018\u2019Etkin \u00e7aba g\u00f6sterece\u011fini\u2019\u2019 a\u00e7\u0131klad\u0131.<\/p>\n<p style=\"text-align: justify;\">Bir b\u00f6l\u00fcm\u00fc zaman a\u015f\u0131m\u0131na u\u011frayan Sivas davas\u0131 ile ilgili olarak, Almanya\u2019da i\u00e7 istihbarattan sorumlu Anayasay\u0131 Koruma Dairesi de devreye girdi. Te\u015fkilat Ba\u015fkan\u0131 Heinz Fromm, Sivas davas\u0131nda 9\u2019u <\/p>\n","protected":false},"author":1,"featured_media":0,"comment_status":"open","ping_status":"open","sticky":false,"template":"","format":"standard","meta":{"footnotes":""},"categories":[105],"tags":[],"class_list":["post-50304","post","type-post","status-publish","format-standard","hentry","category-gundem","odd"],"_links":{"self":[{"href":"http:\/\/www.korhanyilmaz.com\/index.php?rest_route=\/wp\/v2\/posts\/50304","targetHints":{"allow":["GET"]}}],"collection":[{"href":"http:\/\/www.korhanyilmaz.com\/index.php?rest_route=\/wp\/v2\/posts"}],"about":[{"href":"http:\/\/www.korhanyilmaz.com\/index.php?rest_route=\/wp\/v2\/types\/post"}],"author":[{"embeddable":true,"href":"http:\/\/www.korhanyilmaz.com\/index.php?rest_route=\/wp\/v2\/users\/1"}],"replies":[{"embeddable":true,"href":"http:\/\/www.korhanyilmaz.com\/index.php?rest_route=%2Fwp%2Fv2%2Fcomments&post=50304"}],"version-history":[{"count":0,"href":"http:\/\/www.korhanyilmaz.com\/index.php?rest_route=\/wp\/v2\/posts\/50304\/revisions"}],"wp:attachment":[{"href":"http:\/\/www.korhanyilmaz.com\/index.php?rest_route=%2Fwp%2Fv2%2Fmedia&parent=50304"}],"wp:term":[{"taxonomy":"category","embeddable":true,"href":"http:\/\/www.korhanyilmaz.com\/index.php?rest_route=%2Fwp%2Fv2%2Fcategories&post=50304"},{"taxonomy":"post_tag","embeddable":true,"href":"http:\/\/www.korhanyilmaz.com\/index.php?rest_route=%2Fwp%2Fv2%2Ftags&post=50304"}],"curies":[{"name":"wp","href":"https:\/\/api.w.org\/{rel}","templated":true}]}}