{"id":50298,"date":"2012-04-01T17:59:24","date_gmt":"2012-04-01T14:59:24","guid":{"rendered":"http:\/\/www.korhanyilmaz.com\/?p=50298"},"modified":"2012-04-02T00:46:03","modified_gmt":"2012-04-01T21:46:03","slug":"erbakandan-sevgili-aciklamasi","status":"publish","type":"post","link":"http:\/\/www.korhanyilmaz.com\/?p=50298","title":{"rendered":"Erbakan&#8217;dan sevgili a\u00e7\u0131klamas\u0131"},"content":{"rendered":"<p style=\"text-align: center;\"><a href=\"http:\/\/www.korhanyilmaz.com\/wp-content\/uploads\/2012\/04\/A0200.jpg\"  class=\"lightview\"><img loading=\"lazy\" decoding=\"async\" class=\"aligncenter  wp-image-50299\" src=\"http:\/\/www.korhanyilmaz.com\/wp-content\/uploads\/2012\/04\/A0200.jpg\" alt=\"\" width=\"306\" height=\"150\" \/><\/a><\/p>\n<p style=\"text-align: justify;\">Miras davas\u0131, \u015fantaj davas\u0131 derken Zeynep Erbakan&#8217;dan yeni a\u00e7\u0131klamalar geldi&#8230;<\/p>\n<p style=\"text-align: justify;\">Habert\u00fcrk&#8217;ten Cemal Do\u011fan&#8217;\u0131n haberine g\u00f6re: Eski ba\u015fbakanlardan Necmettin Erbakan&#8217;\u0131n k\u0131z\u0131 Zeynep Erbakan, \u015fantaj davas\u0131 a\u00e7t\u0131\u011f\u0131 Murat \u00c7ankaya&#8217;n\u0131n &#8220;Onunla sevgiliydik&#8221; s\u00f6zlerine yan\u0131t verdi: &#8220;Foto\u011fraf\u0131 g\u00f6rd\u00fc\u011f\u00fcn\u00fcz zaman olup olamayaca\u011f\u0131na siz karar verin&#8221;<\/p>\n<p style=\"text-align: justify;\">Eski e\u015fine &#8220;dayak&#8221; ve bo\u015fanma, karde\u015flerine &#8220;mal ka\u00e7\u0131rma&#8221; davalar\u0131 a\u00e7an eski ba\u015fbakanlardan merhum Necmettin Erbakan&#8217;\u0131n k\u0131z\u0131 Zeynep Erbakan, \u015fantaj davas\u0131 a\u00e7t\u0131\u011f\u0131 Murat \u00c7ankaya&#8217;n\u0131n &#8220;Onunla sevgiliydik, \u00fc\u00e7 ay birlikte olduk&#8221; iddialar\u0131na cevap verdi.<!--more--><\/p>\n<p style=\"text-align: justify;\">Vefat eden teyzesi Reyhap \u015een&#8217;in \u00f6l\u00fcm\u00fcn\u00fcn 7&#8217;nci g\u00fcn\u00fcnde mevlit okutan Zeynep Erbakan, daha sonra telefonla Habert\u00fcrk&#8217;\u00fcn sorular\u0131n\u0131 yan\u0131tlad\u0131:<\/p>\n<p style=\"text-align: justify;\">\u00a0<strong>SEVG\u0130L\u0130 YANITI\u00a0<\/strong><\/p>\n<p style=\"text-align: justify;\">&#8211; Habert\u00fcrk&#8217;te sizin a\u00e7t\u0131\u011f\u0131n\u0131z \u015fantaj davas\u0131 haberi i\u00e7in rahats\u0131z etmi\u015ftik. G\u00f6r\u00fc\u015flerinizi alabilir miyiz?<\/p>\n<p style=\"text-align: justify;\">G\u00f6rmedim, ben \u015fu anda cenazeyle ilgilendi\u011fim i\u00e7in haberim yok.<\/p>\n<p style=\"text-align: justify;\">&#8211; Hastanede tan\u0131\u015ft\u0131\u011f\u0131n\u0131z Murat \u00c7ankaya&#8217;n\u0131n iddialar\u0131 var. Ger\u00e7ek pay\u0131 var m\u0131?<\/p>\n<p style=\"text-align: justify;\">Evet hat\u0131rlad\u0131m bu olay\u0131. Onun iddalar\u0131 var ama dava devam ediyor. Nisan\u0131n ilk haftas\u0131nda ilk celsesi olacak. Ondan sonra kendisi orada ne a\u00e7\u0131klayacak bilmiyorum. Avukat\u0131m benim yerime girecek bu davaya.<\/p>\n<p style=\"text-align: justify;\">&#8211; Siz gelecek misiniz duru\u015fmaya?<\/p>\n<p style=\"text-align: justify;\">Hay\u0131r ben gelmeyece\u011fim, avukat\u0131m art\u0131k orada a\u00e7\u0131klayacak.<\/p>\n<p style=\"text-align: justify;\">&#8211; Siz Murat \u00c7ankaya&#8217;n\u0131n iddialar\u0131na ne diyorsunuz?<\/p>\n<p style=\"text-align: justify;\">\u015eu anda kimseye bir \u015fey s\u00f6ylemeyece\u011fim. Eee gene yazacaks\u0131n\u0131z bunu, yanl\u0131\u015f anla\u015f\u0131lacak. Ancak hayali \u015feyler s\u00f6yl\u00fcyor.<\/p>\n<p style=\"text-align: justify;\">&#8211; Bu \u015fantaj olay\u0131nda dava a\u00e7t\u0131\u011f\u0131n\u0131z Murat \u00c7ankaya&#8217;n\u0131n biz bir resmine ula\u015ft\u0131k, 35 ya\u015flar\u0131nda birisi. Sakall\u0131 biri miydi?<\/p>\n<p style=\"text-align: justify;\">Evet sakall\u0131d\u0131r.<\/p>\n<p style=\"text-align: justify;\">&#8211; H\u00e2l\u00e2 sizinle bir diyalo\u011fu var m\u0131?<\/p>\n<p style=\"text-align: justify;\">Kendisini hi\u00e7 g\u00f6rm\u00fcyorum, hastaneden ayr\u0131ld\u0131ktan sonra. Ayr\u0131ca o s\u00fcrekli telefon de\u011fi\u015ftirir, 10 -15 tane telefon kullan\u0131r.<\/p>\n<p style=\"text-align: justify;\">&#8211; Murat \u00c7ankaya&#8217;n\u0131n iddia etti\u011fi gibi aran\u0131zda 3 ayl\u0131k bir birliktelik oldu mu?<\/p>\n<p style=\"text-align: justify;\">(G\u00fclerek) Foto\u011fraf\u0131 g\u00f6rd\u00fc\u011f\u00fcn\u00fcz zaman olup olamayaca\u011f\u0131na siz karar verin.<\/p>\n<p style=\"text-align: justify;\"><strong>&#8216;BANA VAS\u0130 TAY\u0130N ETMEK \u0130STED\u0130LER&#8217;<\/strong><\/p>\n<p style=\"text-align: justify;\">&#8211; Mal ka\u00e7\u0131rma davas\u0131yla ba\u015flayan, \u015fiddet g\u00f6rd\u00fc\u011f\u00fcn\u00fcz i\u00e7in psikolojik tedavi, \u015fimdi de \u015fantaj olay\u0131, bunlar\u0131n arka arkaya gelmesi&#8230; Yoksa size kar\u015f\u0131 bir tutum mu var?<\/p>\n<p style=\"text-align: justify;\">Tabii tabii tamamen yapacaklar\u0131 ba\u015fka bir \u015fey g\u00f6remedikleri i\u00e7in, miras\u0131 vermek istemedikleri i\u00e7in diye, acaba ne yapabiliriz? Hatta karde\u015fim \u0131srarla dedi ki, &#8216;Sana ben vasi tayin edece\u011fim&#8217;. Hani vasidir, ne yap\u0131l\u0131r? E\u015fi olmad\u0131\u011f\u0131 zaman, annesi babas\u0131 olmad\u0131\u011f\u0131 zaman, karde\u015fleri vasidir. Senin paran\u0131n idaresini yine ben elime alaca\u011f\u0131m, almaya \u00e7al\u0131\u015f\u0131yorlar demektir. Bu yapm\u0131\u015f olduklar\u0131 o \u015fekilde, ne yapabilirsiniz? \u0130spatlayamad\u0131klar\u0131 i\u00e7in bunu yap\u0131yorlar. Hi\u00e7bir \u015fey s\u00f6ylemek istemiyorum. Bir rapor bulurlarsa sak\u0131n bir \u015fey yapmay\u0131n diye b\u00f6l\u00fcm ba\u015fkan\u0131 han\u0131m beni arad\u0131.<\/p>\n<p style=\"text-align: justify;\"><strong>&#8216;Karde\u015flerim vazge\u00e7mem i\u00e7in 3 milyon teklif etti&#8217;\u00a0<\/strong><\/p>\n<p style=\"text-align: justify;\">&#8211; Karde\u015flerinizin sizin davadan vazge\u00e7meniz i\u00e7in 1 milyon lira teklif etti\u011fi s\u00f6ylentileri do\u011fru mu?<\/p>\n<p style=\"text-align: justify;\">Evet evet do\u011fru, hatta 1 de\u011fil 3 teklif ettiler. Ba\u015f\u0131ma gelip imzala deyince ben de &#8216;Hay\u0131r&#8217; dedim. Hatta avukat\u0131m bana &#8216;Hocan\u0131n serveti 3 milyon de\u011fildir. Sak\u0131n b\u00f6yle bir \u015fey imzalama&#8217; dedi. Ben de imzam\u0131 atmad\u0131m.<\/p>\n<p style=\"text-align: justify;\"><a href=\"http:\/\/www.muhalifgazete.com\/34824-Erbakandan-sevgili-aciklamasi.htm\" target=\"_blank\">Kaynak : Muhalif Gazete<\/a><\/p>\n","protected":false},"excerpt":{"rendered":"<p style=\"text-align: center;\">\n<p style=\"text-align: justify;\">Miras davas\u0131, \u015fantaj davas\u0131 derken Zeynep Erbakan&#8217;dan yeni a\u00e7\u0131klamalar geldi&#8230;<\/p>\n<p style=\"text-align: justify;\">Habert\u00fcrk&#8217;ten Cemal Do\u011fan&#8217;\u0131n haberine g\u00f6re: Eski ba\u015fbakanlardan Necmettin Erbakan&#8217;\u0131n k\u0131z\u0131 Zeynep Erbakan, \u015fantaj davas\u0131 a\u00e7t\u0131\u011f\u0131 Murat \u00c7ankaya&#8217;n\u0131n &#8220;Onunla sevgiliydik&#8221; s\u00f6zlerine yan\u0131t verdi: &#8220;Foto\u011fraf\u0131 g\u00f6rd\u00fc\u011f\u00fcn\u00fcz zaman olup olamayaca\u011f\u0131na siz karar verin&#8221;<\/p>\n<p style=\"text-align: justify;\">Eski e\u015fine &#8220;dayak&#8221; ve bo\u015fanma, karde\u015flerine <\/p>\n","protected":false},"author":1,"featured_media":0,"comment_status":"open","ping_status":"open","sticky":false,"template":"","format":"standard","meta":{"footnotes":""},"categories":[105],"tags":[],"class_list":["post-50298","post","type-post","status-publish","format-standard","hentry","category-gundem","odd"],"_links":{"self":[{"href":"http:\/\/www.korhanyilmaz.com\/index.php?rest_route=\/wp\/v2\/posts\/50298","targetHints":{"allow":["GET"]}}],"collection":[{"href":"http:\/\/www.korhanyilmaz.com\/index.php?rest_route=\/wp\/v2\/posts"}],"about":[{"href":"http:\/\/www.korhanyilmaz.com\/index.php?rest_route=\/wp\/v2\/types\/post"}],"author":[{"embeddable":true,"href":"http:\/\/www.korhanyilmaz.com\/index.php?rest_route=\/wp\/v2\/users\/1"}],"replies":[{"embeddable":true,"href":"http:\/\/www.korhanyilmaz.com\/index.php?rest_route=%2Fwp%2Fv2%2Fcomments&post=50298"}],"version-history":[{"count":0,"href":"http:\/\/www.korhanyilmaz.com\/index.php?rest_route=\/wp\/v2\/posts\/50298\/revisions"}],"wp:attachment":[{"href":"http:\/\/www.korhanyilmaz.com\/index.php?rest_route=%2Fwp%2Fv2%2Fmedia&parent=50298"}],"wp:term":[{"taxonomy":"category","embeddable":true,"href":"http:\/\/www.korhanyilmaz.com\/index.php?rest_route=%2Fwp%2Fv2%2Fcategories&post=50298"},{"taxonomy":"post_tag","embeddable":true,"href":"http:\/\/www.korhanyilmaz.com\/index.php?rest_route=%2Fwp%2Fv2%2Ftags&post=50298"}],"curies":[{"name":"wp","href":"https:\/\/api.w.org\/{rel}","templated":true}]}}