{"id":50294,"date":"2012-04-01T12:15:32","date_gmt":"2012-04-01T09:15:32","guid":{"rendered":"http:\/\/www.korhanyilmaz.com\/?p=50294"},"modified":"2012-04-02T00:37:04","modified_gmt":"2012-04-01T21:37:04","slug":"baris-doster-davostaki-tiyatronun-cokusu","status":"publish","type":"post","link":"http:\/\/www.korhanyilmaz.com\/?p=50294","title":{"rendered":"Bar\u0131\u015f Doster: Davos&#8217;taki tiyatronun \u00e7\u00f6k\u00fc\u015f\u00fc"},"content":{"rendered":"<p style=\"text-align: center;\"><a href=\"http:\/\/www.korhanyilmaz.com\/wp-content\/uploads\/2012\/04\/A0199.jpg\"  class=\"lightview\"><img loading=\"lazy\" decoding=\"async\" class=\"aligncenter  wp-image-50295\" src=\"http:\/\/www.korhanyilmaz.com\/wp-content\/uploads\/2012\/04\/A0199.jpg\" alt=\"\" width=\"357\" height=\"210\" \/><\/a><\/p>\n<p style=\"text-align: justify;\"><span style=\"text-decoration: underline;\">Bar\u0131\u015f Doster&#8217;den T\u00fcrkiye D\u0131\u015f politikas\u0131 \u00fczerine bir analiz&#8230;\u00a0<\/span><\/p>\n<p style=\"text-align: justify;\">\u0130srail ile T\u00fcrkiye aras\u0131nda ya\u015fanan gerginlik, \u00f6nce ba\u015fbakan\u0131n Davos Forumu\u2019ndaki \u00fcnl\u00fc \u201cone minute\u201d \u00e7\u0131k\u0131\u015f\u0131yla ba\u015flam\u0131\u015ft\u0131. Onu \u0130srail\u2019deki b\u00fcy\u00fckel\u00e7imizin al\u00e7ak iskemlede oturtulmas\u0131 izledi. Arkas\u0131ndan Gazze\u2019ye insani yard\u0131m ta\u015f\u0131yan Mavi Marmara gemisine \u0130srail askerlerince yap\u0131lan bask\u0131n geldi. Bask\u0131n sonras\u0131nda ili\u015fkiler iyice gerilirken, taraflar geri ad\u0131m atmamakta direndiler.<!--more--><\/p>\n<p style=\"text-align: justify;\">T\u00fcrkiye, ili\u015fkilerin d\u00fczelmesi i\u00e7in \u0130srail\u2019in \u00f6z\u00fcr dilemesini, hayat\u0131n\u0131 kaybedenler i\u00e7in tazminat \u00f6demesini ve Gazze ablukas\u0131n\u0131 kald\u0131rmas\u0131n\u0131 \u015fart ko\u015ftu. Bu arada Mavi Marmara\u2019da ya\u015fananlar\u0131 ara\u015ft\u0131rmak i\u00e7in iki de komisyon kuruldu. \u0130lk komisyonun raporu T\u00fcrkiye\u2019nin tezleriyle \u00f6rt\u00fc\u015f\u00fcyordu. Ancak \u201cPalmer Komisyonu\u201d ad\u0131 verilen ikinci komisyon, \u0130srail\u2019e ele\u015ftirel yakla\u015fmayan, T\u00fcrkiye\u2019yi de tatmin etmeyen bir rapor yaz\u0131nca, iki \u00fclke ili\u015fkileri daha da gerildi. T\u00fcrkiye, \u0130srail\u2019le ili\u015fkilerini asgari seviyeye, ikinci k\u00e2tip d\u00fczeyine indirdi\u011fini a\u00e7\u0131klad\u0131. Komisyon raporunun yok h\u00fckm\u00fcnde oldu\u011funu ve Gazze ablukas\u0131n\u0131 tan\u0131mad\u0131\u011f\u0131n\u0131 ilan etti. Akdeniz\u2019de seyr\u00fcsefer serbestisi i\u00e7in gerekli ad\u0131mlar\u0131 ataca\u011f\u0131n\u0131 duyurdu. Konuyu Uluslararas\u0131 Adalet Divan\u0131\u2019na ta\u015f\u0131yaca\u011f\u0131n\u0131 belirtti.<\/p>\n<p style=\"text-align: justify;\">\u0130srail ise T\u00fcrkiye\u2019nin bu tutumuna tepki olarak ter\u00f6r \u00f6rg\u00fct\u00fc PKK\u2019ya ince mesajlar verir gibi yapt\u0131. ABD\u2019deki Yahudi lobisinin Ermeni lobisiyle birlikte \u00e7al\u0131\u015faca\u011f\u0131n\u0131 a\u00e7\u0131klad\u0131. \u0130li\u015fkileri germekten ka\u00e7\u0131nmad\u0131\u011f\u0131n\u0131 belli etti. Ba\u015fbakan\u0131n\u0131n Gazze\u2019ye yapt\u0131\u011f\u0131 gezi ise iki \u00fclke aras\u0131ndaki gerginli\u011fi doruk noktas\u0131na ta\u015f\u0131d\u0131.<\/p>\n<p style=\"text-align: justify;\">Gelelim Bug\u00fcne<\/p>\n<p style=\"text-align: justify;\">T\u00fcrkiye, hakl\u0131 oldu\u011fu bir konuda, hen\u00fcz hi\u00e7bir kazan\u0131m elde edemedi. Ankara\u2019n\u0131n Hamas ile yak\u0131nl\u0131\u011f\u0131 nedeniyle, \u0130srail\u2019e, ter\u00f6r \u00f6rg\u00fct\u00fc PKK ile yak\u0131nla\u015fabilece\u011fi bir zemin haz\u0131rlad\u0131. Son aylarda g\u00f6r\u00fcld\u00fc\u011f\u00fc \u00fczere, Hamas\u2019\u0131n Suriye ekseninden \u00e7\u0131k\u0131p, hatta \u015eam\u2019daki ofisini bile kapatacak kadar \u00e7\u0131k\u0131p, ABD ile yak\u0131nla\u015fabilece\u011fini \u00f6ng\u00f6remedi. T\u00fcrkiye, k\u0131sa s\u00fcre i\u00e7in Arap d\u00fcnyas\u0131nda itibar\u0131n\u0131 art\u0131rmaya \u00e7abalarken, \u201ckom\u015fularla s\u0131f\u0131r sorun\u201d politikas\u0131 tam anlam\u0131yla \u00e7\u00f6kt\u00fc. Moda deyimle krizi y\u00f6netemedi. Daha da vahimi, Arap d\u00fcnyas\u0131 gibi ak\u0131ldan \u00e7ok duygular\u0131n \u00f6ne \u00e7\u0131kt\u0131\u011f\u0131, uzun vadeli politika \u00fcretip, strateji belirlemenin hayli g\u00fc\u00e7 oldu\u011fu bir alemde, k\u0131sa s\u00fcreli\u011fine yakalad\u0131\u011f\u0131 itibar da h\u0131zla s\u00f6nd\u00fc. \u00d6yle ki M\u0131s\u0131r\u2019da M\u00fcsl\u00fcman Karde\u015fler bile, laiklik konusundaki \u00f6v\u00fcc\u00fc s\u00f6zleri nedeniyle, Ankara\u2019ya ayar verdiler. ABD\u2019nin iste\u011fiyle kabul edilen f\u00fcze kalkan\u0131n\u0131n \u0130ran\u2019a kar\u015f\u0131 \u0130srail\u2019i koruyaca\u011f\u0131n\u0131n iyice a\u00e7\u0131\u011fa \u00e7\u0131kmas\u0131, \u0130srail\u2019e tepkili Araplar aras\u0131nda T\u00fcrkiye alg\u0131s\u0131n\u0131 tersine \u00e7evirdi. Ankara, Mavi Marmara sald\u0131r\u0131s\u0131 nedeniyle \u0130srail\u2019le ili\u015fkilerini ikinci k\u00e2tip d\u00fczeyine indirdi\u011fi g\u00fcn, F\u00fcze Kalkan\u0131 radarlar\u0131n\u0131n Diyarbak\u0131r\u2019a yerle\u015ftirilmesini kabul ederek, inand\u0131r\u0131c\u0131l\u0131\u011f\u0131n\u0131 iyice yitirdi. \u00c7\u00fcnk\u00fc f\u00fcze kalkan\u0131n\u0131 kabul ederek \u0130srail\u2019in savunmas\u0131n\u0131 \u00fcstlendi.<\/p>\n<p style=\"text-align: justify;\">Ya\u015fananlar, \u0130srail\u2019le aram\u0131zdaki gerginli\u011fin dan\u0131\u015f\u0131kl\u0131 d\u00f6v\u00fc\u015f oldu\u011funu g\u00f6steriyor. Bu y\u00f6ndeki kan\u0131tlar\u0131 g\u00fc\u00e7lendiriyor. \u00c7\u00fcnk\u00fc \u0130srailli firmalara ambargo konulmad\u0131. \u0130kili ticaret geli\u015ferek s\u00fcr\u00fcyor, bundan da \u0130srailli \u015firketler kazan\u00e7l\u0131 \u00e7\u0131k\u0131yor. \u0130srail\u2019in b\u00f6lgedeki en b\u00fcy\u00fck d\u00fc\u015fmanlar\u0131ndan olan Suriye\u2019ye m\u00fcdahale etmenin bayraktarl\u0131\u011f\u0131n\u0131 T\u00fcrkiye yap\u0131yor. \u0130srail\u2019in bundan memnun olmamas\u0131 d\u00fc\u015f\u00fcn\u00fclemez. \u0130srail\u2019in di\u011fer b\u00fcy\u00fck d\u00fc\u015fman\u0131 olan \u0130ran\u2019a kar\u015f\u0131, T\u00fcrkiye\u2019nin \u0130srail\u2019in korunmas\u0131n\u0131 ama\u00e7layan f\u00fcze kalkan\u0131 radar\u0131na ev sahipli\u011fi yapmas\u0131na \u0130srail ne diye k\u0131zs\u0131n? Birka\u00e7 y\u0131l \u00f6nce T\u00fcrkiye, Suriye s\u0131n\u0131r\u0131ndaki may\u0131nlar\u0131n temizlenmesi i\u015fini \u0130srailli firmalara vermeyi, dahas\u0131 o topraklar\u0131 da bu \u00fclkeye 49 y\u0131ll\u0131\u011f\u0131na kiralamay\u0131 d\u00fc\u015f\u00fcnm\u00fcyor muydu? T\u00fcrkiye\u2019yi y\u00f6netenler, ABD\u2019deki en b\u00fcy\u00fck Yahudi lobisinden \u00f6d\u00fcl almad\u0131lar m\u0131? Mavi Marmara bask\u0131n\u0131 sonras\u0131nda o cesaret \u00f6d\u00fcn\u00fcn\u00fc ni\u00e7in iade etmediler? \u0130srail NATO \u00fcyesi olmad\u0131\u011f\u0131 halde Kas\u0131m 2004\u2019te NATO ile askeri antla\u015fma yapmad\u0131 m\u0131? \u0130lk kez NATO ile askeri tatbikatlara dahil olurken, T\u00fcrkiye de NATO \u00fcyesi olarak bu durumu desteklemedi mi? Ayr\u0131ca \u015funu da an\u0131msamak gerekiyor: L\u00fcbnan ba\u015fbakan\u0131 Hariri\u2019nin \u00f6ld\u00fcr\u00fclmesi sonras\u0131nda su\u00e7 Suriye\u2019ye at\u0131l\u0131rken, b\u00f6ylece L\u00fcbnan\u2019daki Suriye askerlerinin \u00e7ekilmesi sa\u011flan\u0131rken, T\u00fcrkiye Suriye\u2019nin yan\u0131nda yer almam\u0131\u015ft\u0131. B\u00f6ylece \u0130srail\u2019in elini rahatlatm\u0131\u015ft\u0131. Dahas\u0131, T\u00fcrk hava sahas\u0131n\u0131 e\u011fitim u\u00e7u\u015fu i\u00e7in kullanan \u0130srail jetlerinin T\u00fcrkiye\u2019deki NATO \u00fcslerinden yararlan\u0131p yararlanmad\u0131\u011f\u0131 sorusu da hen\u00fcz yan\u0131t bulmad\u0131.<\/p>\n<p style=\"text-align: justify;\"><strong>Sadede Gelelim<\/strong><\/p>\n<p style=\"text-align: justify;\">\u0130srail, \u00f6ld\u00fcrd\u00fc\u011f\u00fc 7 M\u0131s\u0131rl\u0131 asker nedeniyle M\u0131s\u0131r eski b\u00fcy\u00fckel\u00e7isini Kahire\u2019ye g\u00f6ndermi\u015f ve \u00f6z\u00fcr mektubu sunmu\u015ftu. Yani M\u0131s\u0131r\u2019dan \u00f6z\u00fcr dilemi\u015fti. T\u00fcrkiye ise \u00f6z\u00fcr beklemeyi s\u00fcrd\u00fcr\u00fcyor, Mavi Marmara bask\u0131n\u0131nda katledilen 9 yurtta\u015f\u0131 i\u00e7in. K\u00fcrecik\u2019e ABD askeri personeli yerle\u015fmi\u015fken, elinde f\u00fcze sistemi anahtar\u0131 varken, bu radar\u0131n \u0130srail\u2019i \u0130ran f\u00fczelerine kar\u015f\u0131 korumak i\u00e7in yerle\u015ftirildi\u011fini M\u0131s\u0131r\u2019daki sa\u011f\u0131r sultan bile duymu\u015fken, Davos\u2019taki ortaoyununa inanan h\u00e2l\u00e2 var m\u0131?<\/p>\n<p style=\"text-align: justify;\"><a href=\"http:\/\/muhalifgazete.com\/34794-Baris-Doster-Davos-taki-tiyatronun-cokusu.htm\" target=\"_blank\">Kaynak : Muhalif Gazete<\/a><\/p>\n<p style=\"text-align: justify;\">\n","protected":false},"excerpt":{"rendered":"<p style=\"text-align: center;\">\n<p style=\"text-align: justify;\">Bar\u0131\u015f Doster&#8217;den T\u00fcrkiye D\u0131\u015f politikas\u0131 \u00fczerine bir analiz&#8230; <\/p>\n<p style=\"text-align: justify;\">\u0130srail ile T\u00fcrkiye aras\u0131nda ya\u015fanan gerginlik, \u00f6nce ba\u015fbakan\u0131n Davos Forumu\u2019ndaki \u00fcnl\u00fc \u201cone minute\u201d \u00e7\u0131k\u0131\u015f\u0131yla ba\u015flam\u0131\u015ft\u0131. Onu \u0130srail\u2019deki b\u00fcy\u00fckel\u00e7imizin al\u00e7ak iskemlede oturtulmas\u0131 izledi. Arkas\u0131ndan Gazze\u2019ye insani yard\u0131m ta\u015f\u0131yan Mavi Marmara gemisine \u0130srail askerlerince yap\u0131lan bask\u0131n geldi. Bask\u0131n sonras\u0131nda ili\u015fkiler iyice <\/p>\n","protected":false},"author":1,"featured_media":0,"comment_status":"open","ping_status":"open","sticky":false,"template":"","format":"standard","meta":{"footnotes":""},"categories":[105],"tags":[],"class_list":["post-50294","post","type-post","status-publish","format-standard","hentry","category-gundem","odd"],"_links":{"self":[{"href":"http:\/\/www.korhanyilmaz.com\/index.php?rest_route=\/wp\/v2\/posts\/50294","targetHints":{"allow":["GET"]}}],"collection":[{"href":"http:\/\/www.korhanyilmaz.com\/index.php?rest_route=\/wp\/v2\/posts"}],"about":[{"href":"http:\/\/www.korhanyilmaz.com\/index.php?rest_route=\/wp\/v2\/types\/post"}],"author":[{"embeddable":true,"href":"http:\/\/www.korhanyilmaz.com\/index.php?rest_route=\/wp\/v2\/users\/1"}],"replies":[{"embeddable":true,"href":"http:\/\/www.korhanyilmaz.com\/index.php?rest_route=%2Fwp%2Fv2%2Fcomments&post=50294"}],"version-history":[{"count":0,"href":"http:\/\/www.korhanyilmaz.com\/index.php?rest_route=\/wp\/v2\/posts\/50294\/revisions"}],"wp:attachment":[{"href":"http:\/\/www.korhanyilmaz.com\/index.php?rest_route=%2Fwp%2Fv2%2Fmedia&parent=50294"}],"wp:term":[{"taxonomy":"category","embeddable":true,"href":"http:\/\/www.korhanyilmaz.com\/index.php?rest_route=%2Fwp%2Fv2%2Fcategories&post=50294"},{"taxonomy":"post_tag","embeddable":true,"href":"http:\/\/www.korhanyilmaz.com\/index.php?rest_route=%2Fwp%2Fv2%2Ftags&post=50294"}],"curies":[{"name":"wp","href":"https:\/\/api.w.org\/{rel}","templated":true}]}}