{"id":50290,"date":"2012-04-01T20:48:40","date_gmt":"2012-04-01T17:48:40","guid":{"rendered":"http:\/\/www.korhanyilmaz.com\/?p=50290"},"modified":"2012-04-02T00:32:07","modified_gmt":"2012-04-01T21:32:07","slug":"suriye-halkinin-dostlari-istanbulda-toplandi","status":"publish","type":"post","link":"http:\/\/www.korhanyilmaz.com\/?p=50290","title":{"rendered":"Suriye halk\u0131n\u0131n dostlar\u0131 \u0130stanbul&#8217;da topland\u0131"},"content":{"rendered":"<p style=\"text-align: center;\"><a href=\"http:\/\/www.korhanyilmaz.com\/wp-content\/uploads\/2012\/04\/A0198.jpg\"  class=\"lightview\"><img loading=\"lazy\" decoding=\"async\" class=\"aligncenter  wp-image-50291\" src=\"http:\/\/www.korhanyilmaz.com\/wp-content\/uploads\/2012\/04\/A0198.jpg\" alt=\"\" width=\"320\" height=\"254\" \/><\/a><\/p>\n<p style=\"text-align: justify;\">Suriye Halk\u0131n\u0131n Dostlar\u0131 Grubu&#8217;nun \u0130kinci Konferans\u0131 sonu\u00e7 bildirisinde, Suriye Ulusal Konseyi (SUK) b\u00fct\u00fcn Suriyelilerin &#8220;me\u015fru temsilcisi&#8221; olarak tan\u0131nd\u0131, Yapt\u0131r\u0131mlar \u00c7al\u0131\u015fma Grubu olu\u015fturuldu.<\/p>\n<p style=\"text-align: justify;\">T\u00fcrkiye&#8217;nin evsahipli\u011finde \u0130stanbul Kongre Merkezi&#8217;nde d\u00fczenlenen konferans\u0131n sonunda kat\u0131l\u0131mc\u0131lar, \u0130stanbul bildirisini kabul ettiler.<\/p>\n<p style=\"text-align: justify;\">Bildirinin taslak metninde, Suriye&#8217;nin dostlar\u0131n\u0131n Tunus&#8217;un ard\u0131ndan ikinci olarak \u0130stanbul&#8217;da bir araya geldikleri hat\u0131rlat\u0131larak, uluslararas\u0131 toplumdan 82 \u00fclke ve BM, Arap Birli\u011fi, AB, \u0130slam \u0130\u015fbirli\u011fi Te\u015fkilat\u0131 (\u0130\u0130T), Afrika Birli\u011fi gibi \u00e7e\u015fitli \u00f6rg\u00fctlerin bu konferansa kat\u0131ld\u0131\u011f\u0131 bildirildi.\u00a0<!--more--><\/p>\n<p style=\"text-align: justify;\">Tunus konferans\u0131n\u0131n sonu\u00e7 bildirisiyle ba\u011flant\u0131l\u0131 bir \u015fekilde, kat\u0131l\u0131mc\u0131lar\u0131n &#8220;Suriye halk\u0131n\u0131n hakl\u0131 davas\u0131na destek olmaya karar verdi\u011fi&#8221; ifade edilen \u0130stanbul bildirisinin 3. maddesinde \u015fu ifadelere yer verildi:<\/p>\n<p style=\"text-align: justify;\">&#8220;Suriye&#8217;nin dostlar\u0131 Suriye&#8217;nin gelece\u011finin bizzat Suriye halk\u0131 taraf\u0131ndan kararla\u015ft\u0131r\u0131lmas\u0131 gerekti\u011fini ve Suriye halk\u0131n\u0131n me\u015fru ve hakl\u0131 talepleri kar\u015f\u0131lan\u0131ncaya kadar onlarla birlikte olunaca\u011f\u0131n\u0131 vurgulad\u0131lar.&#8221;<\/p>\n<p style=\"text-align: justify;\">Bu maddenin devam\u0131nda Suriye&#8217;nin ba\u011f\u0131ms\u0131zl\u0131\u011f\u0131, egemenli\u011fi, siyasi birli\u011fi ve toprak b\u00fct\u00fcnl\u00fc\u011f\u00fcn\u00fcn korunmas\u0131n\u0131n \u00f6neminin de alt\u0131 \u00e7izildi.<\/p>\n<p style=\"text-align: justify;\">Bildirinin 4. maddesinde Suriye Ulusal Konseyi&#8217;nin konferansa Suriye&#8217;deki mevcut duruma ili\u015fkin bir rapor sundu\u011fu belirtilerek, bu raporda Suriye rejiminin geni\u015f \u00e7apl\u0131 bir bi\u00e7imde insan haklar\u0131 ihlalleri ve \u015fiddete devam etti\u011fi, durumun \u00e7ok k\u00f6t\u00fc oldu\u011fu, binlerce insan\u0131n k\u00f6t\u00fc \u015fartlarda ya\u015fad\u0131\u011f\u0131, tutukland\u0131\u011f\u0131 ya da evlerinden oldu\u011fu gibi unsurlar\u0131n bulundu\u011fu kaydedildi.<\/p>\n<p style=\"text-align: justify;\">&#8220;Rejim, halk\u0131n\u0131 her a\u00e7\u0131dan kaybetmi\u015ftir&#8221; tespitinin yap\u0131ld\u0131\u011f\u0131 maddede, rejimin uygulad\u0131\u011f\u0131\u00a0ac\u0131mas\u0131zl\u0131\u011f\u0131n BM&#8217;nin Ba\u011f\u0131ms\u0131z Komisyonu&#8217;nun belirtti\u011fi gibi insanl\u0131\u011fa kar\u015f\u0131 i\u015flenen su\u00e7lar olarak kabul edilebilece\u011fi kaydedildi.<\/p>\n<p style=\"text-align: justify;\">Ayn\u0131 maddede &#8220;Rejim uluslararas\u0131 toplumu aldatmaya ve \u00e7abalar\u0131n\u0131 maniple etmeye \u00e7al\u0131\u015fmaya devem etmektedir&#8221; denilerek, Suriye rejiminin bir an \u00f6nce bunlara son vermesi, Suriye halk\u0131na kar\u015f\u0131 uygulad\u0131\u011f\u0131 \u015fiddeti durdurmas\u0131 ve uluslararas\u0131 hukuka tam olarak uymas\u0131 gerekti\u011fi vurguland\u0131.<\/p>\n<p style=\"text-align: justify;\">\u0130stanbul bildirisinin 5. maddesinde Tunus konferans\u0131nda kararla\u015ft\u0131r\u0131ld\u0131\u011f\u0131 \u00fczere kat\u0131l\u0131mc\u0131lar\u0131n Arap Birli\u011fi&#8217;nin Suriye&#8217;de siyasi ge\u00e7i\u015f s\u00fcrecini sa\u011flamak ile e\u015fitlik\u00e7i, ayr\u0131m g\u00f6zetmeyen bir demokrasi kurulmas\u0131n\u0131 ama\u00e7layan giri\u015fimine destek verdi\u011fi belirtildi.<\/p>\n<p style=\"text-align: justify;\">6. maddede Suriye&#8217;nin Dostlar\u0131n\u0131n bu \u00e7er\u00e7evede BM, Arap Birli\u011fi ve \u0130\u0130T&#8217;nin ald\u0131klar\u0131 kararlar ve Kofi Annan&#8217;\u0131n 6 maddelik plan\u0131n\u0131n \u00f6nemini vurgulad\u0131klar\u0131 bildirilerek, &#8220;Dostlar Grubu, \u00d6zel Temsilci Kofi Annan&#8217;\u0131n \u00e7abalar\u0131n\u0131 takdirle kar\u015f\u0131lamakta ve misyonunun tam olarak uygulanmas\u0131na deste\u011fini ifade etmektedir&#8221; denildi.<\/p>\n<p style=\"text-align: justify;\"><strong>&#8220;F\u0131rsat penceresi a\u00e7\u0131k u\u00e7lu de\u011fildir&#8221;\u00a0<\/strong><\/p>\n<p style=\"text-align: justify;\">Bildirinin 7. maddesinde Annan&#8217;\u0131n plan\u0131n\u0131 kabul etti\u011fini a\u00e7\u0131klam\u0131\u015f olmas\u0131na ra\u011fmen rejimin \u015fiddete devam etti\u011fi \u00fcz\u00fcnt\u00fcyle hat\u0131rlat\u0131larak, 27 Mart&#8217;ta plan\u0131n kabul\u00fcnden beri rejimin \u015fiddetinin durmad\u0131\u011f\u0131 ve \u00e7ok say\u0131da insan\u0131n hayat\u0131n\u0131 kaybetti\u011fi kaydedildi. Rejimin daha \u00f6nce de verdi\u011fi vaatleri, say\u0131s\u0131z kez tutmad\u0131\u011f\u0131na dikkat \u00e7ekilerek, bu son \u015fiddet uygulamalar\u0131n\u0131n Suriye y\u00f6netiminin samimiyetsizli\u011finin en yeni \u00f6rne\u011fi oldu\u011fu kaydedildi.<\/p>\n<p style=\"text-align: justify;\">Ayn\u0131 maddede daha sonra Annan Plan\u0131&#8217;na ili\u015fkin \u015fu ifadelere yer verildi:<\/p>\n<p style=\"text-align: justify;\">&#8220;Bundan dolay\u0131 Suriye rejimi vaatleri ile de\u011fil fiiliyattaki uygulamalar\u0131 ile muhakeme edilecektir. Annan&#8217;a verilen taahh\u00fctlerinin yerine getirilmesi i\u00e7in a\u00e7\u0131lan f\u0131rsat penceresi a\u00e7\u0131k u\u00e7lu de\u011fildir. Dostlar Grubu, \u00d6zel Temsilci Annan&#8217;\u0131 da katliamlar devam ederse BM G\u00fcvenlik Konseyi yoluna d\u00f6nmek de dahil olmak \u00fczere bundan sonraki ad\u0131mlar i\u00e7in bir zaman \u00e7izelgesi kararla\u015ft\u0131rmaya davet eder. Bu zaman zarf\u0131nda Dostlar Grubu da Suriye halk\u0131n\u0131n korunmas\u0131 i\u00e7in ek baz\u0131 uygun tedbirler \u00fczerinde \u00e7al\u0131\u015fmaya devam edecektir.&#8221;<\/p>\n<p style=\"text-align: justify;\"><strong>SUK me\u015fru temsilci olarak tan\u0131nd\u0131\u00a0<\/strong><\/p>\n<p style=\"text-align: justify;\">Bildirinin 8. maddesinde Dostlar Grubu&#8217;nun Suriye muhalefetinin \u0130stanbul&#8217;da yapt\u0131\u011f\u0131 son toplant\u0131n\u0131n memnuniyetle kar\u015f\u0131land\u0131\u011f\u0131 belirtilerek, muhalefetin \u00fclkede bar\u0131\u015f\u00e7\u0131l, e\u015fitlik\u00e7i, hi\u00e7bir gurubu d\u0131\u015flamayan bir siyasi d\u00f6n\u00fc\u015f\u00fcm taahh\u00fcd\u00fc vermesine destek olundu\u011fu kaydedildi.<\/p>\n<p style=\"text-align: justify;\">Ge\u00e7i\u015f s\u00fcrecinde Suriye&#8217;nin mevcut kurumlar\u0131n\u0131n korunmas\u0131 ve yeni Suriye&#8217;nin parlamenter bir demokrasi olmas\u0131 gerekti\u011fi hususlar\u0131 da vurgulanarak, Suriye muhalefetinin 26\/27 Mart toplant\u0131s\u0131 sonunda yay\u0131mlad\u0131\u011f\u0131 bildiri de memnuniyetle kar\u015f\u0131land\u0131.<\/p>\n<p style=\"text-align: justify;\">\u0130stanbul bildirisinin 10. maddesinde &#8220;Dostlar Grubu, Suriye Ulusal Konseyi&#8217;ni (SUK) b\u00fct\u00fcn Suriyelilerin me\u015fru temsilcisi ve Suriye muhalif gruplar\u0131n alt\u0131nda topland\u0131\u011f\u0131 \u015femsiye bir \u00f6rg\u00fct olarak tan\u0131maktad\u0131r&#8221; denildi.<\/p>\n<p style=\"text-align: justify;\">Bildiride ayr\u0131ca sorumlu Suriyeli vatanda\u015flar, rejimin katliamlar\u0131n\u0131n bir par\u00e7as\u0131 olmamaya\u00a0davet edilerek, \u00f6zellikle ordu ve g\u00fcvenlik birlikleri ile devlet kurumlar\u0131ndakilerin halk\u0131 hedef alan yasad\u0131\u015f\u0131 emirlere itaat etmemeleri gerekti\u011fi vurguland\u0131.<\/p>\n<p style=\"text-align: justify;\">\u0130stanbul bildirisinin 12. maddesinde de \u00fclke i\u00e7inde devam eden protestolar hat\u0131rlat\u0131larak, &#8220;Dostlar Grubu, Suriye halk\u0131n\u0131n kendini korumak i\u00e7in me\u015fru \u00f6nlemler uygulamas\u0131na deste\u011fini ifade eder&#8221; denildi.<\/p>\n<p style=\"text-align: justify;\">13. maddede ise Dostlar Grubu&#8217;nun uluslararas\u0131 toplumun b\u00fct\u00fcn \u00fcyelerini b\u00fct\u00fcn gerekli tedbirleri almaya g\u00fc\u00e7l\u00fc bir bi\u00e7imde \u00e7a\u011fr\u0131 yapt\u0131\u011f\u0131 belirtilerek, &#8220;Bu \u00e7er\u00e7evede rejimin silaha eri\u015fiminin engellenmesi en \u00f6nceliklidir&#8221; denildi.<\/p>\n<p style=\"text-align: justify;\"><strong>Yapt\u0131r\u0131mlar \u00c7al\u0131\u015fma Grubu olu\u015fturuldu\u00a0<\/strong><\/p>\n<p style=\"text-align: justify;\">Tunus&#8217;taki toplant\u0131dan bu yana \u00e7ok say\u0131da \u00fclkenin b\u00fcy\u00fckel\u00e7ilerini Suriye&#8217;den geri \u00e7ekti\u011fi belirtilen bildiride, bu y\u00f6ndeki \u00f6nlemlerin devam\u0131 konusunda anla\u015fmaya var\u0131ld\u0131\u011f\u0131 da kaydedildi.<\/p>\n<p style=\"text-align: justify;\">Bildiride; geni\u015f \u00e7apl\u0131, sistematik ve yayg\u0131n olarak tan\u0131mlanan insan haklar\u0131 ihlalleri g\u00fc\u00e7l\u00fc bir \u015fekilde k\u0131nan\u0131rken, BM \u0130nsan Haklar\u0131 Konseyi taraf\u0131ndan g\u00f6revlendirilen uluslararas\u0131 ve ba\u011f\u0131ms\u0131z Ara\u015ft\u0131rma Komisyonu taraf\u0131ndan haz\u0131rlanan ve halka zul\u00fcm uygulayan Suriyeli g\u00fcvenlik g\u00fc\u00e7lerini konu alan iki raporun derin endi\u015feyle kar\u015f\u0131land\u0131\u011f\u0131 bildirildi.<\/p>\n<p style=\"text-align: justify;\">Komisyonun \u00fclkedeki insan haklar\u0131 durumunu izlemeye devam etmesi gerekti\u011fi ifade edilerek, uluslararas\u0131 su\u00e7lara ve di\u011fer ihlallere ili\u015fkin kan\u0131tlar\u0131n sistematik olarak\u00a0toplanmas\u0131n\u0131n, faillerin hesap vermesi s\u00fcrecini kolayla\u015ft\u0131rmas\u0131 a\u00e7\u0131s\u0131ndan \u00f6nemine\u00a0vurgu yap\u0131ld\u0131.<\/p>\n<p style=\"text-align: justify;\">Bildiride, Suriye&#8217;nin Dostlar\u0131 Grubu&#8217;nun insan haklar\u0131 ihlalleriyle ilgili kan\u0131tlar\u0131n belgelenmesi ve saklanmas\u0131 amac\u0131yla yap\u0131lacak \u00e7abalar\u0131n desteklenmesi i\u00e7in \u00e7ok tarafl\u0131 bir giri\u015fim geli\u015ftirilmesi konusunda anla\u015ft\u0131klar\u0131 da kaydedildi.<\/p>\n<p style=\"text-align: justify;\"><strong>Finansal destek\u00a0<\/strong><\/p>\n<p style=\"text-align: justify;\">Bildiride, Suriyeliler taraf\u0131ndan y\u00fcr\u00fct\u00fclen bar\u0131\u015f\u00e7\u0131l, d\u00fczenli ve istikrarl\u0131 siyasi s\u00fcrece m\u00fcmk\u00fcn olan her t\u00fcrl\u00fc yard\u0131m, teknik tavsiye ve do\u011frudan deste\u011fin sa\u011flanaca\u011f\u0131 taahh\u00fcd\u00fc verilirken, bu ba\u011flamda Suriye halk\u0131n\u0131n ihtiya\u00e7lar\u0131n\u0131n kar\u015f\u0131lanmas\u0131 i\u00e7in finansal deste\u011fi de i\u00e7eren yard\u0131m\u0131n acil olarak art\u0131r\u0131laca\u011f\u0131 ifade edildi.<\/p>\n<p style=\"text-align: justify;\">Bildirinin 18. maddesinde daha \u00f6nce al\u0131nan yapt\u0131r\u0131m kararlar\u0131n\u0131n etkin uygulamas\u0131 i\u00e7in Yapt\u0131r\u0131mlar \u00c7al\u0131\u015fma Grubu olu\u015fturulmas\u0131n\u0131n kararla\u015ft\u0131r\u0131ld\u0131\u011f\u0131 belirtilerek, \u00e7al\u0131\u015fma grubunun ilk olarak, Dostlar Grubu&#8217;nun 3. toplant\u0131s\u0131na paralel olarak Nisan ay\u0131 i\u00e7inde Fransa&#8217;da toplanaca\u011f\u0131 bildirildi.<\/p>\n<p style=\"text-align: justify;\">Suriye&#8217;deki durumun b\u00f6lgedeki ekonomik faaliyetlere ve ula\u015ft\u0131rma gibi konulara olan olumsuz etkilerinin alt\u0131 \u00e7izilirken, bu t\u00fcr etkilerin en aza indirilmesi i\u00e7in gerekli tedbirlerin al\u0131nmas\u0131 hususunda anla\u015f\u0131ld\u0131\u011f\u0131 kaydedildi.<\/p>\n<p style=\"text-align: justify;\"><strong>Suriye&#8217;nin kom\u015fular\u0131na destek\u00a0<\/strong><\/p>\n<p style=\"text-align: justify;\">Bildiride, Suriye&#8217;de siyasi ve ekonomik d\u00f6n\u00fc\u015f\u00fcm\u00fcn \u00f6n\u00fcndeki zorluklar\u0131n bilindi\u011fi dile getirilerek, yeni Suriye&#8217;nin gelecek d\u00f6nemde kendi ayaklar\u0131 \u00fczerinde durmas\u0131 i\u00e7in ekonomik olarak desteklenece\u011fi taahh\u00fcd\u00fc yer ald\u0131.<\/p>\n<p style=\"text-align: justify;\">Bu ba\u011flamda, Suriye&#8217;nin Dostlar\u0131 Grubu&#8217;nun \u00fclkenin kalk\u0131nmas\u0131 ve toparlanmas\u0131 i\u00e7in y\u00fcr\u00fct\u00fclecek yard\u0131m planlamas\u0131 ve koordinasyonunun merkezi olacak Ekonomik D\u00fczelme\u00a0ve Kalk\u0131nma \u00c7al\u0131\u015fma Grubu&#8217;na yetki verdi\u011fi, Almanya ve Birle\u015fik Arap Emirlikleri&#8217;nin e\u015fba\u015fkanl\u0131k edece\u011fi \u00e7al\u0131\u015fma grubunun Suriyeli muhaliflerden belirlenecek temsilcilerle yak\u0131n \u00e7al\u0131\u015fma i\u00e7inde olaca\u011f\u0131 belirtildi.<\/p>\n<p style=\"text-align: justify;\">Suriye&#8217;deki insani durum hakk\u0131ndaki endi\u015feler de dile getirilirken, \u00fclkeye insani yard\u0131mlar\u0131n girmesi i\u00e7in t\u00fcm taraflara \u00e7a\u011fr\u0131da bulunuldu ve insani yard\u0131m\u0131n da\u011f\u0131t\u0131m\u0131 i\u00e7in \u00e7at\u0131\u015fmalara her g\u00fcn iki saat ara verilmesi y\u00f6n\u00fcndeki \u00e7a\u011fr\u0131lar\u0131n da desteklendi\u011fi bildirildi.<\/p>\n<p style=\"text-align: justify;\">Kom\u015fu \u00fclkelere ka\u00e7an onbinlerce Suriyeli ve \u00fclke i\u00e7inde yerlerinden olan y\u00fczbinlerce ki\u015fi i\u00e7in de endi\u015fe duyuldu\u011fu belirtilerek, &#8220;rejimin uygulad\u0131\u011f\u0131 \u015fiddetten ka\u00e7an Suriyelilere ev sahipli\u011fi yapan kom\u015fu \u00fclkelerin omzundaki ciddi ve artan y\u00fck\u00fcn bilindi\u011fi&#8221; vurguland\u0131. Bildiride, krizin etkileri nedeniyle Suriye&#8217;nin kom\u015fusu olan \u00fclkelere destek ve yard\u0131m sa\u011flanaca\u011f\u0131 konusunda Suriye&#8217;nin Dostlar\u0131 Grubu&#8217;nun taahh\u00fcd\u00fc yinelendi.<\/p>\n<p style=\"text-align: justify;\">BM&#8217;nin insani yard\u0131mlar\u0131n koordinasyonu hakk\u0131ndaki \u00e7abalar\u0131na destek verilece\u011fi tekrarlanarak, ba\u015fta \u0130slam \u0130\u015fbirli\u011fi Te\u015fkilat\u0131 olmak \u00fczere di\u011fer kurumlar\u0131n da \u00e7abalar\u0131n\u0131n memnuniyetle kar\u015f\u0131land\u0131\u011f\u0131 bildirildi.<\/p>\n<p style=\"text-align: justify;\">Suriye&#8217;nin Dostlar\u0131 Grubu, sonu\u00e7 bildirisinde ikinci toplant\u0131ya evsahipli\u011fi yapan T\u00fcrkiye&#8217;ye te\u015fekk\u00fcrlerini ileterek, bir sonraki toplant\u0131n\u0131n Fransa&#8217;da yap\u0131laca\u011f\u0131n\u0131 duyurdu.<\/p>\n<p style=\"text-align: justify;\"><strong>BA\u015eBAKAN ERDO\u011eAN&#8217;IN KONU\u015eMASI\u00a0<\/strong><\/p>\n<p style=\"text-align: justify;\">Ba\u015fbakan Recep Tayyip Erdo\u011fan, Suriye Halk\u0131n\u0131n Dostlar\u0131 \u0130kinci Konferans\u0131&#8217;nda yapt\u0131\u011f\u0131 konu\u015fmada, &#8220;Sand\u0131k, asl\u0131nda Suriye halk\u0131n\u0131n \u00f6n\u00fcne getirilmelidir ve uluslararas\u0131 camian\u0131n kontrol\u00fc ve g\u00fcvencesi alt\u0131nda da burada demokratik se\u00e7im ger\u00e7ekle\u015fmelidir. Bug\u00fcn buradan, \u0130stanbul&#8217;dan, Suriyeli karde\u015flerimize yaln\u0131z olmad\u0131klar\u0131n\u0131 tekrar hat\u0131rlatmak istiyorum. T\u00fcrkiye olarak, dost ve karde\u015f Suriye halk\u0131n\u0131n yan\u0131nda yer almaya devam edece\u011fiz&#8221; dedi.<\/p>\n<p style=\"text-align: justify;\">Erdo\u011fan \u015f\u00f6yle konu\u015ftu:<\/p>\n<p style=\"text-align: justify;\">&#8220;Suriye Halk\u0131n\u0131n Dostlar\u0131 Grubu&#8217;nda bulunan di\u011fer ortaklar\u0131m\u0131z\u0131n da ayn\u0131 kararl\u0131l\u0131kla davranacaklar\u0131ndan \u015f\u00fcphe duymuyoruz. Suriye&#8217;de akan kan\u0131n derhal durmas\u0131n\u0131 temenni ediyoruz. Suriye&#8217;de, Annan&#8217;a verilen s\u00f6z \u015fu ana kadar yerine getirilmemi\u015ftir. Hala rejim \u00f6l\u00fcm kusmaya devam etmektedir. Bug\u00fcne kadar verdi\u011fi s\u00f6zlerin hi\u00e7birini bu rejim zaten tutmam\u0131\u015ft\u0131r. Suriye&#8217;de halk\u0131n me\u015fru taleplerinin derhal kar\u015f\u0131lanmas\u0131n\u0131 istiyoruz. Suriye&#8217;nin, bir an \u00f6nce istikrara, g\u00fcvenli\u011fe, huzura kavu\u015fmas\u0131n\u0131 temenni ediyoruz.<\/p>\n<p style=\"text-align: justify;\">Umuyorum ki, Suriye halk\u0131 bunu ba\u015faracakt\u0131r. \u0130nan\u0131yorum ki, Suriye halk\u0131, kendi kaderini tayin hakk\u0131n\u0131 elde edecek, kendi rotas\u0131n\u0131 kendisi \u00e7izecektir. Hi\u00e7 kimsenin ku\u015fkusu olmas\u0131n ki, masum canlara kastedenler de, er ya da ge\u00e7 mutlaka ama mutlaka cezalar\u0131n\u0131 \u00e7ekecektir.&#8221;<\/p>\n<p style=\"text-align: justify;\"><strong>&#8220;M\u00fcdahale niyetimiz yok&#8221;\u00a0<\/strong><\/p>\n<p style=\"text-align: justify;\">Suriye&#8217;nin, T\u00fcrkiye&#8217;nin en uzun s\u0131n\u0131r\u0131 payla\u015ft\u0131\u011f\u0131 \u00fclke oldu\u011funu hat\u0131rlatan Erdo\u011fan, konu\u015fmas\u0131n\u0131 \u015f\u00f6yle s\u00fcrd\u00fcrd\u00fc:<\/p>\n<p style=\"text-align: justify;\">&#8220;T\u00fcrkiye olarak, b\u00f6lgemizdeki hi\u00e7bir \u00fclkenin i\u00e7i\u015flerine m\u00fcdahale gibi bir niyetimiz yoktur. Hi\u00e7bir \u00fclke \u00fczerinde \u00e7\u0131kar hesab\u0131 yapm\u0131yor, hi\u00e7bir halk\u0131n ma\u011fduriyeti \u00fczerinden \u00e7\u0131kar sa\u011flamaya giri\u015fmiyoruz. Tam tersine biz, b\u00f6lgenin bar\u0131\u015f ve istikrar\u0131n\u0131 en g\u00fc\u00e7l\u00fc \u015fekilde savunuyor, b\u00f6lgesel meselelerin \u00e7\u00f6z\u00fcm\u00fcn\u00fcn, tek tek b\u00fct\u00fcn \u00fclkelerin refah ve huzuruna hizmet edece\u011fine y\u00fcrekten inan\u0131yoruz. \u00d6zellikle bu b\u00f6lgede, tek bir \u00fclkede ya\u015fanan sorun, dalga dalga yay\u0131larak b\u00fct\u00fcn b\u00f6lgeyi, hatta t\u00fcm d\u00fcnyay\u0131 etkisi alt\u0131na al\u0131yor. Irak&#8217;ta ya\u015fanan sorun Irak&#8217;ta kalm\u0131yor, Filistin&#8217;de ya\u015fanan sorun Filistin s\u0131n\u0131rlar\u0131nda kalm\u0131yor. Ayn\u0131 \u015fekilde, bug\u00fcn Suriye&#8217;de ya\u015fanan sorun da, sadece karde\u015f Suriye halk\u0131n\u0131 de\u011fil, t\u00fcm b\u00f6lge \u00fclkelerini, t\u00fcm d\u00fcnyay\u0131 yak\u0131ndan etkiliyor.&#8221;<\/p>\n<p style=\"text-align: justify;\"><strong>&#8220;Suriye&#8217;ye dost\u00e7a ve karde\u015f\u00e7e telkinlerde bulunduk&#8221;<\/strong><\/p>\n<p style=\"text-align: justify;\">Erdo\u011fan, \u015funlar\u0131 kaydetti:<\/p>\n<p style=\"text-align: justify;\">&#8220;Suriye&#8217;deki rahats\u0131zl\u0131klar\u0131 bildi\u011fimiz i\u00e7in, Suriye&#8217;nin M\u0131s\u0131r ve Libya&#8217;n\u0131n ya\u015fad\u0131\u011f\u0131 ac\u0131 hadiseleri ya\u015famamas\u0131 i\u00e7in Esed&#8217;e bir an \u00f6nce ad\u0131m atmas\u0131 gerekti\u011fini defaatle ifade ettik. Suriye y\u00f6netimi taraf\u0131ndan bu y\u00f6nde bize verilen s\u00f6zler maalesef tutulmad\u0131. Suriye, bize verdi\u011fi s\u00f6zleri tutmad\u0131\u011f\u0131 gibi, halk\u0131n\u0131n me\u015fru taleplerini de, ge\u00e7mi\u015fte oldu\u011fu gibi \u015fiddet, bask\u0131, zul\u00fcm ve sindirme yoluna giderek yok etmeye \u00e7al\u0131\u015ft\u0131. Yak\u0131n tarihte, Baba Esed&#8217;in \u00e7ok a\u011f\u0131r zulm\u00fcn\u00fc ya\u015fam\u0131\u015f, \u00e7ok a\u011f\u0131r bedeller \u00f6demi\u015f Suriye halk\u0131, maalesef bu kez de o\u011ful Esed&#8217;in zulm\u00fcne ve toplu infazlar\u0131na maruz kald\u0131. &#8220;<\/p>\n<p style=\"text-align: justify;\">Ba\u015fbakan, T\u00fcrkiye&#8217;ye s\u0131\u011f\u0131nan Suriye vatanda\u015flar\u0131n\u0131n say\u0131s\u0131n\u0131n d\u00fcn itibar\u0131yla 20 bine yakla\u015ft\u0131\u011f\u0131n\u0131 da ifade etti.<\/p>\n<p style=\"text-align: justify;\"><strong>&#8220;Uluslararas\u0131 toplum kararl\u0131 olmal\u0131&#8221;\u00a0<\/strong><\/p>\n<p style=\"text-align: justify;\">Erdo\u011fan, &#8220;Uluslararas\u0131 toplum, Suriye konusunda son derece kararl\u0131 bir tutum benimsemelidir. BM ve Arap ligi kararlar\u0131, krizin a\u015f\u0131lmas\u0131 \u0130\u00e7in izlenmesi gereken yol haritas\u0131n\u0131 \u00e7ok net bi\u00e7imde ortaya koymu\u015ftur&#8221; diye konu\u015ftu.<\/p>\n<p style=\"text-align: justify;\">Ba\u015fbakan Erdo\u011fan \u015f\u00f6yle devam etti:<\/p>\n<p style=\"text-align: justify;\">&#8220;Elbette, BM ve Arap Ligi&#8217;nin Suriye \u00d6zel Temsilcisi Kofi Annan&#8217;\u0131n giri\u015fimlerinin sonu\u00e7 vermesini can\u0131 g\u00f6n\u00fclden arzu ediyoruz. Ancak, gerek bize, gerek uluslararas\u0131 topluma s\u00f6zler veren ama bu s\u00f6zleri sadece zaman kazanmak i\u00e7in kullanan Suriye y\u00f6netiminin, Kofi Annan&#8217;\u0131n giri\u015fimini de bir zaman kazanma arac\u0131 olarak kullanmas\u0131 muhtemeldir.<\/p>\n<p style=\"text-align: justify;\">Suriye rejimi taraf\u0131ndan gerekli i\u015fbirli\u011finde bulunulmad\u0131\u011f\u0131 takdirde BM G\u00fcvenlik Konseyi&#8217;nin \u00fczerine d\u00fc\u015fen sorumlulu\u011fu \u00fcstlenmesi ve Suriye&#8217;deki katliama &#8216;dur&#8217; demesi ka\u00e7\u0131n\u0131lmaz bir zorunluluk halini alacakt\u0131r.<\/p>\n<p style=\"text-align: justify;\">G\u00fcvenlik Konseyi, e\u011fer bu tarihi sorumlulu\u011fu \u00fcstlenmekten bir kez daha ka\u00e7\u0131n\u0131rsa, uluslararas\u0131 toplumun elinde, Suriye halk\u0131n\u0131n me\u015fru m\u00fcdafaa hakk\u0131n\u0131n desteklenmesinden ba\u015fka hi\u00e7bir se\u00e7enek de kalmayacakt\u0131r.&#8221;<\/p>\n<p style=\"text-align: justify;\"><strong>Davuto\u011flu: &#8220;Suriye kulak ard\u0131 ediyor&#8221;\u00a0<\/strong><\/p>\n<p style=\"text-align: justify;\">D\u0131\u015fi\u015fleri Bakan\u0131 Ahmet Davuto\u011flu da, Suriye y\u00f6netiminin, Suriye Halk\u0131n\u0131n Dostlar\u0131n\u0131n \u00e7a\u011fr\u0131lar\u0131n\u0131 kulak ard\u0131 ederek ve kendi bildi\u011fini okuyarak ac\u0131mas\u0131z \u015fiddet politikalar\u0131n\u0131 s\u00fcrd\u00fcrd\u00fc\u011f\u00fcn\u00fc s\u00f6yledi.<\/p>\n<p style=\"text-align: justify;\"><strong>ANNAN DA DAVET ED\u0130LD\u0130 ANCAK&#8230;\u00a0<\/strong><\/p>\n<p style=\"text-align: justify;\">\u0130stanbul Kongre Merkezi&#8217;nde d\u00fczenlenen toplant\u0131ya evsahibi olarak D\u0131\u015fi\u015fleri Bakan\u0131 Ahmet Davuto\u011flu ile aralar\u0131nda ABD D\u0131\u015fi\u015fleri Bakan\u0131 Hillary Clinton&#8217;\u0131n da bulundu\u011fu 41 \u00fclkeden d\u0131\u015fi\u015fleri bakan\u0131 ve genel sekreter kat\u0131ld\u0131.<\/p>\n<p style=\"text-align: justify;\">Prensip olarak BM G\u00fcvenlik Konseyi \u00fcyeleri ile BM&#8217;de \u015eubat ay\u0131nda Suriye konusunda al\u0131nan karara &#8220;evet&#8221; oyu veren \u00fclkelerin davet edildi\u011fi \u0130stanbul konferans\u0131na BM Genel Sekreteri \u00f6zel temsilcisi Kofi Annan da davet edildi. Ancak Annan, BM&#8217;ye yar\u0131n Suriye konusunda bir sunum yapaca\u011f\u0131 i\u00e7in \u0130stanbul&#8217;a gelemeyece\u011fini a\u00e7\u0131klad\u0131.<\/p>\n<p style=\"text-align: justify;\">Suriye konusunda farkl\u0131 g\u00f6r\u00fc\u015f ve \u00e7ekincelere sahip olduklar\u0131 bilinen BM G\u00fcvenlik Konseyi \u00fcyeleri Rusya ve \u00c7in de konferansta temsil edilmiyor. B\u00f6lgenin \u00f6nemli akt\u00f6rlerinden \u0130ran ise BM&#8217;deki Suriye karar\u0131na olumlu oy vermedi\u011fi i\u00e7in toplant\u0131ya davet edilmedi.<\/p>\n<p style=\"text-align: justify;\"><a href=\"http:\/\/www.cnnturk.com\/2012\/turkiye\/04\/01\/suriye.halkinin.dostlari.istanbulda.toplandi\/655489.0\/index.html\" target=\"_blank\">Kaynak : CNN T\u00dcRK<\/a><\/p>\n","protected":false},"excerpt":{"rendered":"<p style=\"text-align: center;\">\n<p style=\"text-align: justify;\">Suriye Halk\u0131n\u0131n Dostlar\u0131 Grubu&#8217;nun \u0130kinci Konferans\u0131 sonu\u00e7 bildirisinde, Suriye Ulusal Konseyi (SUK) b\u00fct\u00fcn Suriyelilerin &#8220;me\u015fru temsilcisi&#8221; olarak tan\u0131nd\u0131, Yapt\u0131r\u0131mlar \u00c7al\u0131\u015fma Grubu olu\u015fturuldu.<\/p>\n<p style=\"text-align: justify;\">T\u00fcrkiye&#8217;nin evsahipli\u011finde \u0130stanbul Kongre Merkezi&#8217;nde d\u00fczenlenen konferans\u0131n sonunda kat\u0131l\u0131mc\u0131lar, \u0130stanbul bildirisini kabul ettiler.<\/p>\n<p style=\"text-align: justify;\">Bildirinin taslak metninde, Suriye&#8217;nin dostlar\u0131n\u0131n Tunus&#8217;un ard\u0131ndan ikinci olarak \u0130stanbul&#8217;da bir <\/p>\n","protected":false},"author":1,"featured_media":0,"comment_status":"open","ping_status":"open","sticky":false,"template":"","format":"standard","meta":{"footnotes":""},"categories":[105],"tags":[],"class_list":["post-50290","post","type-post","status-publish","format-standard","hentry","category-gundem","odd"],"_links":{"self":[{"href":"http:\/\/www.korhanyilmaz.com\/index.php?rest_route=\/wp\/v2\/posts\/50290","targetHints":{"allow":["GET"]}}],"collection":[{"href":"http:\/\/www.korhanyilmaz.com\/index.php?rest_route=\/wp\/v2\/posts"}],"about":[{"href":"http:\/\/www.korhanyilmaz.com\/index.php?rest_route=\/wp\/v2\/types\/post"}],"author":[{"embeddable":true,"href":"http:\/\/www.korhanyilmaz.com\/index.php?rest_route=\/wp\/v2\/users\/1"}],"replies":[{"embeddable":true,"href":"http:\/\/www.korhanyilmaz.com\/index.php?rest_route=%2Fwp%2Fv2%2Fcomments&post=50290"}],"version-history":[{"count":0,"href":"http:\/\/www.korhanyilmaz.com\/index.php?rest_route=\/wp\/v2\/posts\/50290\/revisions"}],"wp:attachment":[{"href":"http:\/\/www.korhanyilmaz.com\/index.php?rest_route=%2Fwp%2Fv2%2Fmedia&parent=50290"}],"wp:term":[{"taxonomy":"category","embeddable":true,"href":"http:\/\/www.korhanyilmaz.com\/index.php?rest_route=%2Fwp%2Fv2%2Fcategories&post=50290"},{"taxonomy":"post_tag","embeddable":true,"href":"http:\/\/www.korhanyilmaz.com\/index.php?rest_route=%2Fwp%2Fv2%2Ftags&post=50290"}],"curies":[{"name":"wp","href":"https:\/\/api.w.org\/{rel}","templated":true}]}}