{"id":50286,"date":"2012-04-01T17:32:24","date_gmt":"2012-04-01T14:32:24","guid":{"rendered":"http:\/\/www.korhanyilmaz.com\/?p=50286"},"modified":"2012-04-02T00:16:45","modified_gmt":"2012-04-01T21:16:45","slug":"protestoculardan-polise-1-nisan-sakasi","status":"publish","type":"post","link":"http:\/\/www.korhanyilmaz.com\/?p=50286","title":{"rendered":"Protestoculardan polise 1 Nisan \u015fakas\u0131"},"content":{"rendered":"<p style=\"text-align: center;\"><a href=\"http:\/\/www.korhanyilmaz.com\/wp-content\/uploads\/2012\/04\/A0197.jpg\"  class=\"lightview\"><img loading=\"lazy\" decoding=\"async\" class=\"aligncenter  wp-image-50287\" src=\"http:\/\/www.korhanyilmaz.com\/wp-content\/uploads\/2012\/04\/A0197.jpg\" alt=\"\" width=\"396\" height=\"180\" \/><\/a><\/p>\n<p style=\"text-align: justify;\">Zorunlu e\u011fitimi kademeli olarak 12 y\u0131la \u00e7\u0131karan kanunu ve YGS&#8217;yi protesto eden grubun polise yapt\u0131\u011f\u0131 1 Nisan \u015fakas\u0131 hem eylemi izleyenleri hem de polisleri g\u00fcld\u00fcrd\u00fc.<\/p>\n<p style=\"text-align: justify;\">ANKARA -&#8221;Devrimci Liseliler&#8221; \u00fcyesi bir grup gen\u00e7, Y\u00fcksel Caddesi&#8217;nde YGS ve zorunlu e\u011fitimi 12 y\u0131la \u00e7\u0131karan kanunu protesto etti. &#8221;Milli E\u011fitim Bakanl\u0131\u011f\u0131&#8217;na y\u00fcr\u00fcyoruz&#8221; yaz\u0131l\u0131 d\u00f6viz a\u00e7arak taleplerini i\u00e7eren sloganlar atan gen\u00e7ler, Milli E\u011fitim Bakanl\u0131\u011f\u0131&#8217;na y\u00fcr\u00fcyeceklerini s\u00f6yledi.\u00a0<!--more--><\/p>\n<p style=\"text-align: justify;\">Bunun \u00fczerine polis yasa d\u0131\u015f\u0131 olaca\u011f\u0131n\u0131 belirtti\u011fi y\u00fcr\u00fcy\u00fc\u015fe engel olmak i\u00e7in caddenin \u00e7\u0131k\u0131\u015f\u0131na barikat kurdu. Kendilerine kimsenin engel olamayaca\u011f\u0131n\u0131 ifade eden eylemciler, polis barikat\u0131n\u0131 ko\u015farak a\u015facaklar\u0131n\u0131 belirtti. Sloganlar atarak barikata do\u011fru ko\u015fan gen\u00e7ler barikat\u0131n \u00f6n\u00fcne geldiklerinde durup &#8221;1 Nisan \u015eakaaa&#8221; yaz\u0131l\u0131 d\u00f6vizi a\u00e7t\u0131. Eylemcilerin bu hareketi hem barikattaki polisleri hem de eylemi izleyen vatanda\u015flar\u0131 g\u00fcl\u00fcmsetti.<\/p>\n<p style=\"text-align: justify;\">Eylemin ard\u0131ndan grup ad\u0131na yap\u0131lan a\u00e7\u0131klamada, &#8221;\u0130nsanlar\u0131n \u015fakalar yapt\u0131\u011f\u0131 1 Nisan&#8217;da arkada\u015flar\u0131m\u0131z trajikomik bir s\u0131nava girdiler&#8221; denilerek YGS protesto edildi. Bu arada, eylem s\u0131ras\u0131nda kendilerine laf atan gen\u00e7lerle eylemciler aras\u0131nda k\u0131sa s\u00fcreli arbede ya\u015fand\u0131. Laf atan iki gen\u00e7, polis taraf\u0131ndan olay yerinden uzakla\u015ft\u0131r\u0131ld\u0131.<\/p>\n<p style=\"text-align: justify;\"><a href=\"http:\/\/www.gazeteport.com.tr\/haber\/87644\/protestoculardan_polise_1_nisan_sakasi\" target=\"_blank\">Kaynak : GAZETEPORT<\/a><\/p>\n","protected":false},"excerpt":{"rendered":"<p style=\"text-align: center;\">\n<p style=\"text-align: justify;\">Zorunlu e\u011fitimi kademeli olarak 12 y\u0131la \u00e7\u0131karan kanunu ve YGS&#8217;yi protesto eden grubun polise yapt\u0131\u011f\u0131 1 Nisan \u015fakas\u0131 hem eylemi izleyenleri hem de polisleri g\u00fcld\u00fcrd\u00fc.<\/p>\n<p style=\"text-align: justify;\">ANKARA -&#8221;Devrimci Liseliler&#8221; \u00fcyesi bir grup gen\u00e7, Y\u00fcksel Caddesi&#8217;nde YGS ve zorunlu e\u011fitimi 12 y\u0131la \u00e7\u0131karan kanunu protesto etti. &#8221;Milli E\u011fitim Bakanl\u0131\u011f\u0131&#8217;na y\u00fcr\u00fcyoruz&#8221; <\/p>\n","protected":false},"author":1,"featured_media":0,"comment_status":"open","ping_status":"open","sticky":false,"template":"","format":"standard","meta":{"footnotes":""},"categories":[105],"tags":[],"class_list":["post-50286","post","type-post","status-publish","format-standard","hentry","category-gundem","odd"],"_links":{"self":[{"href":"http:\/\/www.korhanyilmaz.com\/index.php?rest_route=\/wp\/v2\/posts\/50286","targetHints":{"allow":["GET"]}}],"collection":[{"href":"http:\/\/www.korhanyilmaz.com\/index.php?rest_route=\/wp\/v2\/posts"}],"about":[{"href":"http:\/\/www.korhanyilmaz.com\/index.php?rest_route=\/wp\/v2\/types\/post"}],"author":[{"embeddable":true,"href":"http:\/\/www.korhanyilmaz.com\/index.php?rest_route=\/wp\/v2\/users\/1"}],"replies":[{"embeddable":true,"href":"http:\/\/www.korhanyilmaz.com\/index.php?rest_route=%2Fwp%2Fv2%2Fcomments&post=50286"}],"version-history":[{"count":0,"href":"http:\/\/www.korhanyilmaz.com\/index.php?rest_route=\/wp\/v2\/posts\/50286\/revisions"}],"wp:attachment":[{"href":"http:\/\/www.korhanyilmaz.com\/index.php?rest_route=%2Fwp%2Fv2%2Fmedia&parent=50286"}],"wp:term":[{"taxonomy":"category","embeddable":true,"href":"http:\/\/www.korhanyilmaz.com\/index.php?rest_route=%2Fwp%2Fv2%2Fcategories&post=50286"},{"taxonomy":"post_tag","embeddable":true,"href":"http:\/\/www.korhanyilmaz.com\/index.php?rest_route=%2Fwp%2Fv2%2Ftags&post=50286"}],"curies":[{"name":"wp","href":"https:\/\/api.w.org\/{rel}","templated":true}]}}