{"id":50282,"date":"2012-04-01T13:10:39","date_gmt":"2012-04-01T10:10:39","guid":{"rendered":"http:\/\/www.korhanyilmaz.com\/?p=50282"},"modified":"2012-04-02T00:10:53","modified_gmt":"2012-04-01T21:10:53","slug":"iste-basbakanin-gizlenen-konusmasi","status":"publish","type":"post","link":"http:\/\/www.korhanyilmaz.com\/?p=50282","title":{"rendered":"\u0130\u015fte Ba\u015fbakan&#8217;\u0131n gizlenen konu\u015fmas\u0131"},"content":{"rendered":"<p style=\"text-align: center;\"><a href=\"http:\/\/www.korhanyilmaz.com\/wp-content\/uploads\/2012\/04\/A0196.jpg\"  class=\"lightview\"><img loading=\"lazy\" decoding=\"async\" class=\"aligncenter  wp-image-50283\" src=\"http:\/\/www.korhanyilmaz.com\/wp-content\/uploads\/2012\/04\/A0196.jpg\" alt=\"\" width=\"396\" height=\"180\" \/><\/a><\/p>\n<p style=\"text-align: justify;\">Ba\u015fbakan Erdo\u011fan&#8217;\u0131n Harp Akademileri&#8217;nde bas\u0131na kapal\u0131 olarak yapt\u0131\u011f\u0131 konu\u015fman\u0131n ayr\u0131nt\u0131lar\u0131 ortaya \u00e7\u0131kt\u0131.<\/p>\n<p style=\"text-align: justify;\">ANKARA &#8211; Ba\u015fbakan Recep Tayyip Erdo\u011fan&#8217;\u0131n, 23 Mart&#8217;ta \u0130stanbul&#8217;da Harp Akademileri Komutanl\u0131\u011f\u0131&#8217;nda verdi\u011fi konferansta, &#8221;Yak\u0131n tarihte, demokraside ya\u015fanan kesintilere bak\u0131ld\u0131\u011f\u0131nda, hi\u00e7birinden \u00fclkenin kazan\u00e7l\u0131 \u00e7\u0131kt\u0131\u011f\u0131n\u0131 g\u00f6rmedik. Her kesinti d\u00f6neminde, ekonomi \u00e7ok ciddi yaralar ald\u0131, demokrasi sars\u0131ld\u0131, hukuk tart\u0131\u015f\u0131l\u0131r hale geldi ve \u00fclke on y\u0131llar\u0131n\u0131 heba etti&#8221; dedi\u011fi \u00f6\u011frenildi.\u00a0<!--more--><\/p>\n<p style=\"text-align: justify;\">AA muhabirlerinin edindikleri bilgiye g\u00f6re, Ba\u015fbakan Erdo\u011fan, Harp Akademileri Komutanl\u0131\u011f\u0131&#8217;nda verdi\u011fi konferansta, T\u00fcrkiye Cumhuriyeti&#8217;nin Anayasa&#8217;da &#8216;Demokratik, laik, sosyal bir hukuk devleti&#8217; olarak tan\u0131mland\u0131\u011f\u0131na i\u015faret ederek, &#8221;Demokrasiden, hukuktan, laiklikten ve sosyal devlet ilkesinden sapm\u0131\u015f bir T\u00fcrkiye&#8217;nin \u00e7\u0131k\u0131\u015f\u0131 olamaz&#8221; s\u00f6zlerine yer verdi\u011fi kaydedildi.<\/p>\n<p style=\"text-align: justify;\">Ba\u015fbakan Erdo\u011fan&#8217;\u0131n, T\u00fcrk Silahl\u0131 Kuvvetleri&#8217;nin ter\u00f6r kar\u015f\u0131s\u0131nda sergiledi\u011fi dirayet ve cesaretin takdire \u015fayan oldu\u011funu belirterek, &#8221;T\u00fcrk Silahl\u0131 Kuvvetlerimizi en g\u00fc\u00e7l\u00fc \u015fekilde desteklemeye, te\u015fvik etmeye, t\u00fcm ihtiya\u00e7lar\u0131n\u0131 noksans\u0131z olarak kar\u015f\u0131lamaya devam edece\u011fiz&#8221; dedi\u011fi vurguland\u0131.<\/p>\n<p style=\"text-align: justify;\">Ter\u00f6r sorununun salt g\u00fcvenlik tedbirleriyle \u00e7\u00f6z\u00fclemeyece\u011fini vurgulayan Ba\u015fbakan Erdo\u011fan&#8217;\u0131n, &#8221;G\u00fcvenlik tedbirleriyle e\u015f zamanl\u0131 olarak, kalk\u0131nma ve demokratikle\u015fme ad\u0131mlar\u0131m\u0131z\u0131 da atmaya devam edecek, ter\u00f6r\u00fcn beslendi\u011fi batakl\u0131\u011f\u0131 da kurutaca\u011f\u0131z&#8221; ifadesini kulland\u0131\u011f\u0131 \u00f6\u011frenildi.<\/p>\n<p style=\"text-align: justify;\">Ba\u015fbakan Erdo\u011fan&#8217;\u0131n konu\u015fmas\u0131nda, ter\u00f6rle m\u00fccadelenin yan\u0131 s\u0131ra T\u00fcrk Silahl\u0131 Kuvvetleri&#8217;nin yurt d\u0131\u015f\u0131nda bar\u0131\u015f\u0131n tesisi i\u00e7in \u00fcstlendi\u011fi misyonlara, Harp Akademileri Komutanl\u0131\u011f\u0131&#8217;n\u0131n e\u011fitim faaliyetlerine de de\u011findi\u011fi ifade edildi.<\/p>\n<p style=\"text-align: justify;\">Erdo\u011fan&#8217;\u0131n, h\u00fck\u00fcmet olarak son 9 y\u0131lda ba\u015flatt\u0131klar\u0131 kalk\u0131nma seferberli\u011fi \u00e7er\u00e7evesinde savunma sanayi alan\u0131nda kaydedilen ilerleme ve ba\u015far\u0131lara da geni\u015f yer ay\u0131rd\u0131\u011f\u0131 konu\u015fmas\u0131nda, &#8221;T\u00fcrk Silahl\u0131 Kuvvetlerimizi, bar\u0131\u015fa hizmet eden, cayd\u0131r\u0131c\u0131 bir g\u00fc\u00e7 olarak, g\u00f6z bebe\u011fimiz bir kurum olarak desteklemeyi s\u00fcrd\u00fcrece\u011fiz&#8221; s\u00f6zlerine yer verdi kaydedildi.<\/p>\n<p style=\"text-align: justify;\">Ba\u015fbakan Erdo\u011fan&#8217;\u0131n, T\u00fcrkiye&#8217;nin Avrupa Birli\u011fi&#8217;ne tam \u00fcye olma yolundaki haz\u0131rl\u0131klar\u0131n\u0131 kararl\u0131 bi\u00e7imde s\u00fcrd\u00fcrd\u00fc\u011f\u00fcne i\u015faretle, &#8221;Y\u00fcz\u00fcm\u00fcz\u00fcn Avrupa&#8217;ya d\u00f6n\u00fck olmas\u0131, Do\u011fu&#8217;ya, G\u00fcney&#8217;e, Kuzey&#8217;e s\u0131rt\u0131m\u0131z\u0131 d\u00f6nmemiz anlam\u0131na gelmiyor&#8221; dedi\u011fi \u00f6\u011frenildi.<\/p>\n<p style=\"text-align: justify;\">Ba\u015fbakan Erdo\u011fan&#8217;\u0131n, Harp Akademileri Komutanl\u0131\u011f\u0131&#8217;nda, Genelkurmay Ba\u015fkan\u0131 Necdet \u00d6zer, Milli Savunma Bakan\u0131 \u0130smet Y\u0131lmaz, Harp Akademileri Komutan\u0131 Orgeneral Arslan G\u00fcner, 1. Ordu Komutan\u0131 Orgeneral Yal\u00e7\u0131n Ataman, Genelkurmay 2. Ba\u015fkan\u0131 Orgeneral Hulusi Akan, \u00f6\u011fretim elemanlar\u0131, \u00f6\u011frenci subaylar ve misafir askeri personele hitaben yapt\u0131\u011f\u0131 konu\u015fma yakla\u015f\u0131k 40 dakika s\u00fcrm\u00fc\u015ft\u00fc.<\/p>\n<p style=\"text-align: justify;\">\u0130stanbul Valisi H\u00fcseyin Avni Mutlu ve B\u00fcy\u00fck\u015fehir Belediye Ba\u015fkan\u0131 Kadir Topba\u015f da bas\u0131na kapal\u0131 olarak ger\u00e7ekle\u015ftirilen konferans\u0131n dinleyicileri aras\u0131nda yer alm\u0131\u015ft\u0131.<\/p>\n<p style=\"text-align: justify;\"><a href=\"http:\/\/www.gazeteport.com.tr\/haber\/87615\/iste_basbakanin_gizlenen_konusmasi\" target=\"_blank\">Kaynak : GAZETEPORT<\/a><\/p>\n","protected":false},"excerpt":{"rendered":"<p style=\"text-align: center;\">\n<p style=\"text-align: justify;\">Ba\u015fbakan Erdo\u011fan&#8217;\u0131n Harp Akademileri&#8217;nde bas\u0131na kapal\u0131 olarak yapt\u0131\u011f\u0131 konu\u015fman\u0131n ayr\u0131nt\u0131lar\u0131 ortaya \u00e7\u0131kt\u0131.<\/p>\n<p style=\"text-align: justify;\">ANKARA &#8211; Ba\u015fbakan Recep Tayyip Erdo\u011fan&#8217;\u0131n, 23 Mart&#8217;ta \u0130stanbul&#8217;da Harp Akademileri Komutanl\u0131\u011f\u0131&#8217;nda verdi\u011fi konferansta, &#8221;Yak\u0131n tarihte, demokraside ya\u015fanan kesintilere bak\u0131ld\u0131\u011f\u0131nda, hi\u00e7birinden \u00fclkenin kazan\u00e7l\u0131 \u00e7\u0131kt\u0131\u011f\u0131n\u0131 g\u00f6rmedik. Her kesinti d\u00f6neminde, ekonomi \u00e7ok ciddi yaralar ald\u0131, demokrasi sars\u0131ld\u0131, hukuk <\/p>\n","protected":false},"author":1,"featured_media":0,"comment_status":"open","ping_status":"open","sticky":false,"template":"","format":"standard","meta":{"footnotes":""},"categories":[105],"tags":[],"class_list":["post-50282","post","type-post","status-publish","format-standard","hentry","category-gundem","odd"],"_links":{"self":[{"href":"http:\/\/www.korhanyilmaz.com\/index.php?rest_route=\/wp\/v2\/posts\/50282","targetHints":{"allow":["GET"]}}],"collection":[{"href":"http:\/\/www.korhanyilmaz.com\/index.php?rest_route=\/wp\/v2\/posts"}],"about":[{"href":"http:\/\/www.korhanyilmaz.com\/index.php?rest_route=\/wp\/v2\/types\/post"}],"author":[{"embeddable":true,"href":"http:\/\/www.korhanyilmaz.com\/index.php?rest_route=\/wp\/v2\/users\/1"}],"replies":[{"embeddable":true,"href":"http:\/\/www.korhanyilmaz.com\/index.php?rest_route=%2Fwp%2Fv2%2Fcomments&post=50282"}],"version-history":[{"count":0,"href":"http:\/\/www.korhanyilmaz.com\/index.php?rest_route=\/wp\/v2\/posts\/50282\/revisions"}],"wp:attachment":[{"href":"http:\/\/www.korhanyilmaz.com\/index.php?rest_route=%2Fwp%2Fv2%2Fmedia&parent=50282"}],"wp:term":[{"taxonomy":"category","embeddable":true,"href":"http:\/\/www.korhanyilmaz.com\/index.php?rest_route=%2Fwp%2Fv2%2Fcategories&post=50282"},{"taxonomy":"post_tag","embeddable":true,"href":"http:\/\/www.korhanyilmaz.com\/index.php?rest_route=%2Fwp%2Fv2%2Ftags&post=50282"}],"curies":[{"name":"wp","href":"https:\/\/api.w.org\/{rel}","templated":true}]}}