{"id":50279,"date":"2012-04-01T23:05:37","date_gmt":"2012-04-01T20:05:37","guid":{"rendered":"http:\/\/www.korhanyilmaz.com\/?p=50279"},"modified":"2012-04-02T00:07:44","modified_gmt":"2012-04-01T21:07:44","slug":"recep-usta-artik-haram-ve-zamla-anilir-oldu","status":"publish","type":"post","link":"http:\/\/www.korhanyilmaz.com\/?p=50279","title":{"rendered":"&#8220;Recep Usta art\u0131k haram ve zamla an\u0131l\u0131r oldu&#8221;"},"content":{"rendered":"<p style=\"text-align: justify;\"><a href=\"http:\/\/www.korhanyilmaz.com\/wp-content\/uploads\/2012\/04\/A0195.jpg\"  class=\"lightview\"><img loading=\"lazy\" decoding=\"async\" class=\"aligncenter size-full wp-image-50280\" title=\"\" src=\"http:\/\/www.korhanyilmaz.com\/wp-content\/uploads\/2012\/04\/A0195.jpg\" alt=\"\" width=\"292\" height=\"224\" \/><\/a><\/p>\n<p style=\"text-align: justify;\">CHP Grup Ba\u015fkanvekili Muharrem \u0130ince, 4+4+4 yasas\u0131 i\u00e7in &#8216;bu 28 \u015eubat&#8217;\u0131n de\u011fil, 29 Ekim 1923&#8217;\u00fcn r\u00f6van\u015f\u0131d\u0131r&#8217; dedi. H\u00fck\u00fcmetin do\u011falgaz ve elektri\u011fe yapt\u0131\u011f\u0131 zamlar\u0131 da ele\u015ftiren \u0130nce &#8220;Recep Usta art\u0131k haram ve zamla an\u0131l\u0131r oldu&#8221; ifadesini kulland\u0131.<\/p>\n<p style=\"text-align: justify;\">\u0130nce, partisinin genel merkezinde d\u00fczenledi\u011fi bas\u0131n toplant\u0131s\u0131nda, do\u011falgaz ve elektrik kullan\u0131m \u00fccretlerindeki art\u0131\u015f\u0131 de\u011ferlendirdi.<!--more--><\/p>\n<p style=\"text-align: justify;\">AK Parti&#8217;nin Meclis&#8217;te milletvekillerine, sokakta \u00f6\u011frencilere, memurlara, \u00f6\u011fretmenlere sald\u0131r\u0131rken, \u00e7ocuklar\u0131n gelece\u011fini karart\u0131rken, &#8216;Cambaza bak cambaza&#8217; yapt\u0131\u011f\u0131n\u0131 ileri s\u00fcren \u0130nce, \u015funlar\u0131 kaydetti:<\/p>\n<p style=\"text-align: justify;\">&#8220;4+4+ 4 kanunundan 20 milyar dolar yolsuzluk yapacaklar demi\u015ftik. &#8216;Haram yiyecekler&#8217; demi\u015ftik. &#8216;\u00c7ocuklar\u0131m\u0131za verilecek bilgisayarlar \u00fczerinden yolsuzluk planl\u0131yorlar&#8217; demi\u015ftik. &#8216;Kamu \u0130hale Kanunu&#8217;nun d\u0131\u015f\u0131na \u00e7\u0131kar\u0131yorlar, burada b\u00fcy\u00fck rant var, burada b\u00fcy\u00fck haram var&#8217; demi\u015ftik. 20 milyar dolar\u0131 vatanda\u015f\u0131n cebinden almaya ba\u015flad\u0131lar d\u00fcn itibar\u0131yla. Yani Recep Usta art\u0131k haram ve zamla an\u0131l\u0131r oldu. Slogan\u0131 da herhalde \u015f\u00f6yle olacakt\u0131r: Durmak yok, yolmaya devam.&#8221;<\/p>\n<p style=\"text-align: justify;\">Vatanda\u015f\u0131n ya\u015fananlar\u0131 g\u00f6rmesini ve tepkisini ortaya koymas\u0131n\u0131 isteyen \u0130nce, s\u00f6zlerini \u015f\u00f6yle s\u00fcrd\u00fcrd\u00fc: &#8220;Ey aziz milletim, kald\u0131r ba\u015f\u0131n\u0131 deliksiz uykulardan art\u0131k. Memleket bat\u0131yor, memleket yan\u0131yor, memleket sat\u0131l\u0131yor. Bu AKP, a\u015f\u0131m\u0131za, ekme\u011fimize g\u00f6z koyanlard\u0131r. &#8216;Tan\u0131 bunlar\u0131, tan\u0131t bunlar\u0131, hesap sor bunlardan&#8217; diyoruz ve diyoruz ki, her \u015feyi satt\u0131lar, her \u015feyi \u00f6zelle\u015ftirdiler. S\u0131rada vatanda\u015f\u0131n cebi kald\u0131. Art\u0131k cebinize sald\u0131racaklar. Dikkatli olun, bunlar\u0131 engelleyin. S\u00f6z s\u0131ras\u0131 sizdedir.&#8221;<\/p>\n<p style=\"text-align: justify;\"><strong>-Sorular-\u00a0<\/strong><\/p>\n<p style=\"text-align: justify;\">\u0130nce, a\u00e7\u0131klamalar\u0131n\u0131n ard\u0131ndan gazetecilerin sorular\u0131n\u0131 da yan\u0131tlad\u0131. Bir bas\u0131n mensubunun, Cumhurba\u015fkan\u0131 Abdullah G\u00fcl&#8217;\u00fcn, zorunlu e\u011fitimi 12 y\u0131la \u00e7\u0131karan yasa teklifini iade etmesi y\u00f6n\u00fcnde bir ihtimalin olup olmad\u0131\u011f\u0131n\u0131 sorusuna \u0130nce, &#8220;\u015eu ana kadar bizi hi\u00e7 yan\u0131ltmad\u0131 Say\u0131n Cumhurba\u015fkan\u0131. Ama bakars\u0131n\u0131z bir kez olsun, laik T\u00fcrkiye Cumhuriyeti&#8217;nin cumhurba\u015fkan\u0131 oldu\u011funu hat\u0131rlay\u0131verir. Bug\u00fcn 1 Nisan, b\u00f6yle bir \u015fey de olabilir. Bizi \u015fa\u015f\u0131rtabilir. Hi\u00e7 umudum yok ama bakars\u0131n olur&#8221; yan\u0131t\u0131n\u0131 verdi.<\/p>\n<p style=\"text-align: justify;\">G\u00fcl&#8217;\u00fcn yasay\u0131 onaylamas\u0131 halinde Anayasa Mahkemesi&#8217;ne ne zaman ba\u015fvuracaklar\u0131 sorusuna ise \u0130nce, Cumhurba\u015fkan\u0131 G\u00fcl&#8217;\u00fcn tavr\u0131n\u0131 g\u00f6rmeden bu soruyu yan\u0131tlaman\u0131n do\u011fru olmayaca\u011f\u0131 kar\u015f\u0131l\u0131\u011f\u0131n\u0131 verdi.<\/p>\n<p style=\"text-align: justify;\">Muharrem \u0130nce, \u015f\u00f6yle devam etti: &#8220;10 y\u0131ld\u0131r T\u00fcrkiye Cumhuriyeti&#8217;nin alt\u0131na dinamit yerle\u015ftiriyorlard\u0131. Art\u0131k bu kanunla dinamitin fitilini ate\u015flediler. Osmanl\u0131 1920&#8217;de y\u0131k\u0131lmam\u0131\u015ft\u0131r, Osmanl\u0131 1699&#8217;da Karlof\u00e7a&#8217;da y\u0131k\u0131lm\u0131\u015ft\u0131r. 1699&#8217;dan 1920&#8217;lere kadar ya\u015fam\u0131\u015ft\u0131r i\u015fte bir s\u00fcre ama as\u0131l y\u0131k\u0131m 1699&#8217;dur. Laik T\u00fcrkiye Cumhuriyeti i\u00e7in de Mart 2012 bir Karlof\u00e7a&#8217;d\u0131r&#8221;<\/p>\n<p style=\"text-align: justify;\">Ba\u015fbakan Recep Tayyip Erdo\u011fan&#8217;\u0131n halen uygulanan 8 y\u0131ll\u0131k kesintisiz e\u011fitimin &#8220;darbe \u00fcr\u00fcn\u00fc oldu\u011fu&#8221; y\u00f6n\u00fcnde s\u00f6zleri oldu\u011funun ifade edilmesi \u00fczerine de \u0130nce, &#8220;Kitap okumayan, kitap \u00f6zeti okuyan bir Ba\u015fbakan&#8217;dan son cehalet \u00f6rne\u011fidir bu. 1950&#8217;lerden bu yana T\u00fcrkiye Cumhuriyeti 8 y\u0131ll\u0131k kesintisiz e\u011fitimi tart\u0131\u015fm\u0131\u015ft\u0131r. 60&#8217;l\u0131 y\u0131llarda yasa d\u00fczenlemelerine ge\u00e7mi\u015ftir. 70&#8217;li y\u0131llarda 16 ilde, 20 okulda pilot uygulama yap\u0131lm\u0131\u015ft\u0131r. Bunlar\u0131n 28 \u015eubat ile bir ilgisi yoktur. 28 \u015eubat&#8217;\u0131n r\u00f6van\u015f\u0131 de\u011fildir bu. 29 Ekim 1923&#8217;\u00fcn r\u00f6van\u015f\u0131d\u0131r&#8221; de\u011ferlendirmesinde bulundu.<\/p>\n<p style=\"text-align: justify;\"><a href=\"http:\/\/www.cnnturk.com\/2012\/turkiye\/04\/01\/recep.usta.artik.haram.ve.zamla.anilir.oldu\/655551.0\/index.html\" target=\"_blank\">Kaynak : CNN T\u00dcRK<\/a><\/p>\n","protected":false},"excerpt":{"rendered":"<p style=\"text-align: justify;\">\n<p style=\"text-align: justify;\">CHP Grup Ba\u015fkanvekili Muharrem \u0130ince, 4+4+4 yasas\u0131 i\u00e7in &#8216;bu 28 \u015eubat&#8217;\u0131n de\u011fil, 29 Ekim 1923&#8217;\u00fcn r\u00f6van\u015f\u0131d\u0131r&#8217; dedi. H\u00fck\u00fcmetin do\u011falgaz ve elektri\u011fe yapt\u0131\u011f\u0131 zamlar\u0131 da ele\u015ftiren \u0130nce &#8220;Recep Usta art\u0131k haram ve zamla an\u0131l\u0131r oldu&#8221; ifadesini kulland\u0131.<\/p>\n<p style=\"text-align: justify;\">\u0130nce, partisinin genel merkezinde d\u00fczenledi\u011fi bas\u0131n toplant\u0131s\u0131nda, do\u011falgaz ve elektrik kullan\u0131m \u00fccretlerindeki <\/p>\n","protected":false},"author":1,"featured_media":0,"comment_status":"open","ping_status":"open","sticky":false,"template":"","format":"standard","meta":{"footnotes":""},"categories":[105],"tags":[],"class_list":["post-50279","post","type-post","status-publish","format-standard","hentry","category-gundem","odd"],"_links":{"self":[{"href":"http:\/\/www.korhanyilmaz.com\/index.php?rest_route=\/wp\/v2\/posts\/50279","targetHints":{"allow":["GET"]}}],"collection":[{"href":"http:\/\/www.korhanyilmaz.com\/index.php?rest_route=\/wp\/v2\/posts"}],"about":[{"href":"http:\/\/www.korhanyilmaz.com\/index.php?rest_route=\/wp\/v2\/types\/post"}],"author":[{"embeddable":true,"href":"http:\/\/www.korhanyilmaz.com\/index.php?rest_route=\/wp\/v2\/users\/1"}],"replies":[{"embeddable":true,"href":"http:\/\/www.korhanyilmaz.com\/index.php?rest_route=%2Fwp%2Fv2%2Fcomments&post=50279"}],"version-history":[{"count":0,"href":"http:\/\/www.korhanyilmaz.com\/index.php?rest_route=\/wp\/v2\/posts\/50279\/revisions"}],"wp:attachment":[{"href":"http:\/\/www.korhanyilmaz.com\/index.php?rest_route=%2Fwp%2Fv2%2Fmedia&parent=50279"}],"wp:term":[{"taxonomy":"category","embeddable":true,"href":"http:\/\/www.korhanyilmaz.com\/index.php?rest_route=%2Fwp%2Fv2%2Fcategories&post=50279"},{"taxonomy":"post_tag","embeddable":true,"href":"http:\/\/www.korhanyilmaz.com\/index.php?rest_route=%2Fwp%2Fv2%2Ftags&post=50279"}],"curies":[{"name":"wp","href":"https:\/\/api.w.org\/{rel}","templated":true}]}}