{"id":50268,"date":"2012-04-01T17:43:57","date_gmt":"2012-04-01T14:43:57","guid":{"rendered":"http:\/\/www.korhanyilmaz.com\/?p=50268"},"modified":"2012-04-01T18:47:51","modified_gmt":"2012-04-01T15:47:51","slug":"yuzde-18lik-zammi-boyle-savundu","status":"publish","type":"post","link":"http:\/\/www.korhanyilmaz.com\/?p=50268","title":{"rendered":"Y\u00fczde 18&#8217;lik zamm\u0131 b\u00f6yle savundu"},"content":{"rendered":"<p style=\"text-align: center;\"><a href=\"http:\/\/www.korhanyilmaz.com\/wp-content\/uploads\/2012\/04\/A0192.jpg\"  class=\"lightview\"><img loading=\"lazy\" decoding=\"async\" class=\"aligncenter  wp-image-50269\" src=\"http:\/\/www.korhanyilmaz.com\/wp-content\/uploads\/2012\/04\/A0192.jpg\" alt=\"\" width=\"276\" height=\"207\" \/><\/a><\/p>\n<p style=\"text-align: justify;\">Do\u011falgaza ve elektri\u011fe d\u00fcn gelen y\u00fcksek zamlar\u0131 de\u011ferlendiren Enerji ve Tabii Kaynaklar Bakan\u0131 Taner Y\u0131ld\u0131z, &#8220;\u00dc\u00e7 d\u00f6rt aydan beri zam konusunda bask\u0131 alt\u0131ndayd\u0131k. Do\u011falgazda Rusya&#8217; dan ald\u0131\u011f\u0131m\u0131z indirim olmasayd\u0131 bu oran daha fazla olacakt\u0131&#8221;dedi.<\/p>\n<p style=\"text-align: justify;\">\u0130stanbul- T\u00fcrkiye \u0130hracat\u00e7\u0131lar Meclisi\u2019nin (T\u0130M) Mart ay\u0131 ihracat verilerini a\u00e7\u0131klad\u0131\u011f\u0131 toplant\u0131ya kat\u0131lmak i\u00e7in Kayseri\u2019ye gelen Y\u0131ld\u0131z, gazetecilerin d\u00fcn yap\u0131lan y\u00fcksek oranl\u0131 zamlar konusundaki sorular\u0131n\u0131 yan\u0131tlad\u0131.\u00a0<!--more--><\/p>\n<p style=\"text-align: justify;\"><strong>Elektrik ve do\u011falgaza b\u00fcy\u00fck zam\u00a0<\/strong><\/p>\n<p style=\"text-align: justify;\">H\u00fcrriyet&#8217;in haberine g\u00f6re Y\u0131ld\u0131z, ham petrol fiyatlar\u0131n\u0131n \u00f6zellikle Kuzey Afrika ve Ortado\u011fu\u2019da ya\u015fanan siyasi kar\u0131\u015f\u0131kl\u0131lar nedeniyle art\u0131\u015f kaydetti\u011fini bunun da enerjide y\u00fczde 72 oran\u0131nda d\u0131\u015far\u0131ya ba\u011f\u0131ml\u0131 T\u00fcrkiye \u00fczerinde \u00f6nemli maliyet bask\u0131s\u0131 yaratt\u0131\u011f\u0131n\u0131 savundu. Y\u0131ld\u0131z, d\u00fcnyadaki arz ve talep dengesinin son d\u00f6nemdeki fiyat olu\u015fumundaki etkisinin ise s\u0131n\u0131rl\u0131 oldu\u011funu kaydetti.<\/p>\n<p style=\"text-align: justify;\">Y\u0131ld\u0131z, \u201c\u00dc\u00e7 d\u00f6rt aydan beri zam konusunda bask\u0131 alt\u0131ndayd\u0131k. Do\u011falgazda Rusya\u2019dan ald\u0131\u011f\u0131m\u0131z indirim olmasayd\u0131 bu oran daha fazla olacakt\u0131\u201d dedi.<\/p>\n<p style=\"text-align: justify;\">Do\u011falgaz ihtiyac\u0131m\u0131z\u0131n b\u00fcy\u00fck k\u0131sm\u0131n\u0131 tedarik etti\u011fimiz Rusya, \u015eubat ay\u0131nda T\u00fcrkiye\u2019ye satt\u0131\u011f\u0131 do\u011falgaz\u0131n fiyat\u0131nda y\u00fczde 10\u2019luk indirime gitmi\u015fti.<\/p>\n<p style=\"text-align: justify;\">Y\u0131ld\u0131z \u015f\u00f6yle devam etti, \u201cBiz enerjiyi d\u00f6viz ile al\u0131p, TL ile sat\u0131yoruz. Bu nedenle di\u011fer \u00fclkelerde olmayan bir a\u00e7\u0131k pozisyonumuz var. D\u00f6viz fiyatlar\u0131n\u0131n belli bir oran\u0131n \u00fczerine \u00e7\u0131kmas\u0131 bizi rahats\u0131z ediyor. Hi\u00e7 bir ba\u015fka olumsuz ko\u015ful olmasa bile Kas\u0131m\u2019dan bu yana kurda yakla\u015f\u0131k y\u00fczde 13\u2019l\u00fck bir maliyet bask\u0131s\u0131 oldu. \u00dczerine ham petrol fiyatlar\u0131 da art\u0131nca olumsuz bir sinerji oldu. Bu nedenle bu bask\u0131y\u0131 zam olarak piyasaya sunmak zorunda kald\u0131k\u201d dedi.<\/p>\n<p style=\"text-align: justify;\">\u00a0Y\u0131ld\u0131z, zamm\u0131n ge\u00e7en ay da yap\u0131labilece\u011fini ancak tedarik s\u0131k\u0131nt\u0131s\u0131n\u0131n g\u00fcndemde oldu\u011fu o d\u00f6nemde yap\u0131lacak zam i\u00e7in \u2018\u015f\u0131k olmazd\u0131\u2019 ifadesini kulland\u0131.<\/p>\n<p style=\"text-align: justify;\">Y\u0131ld\u0131z, \u00f6n\u00fcm\u00fczdeki d\u00f6nemde zamlar\u0131n devam edip etmeyece\u011fi ile ilgili bir soruya ise, spek\u00fclasyonlara y\u00f6nelik haberler yap\u0131lmas\u0131n\u0131 do\u011fru bulmad\u0131\u011f\u0131n\u0131 d\u00fcnyan\u0131n i\u00e7inde b bulundu\u011fu konjonkt\u00fcr i\u00e7inde \u00f6ng\u00f6r\u00fclerin do\u011fru \u00e7\u0131kma olas\u0131l\u0131\u011f\u0131n\u0131n da azald\u0131\u011f\u0131na dikkat \u00e7ekti.<\/p>\n<p style=\"text-align: justify;\">Y\u0131ld\u0131z, \u201c\u00d6n\u00fcm\u00fczdeki d\u00f6nem i\u00e7in zam haberlerini yap\u0131lmas\u0131n\u0131 do\u011fru bulmuyorum. Her ay\u0131 kendi i\u00e7erisinde de\u011ferlendirece\u011fiz. vatanda\u015f\u0131n lehine ne yapabiliriz onu konu\u015fmam\u0131z laz\u0131m\u201d dedi.<\/p>\n<p style=\"text-align: justify;\"><a href=\"http:\/\/www.cumhuriyet.com.tr\/?hn=326708\" target=\"_blank\">Kaynak : Cumhuriyet Haber Portal\u0131<\/a><\/p>\n","protected":false},"excerpt":{"rendered":"<p style=\"text-align: center;\">\n<p style=\"text-align: justify;\">Do\u011falgaza ve elektri\u011fe d\u00fcn gelen y\u00fcksek zamlar\u0131 de\u011ferlendiren Enerji ve Tabii Kaynaklar Bakan\u0131 Taner Y\u0131ld\u0131z, &#8220;\u00dc\u00e7 d\u00f6rt aydan beri zam konusunda bask\u0131 alt\u0131ndayd\u0131k. Do\u011falgazda Rusya&#8217; dan ald\u0131\u011f\u0131m\u0131z indirim olmasayd\u0131 bu oran daha fazla olacakt\u0131&#8221;dedi.<\/p>\n<p style=\"text-align: justify;\">\u0130stanbul- T\u00fcrkiye \u0130hracat\u00e7\u0131lar Meclisi\u2019nin (T\u0130M) Mart ay\u0131 ihracat verilerini a\u00e7\u0131klad\u0131\u011f\u0131 toplant\u0131ya kat\u0131lmak i\u00e7in Kayseri\u2019ye <\/p>\n","protected":false},"author":1,"featured_media":0,"comment_status":"open","ping_status":"open","sticky":false,"template":"","format":"standard","meta":{"footnotes":""},"categories":[105],"tags":[],"class_list":["post-50268","post","type-post","status-publish","format-standard","hentry","category-gundem","odd"],"_links":{"self":[{"href":"http:\/\/www.korhanyilmaz.com\/index.php?rest_route=\/wp\/v2\/posts\/50268","targetHints":{"allow":["GET"]}}],"collection":[{"href":"http:\/\/www.korhanyilmaz.com\/index.php?rest_route=\/wp\/v2\/posts"}],"about":[{"href":"http:\/\/www.korhanyilmaz.com\/index.php?rest_route=\/wp\/v2\/types\/post"}],"author":[{"embeddable":true,"href":"http:\/\/www.korhanyilmaz.com\/index.php?rest_route=\/wp\/v2\/users\/1"}],"replies":[{"embeddable":true,"href":"http:\/\/www.korhanyilmaz.com\/index.php?rest_route=%2Fwp%2Fv2%2Fcomments&post=50268"}],"version-history":[{"count":0,"href":"http:\/\/www.korhanyilmaz.com\/index.php?rest_route=\/wp\/v2\/posts\/50268\/revisions"}],"wp:attachment":[{"href":"http:\/\/www.korhanyilmaz.com\/index.php?rest_route=%2Fwp%2Fv2%2Fmedia&parent=50268"}],"wp:term":[{"taxonomy":"category","embeddable":true,"href":"http:\/\/www.korhanyilmaz.com\/index.php?rest_route=%2Fwp%2Fv2%2Fcategories&post=50268"},{"taxonomy":"post_tag","embeddable":true,"href":"http:\/\/www.korhanyilmaz.com\/index.php?rest_route=%2Fwp%2Fv2%2Ftags&post=50268"}],"curies":[{"name":"wp","href":"https:\/\/api.w.org\/{rel}","templated":true}]}}