{"id":50234,"date":"2012-03-31T16:28:52","date_gmt":"2012-03-31T13:28:52","guid":{"rendered":"http:\/\/www.korhanyilmaz.com\/?p=50234"},"modified":"2012-04-01T11:49:16","modified_gmt":"2012-04-01T08:49:16","slug":"hukumet-ve-cemaatten-apde-lobi","status":"publish","type":"post","link":"http:\/\/www.korhanyilmaz.com\/?p=50234","title":{"rendered":"H\u00fck\u00fcmet ve cemaatten AP&#8217;de lobi"},"content":{"rendered":"<p style=\"text-align: center;\"><a href=\"http:\/\/www.korhanyilmaz.com\/wp-content\/uploads\/2012\/04\/A0184.jpg\"  class=\"lightview\"><img loading=\"lazy\" decoding=\"async\" class=\"aligncenter  wp-image-50235\" src=\"http:\/\/www.korhanyilmaz.com\/wp-content\/uploads\/2012\/04\/A0184.jpg\" alt=\"\" width=\"420\" height=\"210\" \/><\/a><\/p>\n<p style=\"text-align: justify;\">Rapora ele\u015ftirel de\u011ferlendirmelerin girmemesi i\u00e7in h\u00fck\u00fcmet ve G\u00fclen cemaatine yak\u0131n kesimlerin yo\u011fun \u00e7aba harcad\u0131\u011f\u0131 ancak ba\u015far\u0131l\u0131 olamad\u0131\u011f\u0131 ortaya \u00e7\u0131kt\u0131<\/p>\n<p style=\"text-align: justify;\">Avrupa Parlamentosu\u2019nda \u00f6nceki g\u00fcn kabul edilen T\u00fcrkiye raporunun Ergenekon ve Balyoz soru\u015fturmalar\u0131na ili\u015fkin b\u00f6l\u00fcm\u00fcne son hali verilirken h\u00fck\u00fcmet ve Fethullah G\u00fclen cemaatine yak\u0131n sivil toplum \u00f6rg\u00fctlerinin taslak metinde yer alan \u201csoru\u015fturmalardaki tutars\u0131z deliller\u201d ifadelerinin \u00e7\u0131kar\u0131lmas\u0131 i\u00e7in lobi faaliyeti y\u00fcr\u00fctt\u00fc\u011f\u00fc \u00f6ne s\u00fcr\u00fcld\u00fc.\u00a0<!--more--><\/p>\n<p style=\"text-align: justify;\">Cumhuriyet Gazetesi Utku \u00c7ak\u0131r\u00f6zer&#8217;in haberine g\u00f6re, ifadelerin metinden \u00e7\u0131kar\u0131lmas\u0131 i\u00e7in Ye\u015filler Grubu\u2019na bu y\u00f6nde de\u011fi\u015fiklik \u00f6nergesi verdirildi\u011fi ancak bu talebin sosyalist ve liberal gruplar\u0131n a\u011f\u0131rl\u0131kl\u0131 oylar\u0131yla reddedildi\u011fi \u00f6\u011frenildi.<\/p>\n<p style=\"text-align: justify;\">Avrupa Parlamentosu\u2019nda kabul edilen T\u00fcrkiye raporunun g\u00f6r\u00fc\u015fmeleri s\u0131ras\u0131nda Ergenekon ve Balyoz davalar\u0131nda ele\u015ftiri ve tart\u0131\u015fma konusu olan delillerle ilgili rapora ele\u015ftirel de\u011ferlendirmelerin girmemesi i\u00e7in h\u00fck\u00fcmet ve G\u00fclen cemaatine yak\u0131n kesimlerin yo\u011fun \u00e7aba harcad\u0131\u011f\u0131 ancak ba\u015far\u0131l\u0131 olamad\u0131\u011f\u0131 ortaya \u00e7\u0131kt\u0131.<\/p>\n<p style=\"text-align: justify;\">Raporun 17. maddesinde, Ergenekon ve Balyoz davalar\u0131n\u0131n T\u00fcrkiye\u2019de demokrasi s\u00fcreci ile yarg\u0131n\u0131n ba\u011f\u0131ms\u0131z, \u015feffaf ve d\u00fczg\u00fcn i\u015fleyi\u015fini g\u00f6stermesi gerekti\u011fi vurgulan\u0131rken bu davalarda yarg\u0131lanan san\u0131klar\u0131n yo\u011fun bi\u00e7imde dile getirdi\u011fi \u201cdelillerde sahtecilik\u201d iddialar\u0131na da yer verildi. Raporda bu konuda \u201cSan\u0131klar aleyhinde tutars\u0131z delil kullan\u0131m\u0131 iddialar\u0131ndan kayg\u0131 duymaktay\u0131z\u201d denildi.<\/p>\n<p style=\"text-align: justify;\">Ergenekon-Balyoz ile ilgili paragraftan \u201c<span style=\"text-decoration: underline;\">tutars\u0131z delil kullan\u0131m\u0131 iddialar\u0131ndan kayg\u0131 duyuldu\u011funu<\/span>\u201d belirten b\u00f6l\u00fcm\u00fcn\u00fcn \u00e7\u0131kar\u0131lmas\u0131 i\u00e7in h\u00fck\u00fcmet ve G\u00fclen cemaatine yak\u0131n kesimler AP\u2019de lobi yapt\u0131. Bu \u00e7aba kapsam\u0131nda AP Ye\u015filler Grubu milletvekillerine Ergenekon-Balyoz paragraf\u0131ndan \u201ctutars\u0131z delil iddialar\u0131\u201d b\u00f6l\u00fcm\u00fcn\u00fcn \u00e7\u0131kar\u0131lmas\u0131 y\u00f6n\u00fcnde \u00f6nerge verdirildi\u011fi ileri s\u00fcr\u00fcld\u00fc.<\/p>\n<p style=\"text-align: justify;\">Ye\u015filler \u00fcyesi milletvekilleri Helene Flautre ve Frnancisca Keller taraf\u0131ndan verilen de\u011fi\u015fiklik \u00f6nergesi ise raporu kaleme alan Ria Oomen-Ruitjen\u2019in de aralar\u0131nda yer ald\u0131\u011f\u0131 H\u0131ristiyan Demokratlar, sosyalistler ve liberallerin oylar\u0131yla reddedildi.<\/p>\n<p style=\"text-align: justify;\">Raporun ilk taslak metninde de benzer bir tart\u0131\u015fma ya\u015fanm\u0131\u015f, <span style=\"text-decoration: underline;\">h\u00fck\u00fcmet yanl\u0131lar\u0131n\u0131n \u201cErgenekon ve Balyoz soru\u015fturmalar\u0131 T\u00fcrk demokrasisi i\u00e7in bir f\u0131rsatt\u0131r\u201d \u015feklinde bir ifade koyma giri\u015fimi di\u011fer gruplarca engellenmi\u015fti.<\/span><\/p>\n<p style=\"text-align: justify;\"><a href=\"http:\/\/haber.gazetevatan.com\/hukumet-ve-cemaatten-apde-lobi\/440342\/30\/Dunya\" target=\"_blank\">Kaynak : VATAN Gazetesi<\/a><\/p>\n","protected":false},"excerpt":{"rendered":"<p style=\"text-align: center;\">\n<p style=\"text-align: justify;\">Rapora ele\u015ftirel de\u011ferlendirmelerin girmemesi i\u00e7in h\u00fck\u00fcmet ve G\u00fclen cemaatine yak\u0131n kesimlerin yo\u011fun \u00e7aba harcad\u0131\u011f\u0131 ancak ba\u015far\u0131l\u0131 olamad\u0131\u011f\u0131 ortaya \u00e7\u0131kt\u0131<\/p>\n<p style=\"text-align: justify;\">Avrupa Parlamentosu\u2019nda \u00f6nceki g\u00fcn kabul edilen T\u00fcrkiye raporunun Ergenekon ve Balyoz soru\u015fturmalar\u0131na ili\u015fkin b\u00f6l\u00fcm\u00fcne son hali verilirken h\u00fck\u00fcmet ve Fethullah G\u00fclen cemaatine yak\u0131n sivil toplum \u00f6rg\u00fctlerinin taslak metinde yer <\/p>\n","protected":false},"author":1,"featured_media":0,"comment_status":"open","ping_status":"open","sticky":false,"template":"","format":"standard","meta":{"footnotes":""},"categories":[105],"tags":[],"class_list":["post-50234","post","type-post","status-publish","format-standard","hentry","category-gundem","odd"],"_links":{"self":[{"href":"http:\/\/www.korhanyilmaz.com\/index.php?rest_route=\/wp\/v2\/posts\/50234","targetHints":{"allow":["GET"]}}],"collection":[{"href":"http:\/\/www.korhanyilmaz.com\/index.php?rest_route=\/wp\/v2\/posts"}],"about":[{"href":"http:\/\/www.korhanyilmaz.com\/index.php?rest_route=\/wp\/v2\/types\/post"}],"author":[{"embeddable":true,"href":"http:\/\/www.korhanyilmaz.com\/index.php?rest_route=\/wp\/v2\/users\/1"}],"replies":[{"embeddable":true,"href":"http:\/\/www.korhanyilmaz.com\/index.php?rest_route=%2Fwp%2Fv2%2Fcomments&post=50234"}],"version-history":[{"count":0,"href":"http:\/\/www.korhanyilmaz.com\/index.php?rest_route=\/wp\/v2\/posts\/50234\/revisions"}],"wp:attachment":[{"href":"http:\/\/www.korhanyilmaz.com\/index.php?rest_route=%2Fwp%2Fv2%2Fmedia&parent=50234"}],"wp:term":[{"taxonomy":"category","embeddable":true,"href":"http:\/\/www.korhanyilmaz.com\/index.php?rest_route=%2Fwp%2Fv2%2Fcategories&post=50234"},{"taxonomy":"post_tag","embeddable":true,"href":"http:\/\/www.korhanyilmaz.com\/index.php?rest_route=%2Fwp%2Fv2%2Ftags&post=50234"}],"curies":[{"name":"wp","href":"https:\/\/api.w.org\/{rel}","templated":true}]}}