{"id":50230,"date":"2012-03-31T12:52:21","date_gmt":"2012-03-31T09:52:21","guid":{"rendered":"http:\/\/www.korhanyilmaz.com\/?p=50230"},"modified":"2012-04-01T11:36:42","modified_gmt":"2012-04-01T08:36:42","slug":"erdogan-biz-bir-kez-yanlis-yaptik","status":"publish","type":"post","link":"http:\/\/www.korhanyilmaz.com\/?p=50230","title":{"rendered":"Erdo\u011fan: Biz bir kez yanl\u0131\u015f yapt\u0131k"},"content":{"rendered":"<p style=\"text-align: center;\"><a href=\"http:\/\/www.korhanyilmaz.com\/wp-content\/uploads\/2012\/04\/A0183.jpg\"  class=\"lightview\"><img loading=\"lazy\" decoding=\"async\" class=\"aligncenter  wp-image-50231\" src=\"http:\/\/www.korhanyilmaz.com\/wp-content\/uploads\/2012\/04\/A0183.jpg\" alt=\"\" width=\"420\" height=\"210\" \/><\/a><\/p>\n<p style=\"text-align: justify;\">Ba\u015fbakan Recep Tayyip Erdo\u011fan, TUSKON 4. Ola\u011fan Genel Kurulu&#8217;nda konu\u015ftu. Erdo\u011fan &#8216;Biz bir kez yanl\u0131\u015f yapt\u0131k. Se\u00e7imleri 5 y\u0131ldan 4 y\u0131la indirdik&#8217; dedi<\/p>\n<p style=\"text-align: justify;\"><strong>\u2018Stat\u00fcko Meclis\u2019ten gereken cevab\u0131 ald\u0131\u2019\u00a0<\/strong><\/p>\n<p style=\"text-align: justify;\">Ba\u015fbakan Erdo\u011fan kademeli e\u011fitim yasas\u0131n\u0131n 28 \u015eubat\u2019\u0131n en \u00f6nemli izini sildi\u011fini belirterek, \u015f\u00f6yle dedi: Milletin iradesi tecelli etti. Stat\u00fckonun t\u00fcm direni\u015fine, t\u00fcm tahriklerine, t\u00fcm provokasyonlar\u0131na ra\u011fmen, T\u00fcrkiye B\u00fcy\u00fck Millet Meclisi\u2019nde sadece ve sadece millet iradesi h\u00fckm\u00fcn\u00fc verdi. K\u00f6hne bir zihniyet, dayatmac\u0131 zihniyet, de\u011fi\u015fime direnen zihniyet d\u00fcn Ankara\u2019da parlamentoda milletten gereken cevab\u0131 ald\u0131.\u00a0<!--more--><\/p>\n<p style=\"text-align: justify;\">Ba\u015fbakan Recep Tayyip Erdo\u011fan, d\u00fcn, T\u00fcrk \u0130\u015fadamlar\u0131 ve Sanayicileri Konfederasyonu (TUSKON) 4. Ola\u011fan Genel Kurulu\u2019nda konu\u015ftu. Zorunlu e\u011fitimi 12 y\u0131la \u00e7\u0131karan kanunu de\u011ferlendiren Erdo\u011fan, CHP Genel Ba\u015fkan\u0131 Kemal K\u0131l\u0131\u00e7daro\u011flu\u2019na y\u00fcklendi. Ba\u015fbakan Erdo\u011fan\u2019\u0131n konu\u015fmas\u0131 \u00f6zetle \u015f\u00f6yle:<\/p>\n<p style=\"text-align: justify;\"><strong>MECL\u0130S TAR\u0130H YAZDI:\u00a0<\/strong><\/p>\n<p style=\"text-align: justify;\">T\u00fcrkiye B\u00fcy\u00fck Millet Meclisi bir kez daha tarih yazd\u0131, bir kez daha egemenli\u011fin millete ait oldu\u011funu, alt\u0131n\u0131 kal\u0131n \u00e7izgilerle teyit etti. 28 \u015eubat s\u00fcrecinin en \u00f6nemli izi, d\u00fcn (\u00f6nceki g\u00fcn) T\u00fcrkiye B\u00fcy\u00fck Millet Meclisi\u2019nin h\u00fcr iradesiyle ortadan kald\u0131r\u0131ld\u0131. Genel Kurul\u2019da dayatma de\u011fil, fa\u015fizan bask\u0131 de\u011fil, tehdit de\u011fil, h\u00fcr irade, millet iradesi, demokrasi galip geldi ve millet egemenli\u011fi bir kez daha anlam kazand\u0131. Duvar\u0131ndaki \u2019Egemenlik Kay\u0131ts\u0131z \u015earts\u0131z Milletindir\u2019 ifadesi ilk defa yerini buldu. Milletin iradesi tecelli etti. Stat\u00fckonun t\u00fcm direni\u015fine, t\u00fcm tahriklerine, t\u00fcm provokasyonlar\u0131na ra\u011fmen, d\u00fcn T\u00fcrkiye B\u00fcy\u00fck Millet Meclisi\u2019nde sadece ve sadece millet iradesi h\u00fckm\u00fcn\u00fc verdi. K\u00f6hne bir zihniyet, dayatmac\u0131 zihniyet, de\u011fi\u015fime direnen zihniyet d\u00fcn Ankara\u2019da parlamentoda milletten gereken cevab\u0131 ald\u0131.<\/p>\n<p style=\"text-align: justify;\"><strong>\u0130KNA ODALARINI \u0130Y\u0130 B\u0130L\u0130RLER\u00a0<\/strong><\/p>\n<p style=\"text-align: justify;\">Grup toplant\u0131lar\u0131 Parlemonto\u2019daki grup odalar\u0131nda yap\u0131l\u0131r. Gelip de Tando\u011fan Meydan\u0131\u2019nda ya da ba\u015fka bir yerde yap\u0131lmaz. Ha miting yapacaksan yapars\u0131n o ayr\u0131 mesele ama \u2019Bu hafta sal\u0131 toplant\u0131m\u0131z\u0131, grup toplant\u0131m\u0131z\u0131 Tando\u011fan Meydan\u0131\u2019nda yapaca\u011f\u0131m\u2019 dedi\u011finiz zaman buna kargalar da g\u00fcler. Kimse yutmaz. Toplant\u0131y\u0131 da yapt\u0131lar. Fakat o toplant\u0131 da bir \u015feyi de\u011fi\u015ftirecek durumda de\u011fildi ve sadra \u015fifa olacak tek bir s\u00f6z ortaya \u00e7\u0131kmad\u0131, s\u00f6ylemediler, s\u00f6yleyemediler. Bunlar, ba\u015f\u00f6rt\u00fcs\u00fcn\u00fc yasaklaman\u0131n ne demek oldu\u011funu bilirler ama ba\u015f\u00f6rt\u00fcl\u00fc oldu\u011fu i\u00e7in \u00fcniversite kap\u0131s\u0131ndan geri \u00e7evrilmenin ne oldu\u011funu bilmezler. Bunlar, ikna odalar\u0131n\u0131 \u00e7ok ama \u00e7ok iyi bilirler ama ikna odalar\u0131ndaki gen\u00e7 k\u0131zlar\u0131n hissiyat\u0131n\u0131 bilmezler. \u00c7ocu\u011funu Kuran kursuna g\u00f6nderemeyen bir annenin, bir baban\u0131n y\u00fcrek ac\u0131s\u0131n\u0131 bilmezler.<\/p>\n<p style=\"text-align: justify;\"><strong>BABAM AL\u0130 HOCA\u2019YA TESL\u0130M ETT\u0130\u00a0<\/strong><\/p>\n<p style=\"text-align: justify;\">(28 \u015eubat\u2019ta \u00e7\u0131kan karar\u0131 hat\u0131rlatarak) 15 ya\u015f\u0131na kadar mahalle camisine bile \u00e7ocu\u011funu g\u00f6nderemezsin. Bu yasakland\u0131, 15 ya\u015f\u0131ndan sonra g\u00f6nderebilirsin. Beni rahmetli babam mahalle camisindeki Ali Hoca\u2019ya teslim etti ve ilkokuldan itibaren onun dizi dibinde yeti\u015ftim. Kaybetmedim ya \u00e7ok \u015fey ald\u0131m. Hem ilkokula gittim, hem oraya gittim. Bu bize kaybettirmez ki, kazand\u0131r\u0131r.<\/p>\n<p style=\"text-align: justify;\"><strong>KURAN\u2019I KER\u0130M S\u00dcS DE\u011e\u0130L\u00a0<\/strong><\/p>\n<p style=\"text-align: justify;\">Ana muhalefet partisi Genel Ba\u015fkan\u0131 Kemal K\u0131l\u0131\u00e7daro\u011flu, \u2019Kutsal kitab\u0131m\u0131z hepimizin ba\u015f tac\u0131d\u0131r\u2019 diyor. \u2019Onu evlerimizin en g\u00fczel yerine asar\u0131z. Annelerimiz oyal\u0131 k\u0131l\u0131flarla s\u00fcsler, elimize besmeleyle al\u0131r\u0131z\u2019 diyor. \u0130\u015fte bunlar\u0131n Kuran anlay\u0131\u015f\u0131 bu ama \u0130stiklal \u015fairimiz Mehmet Akif\u2019in tan\u0131mlamas\u0131 \u00e7ok g\u00fczel. \u2019Ya a\u00e7ar nazm-\u0131 celilin bakar\u0131z yapra\u011f\u0131na\/ Yahut \u00fcfler ge\u00e7eriz bir \u00f6l\u00fcn\u00fcn topra\u011f\u0131na\/ \u0130nmemi\u015ftir hele Kur\u2019an, bunu hakk\u0131yla bilin\/ Ne mezarl\u0131kta okunmak ne de fal bakmak i\u00e7in&#8230; \u0130\u015fte Akif\u2019teki anlay\u0131\u015f bu, say\u0131n K\u0131l\u0131\u00e7daro\u011flu\u2019ndaki anlay\u0131\u015f bu. Neyse yine de s\u00fcsl\u00fc k\u0131l\u0131flarla evin bir k\u00f6\u015fesinde duruyormu\u015f. Bunlar, duvarda, k\u0131l\u0131f\u0131 i\u00e7inde as\u0131l\u0131 duran kitaptan hi\u00e7bir zaman korkmad\u0131lar. Bunlar, o kitab\u0131n okunmas\u0131ndan, okutulmas\u0131ndan ve anla\u015f\u0131lmas\u0131ndan korktular. Tarihleri boyunca, Kuran-\u0131 Kerim\u2019i bir s\u00fcs olarak, bir dekor olarak, ha\u015fa, tarihi bir eser olarak g\u00f6rmek istediler ama i\u015f, onun okunmas\u0131na, okutulmas\u0131na, \u00f6\u011frenilmesine ve \u00f6\u011fretilmesine gelince, b\u00fct\u00fcn yollar\u0131 kapad\u0131lar, yollar\u0131 engellerle d\u00f6\u015fediler. 1950 y\u0131l\u0131nda millet nas\u0131l ki Adnan Menderes eliyle ezan\u0131na kavu\u015ftuysa, asli metnine kavu\u015ftuysa, bug\u00fcn de millet, bu h\u00fck\u00fcmet eliyle dinini tam anlam\u0131yla \u00f6\u011frenme \u00f6zg\u00fcrl\u00fc\u011f\u00fcne kavu\u015fmu\u015ftur. Yahu Kuran-\u0131 Kerim\u2019i \u00f6\u011frenmekten, sevgili Peygamberimizin hayat\u0131n\u0131 \u00f6\u011frenmekten daha g\u00fczel ne olabilir?<\/p>\n<p style=\"text-align: justify;\"><strong>ANNE-BABA SE\u00c7ECEK\u00a0<\/strong><\/p>\n<p style=\"text-align: justify;\">Art\u0131k dayatma yok. Art\u0131k e\u011fitimin \u00f6n\u00fcnde engel yok. 4 y\u0131ll\u0131k ilkokulu bitiren \u00f6\u011frenci ya da ailesi, istedi\u011fi tercihi yapacak ve gelece\u011fi h\u00fcr iradesiyle \u015fekillendirecek. Biz devlet olarak t\u00fcm vatanda\u015f\u0131m\u0131z\u0131n \u00f6n\u00fcne, anne ve babalar\u0131n\u0131n \u00f6n\u00fcne se\u00e7enekleri, tercihleri koyuyoruz, koyaca\u011f\u0131z. Se\u00e7ici olan kim? Anne, baba, \u00f6\u011frenci onlar se\u00e7ecek. Nereye isterse oraya. Diyoruz ki, art\u0131k zihinlerdeki prangalar\u0131 k\u0131r\u0131p atal\u0131m, ayaklardaki prangalar\u0131 bileklerimizden s\u00f6k\u00fcp atal\u0131m. B\u0131rakal\u0131m yavrular\u0131m\u0131z nereye isterse oraya gitsin. 4 y\u0131ll\u0131k liseyi bitiren \u00f6\u011frenci, katsay\u0131 adaletsizli\u011fine tak\u0131lmadan, \u00fcniversite kap\u0131lar\u0131nda \u00e7a\u011f d\u0131\u015f\u0131 engellere tak\u0131lmadan gelece\u011fi hakk\u0131nda kendisi karar\u0131n\u0131 verecek.<\/p>\n<p style=\"text-align: justify;\"><strong>DAYATMA OLMAYACAK\u00a0<\/strong><\/p>\n<p style=\"text-align: justify;\">S\u00fcrekli okula gelip gidemeyenlerin a\u00e7\u0131k lisede diplomas\u0131n\u0131 almak isteyenlerin de \u00f6n\u00fcn\u00fc a\u00e7t\u0131k. B\u00f6ylece onlar\u0131n da d\u0131\u015far\u0131dan imtihanlar\u0131n\u0131 vererek zorunlu 12 y\u0131l\u0131 tamamlam\u0131\u015f olacak. Kuran \u00f6\u011frenmek isteyen, hi\u00e7bir dayatmaya maruz kalmadan \u00f6\u011frenecek. Peygamber\u2019inin hayat\u0131n\u0131 \u00f6\u011frenmek isteyen, hi\u00e7bir bask\u0131ya maruz kalmadan bunu \u00f6\u011frenecek. Meslek lisesine gitmek isteyen meslek lisesine, di\u011fer okullara gitmek isteyen bu okullara gidip kayd\u0131n\u0131 yapt\u0131racak. Zorunlu 8 y\u0131ll\u0131k e\u011fitimi savunuyorlar ya&#8230; Bat\u0131l\u0131 b\u00fct\u00fcn toplumlar\u0131 de\u011ferlendirin, ara\u015ft\u0131r\u0131n, bak\u0131n, \u00e7o\u011funda 12 y\u0131ll\u0131k e\u011fitimi g\u00f6receksiniz. Hele hele Avrupa Birli\u011fi \u00fcyesi \u00fclkelerde bunu g\u00f6receksiniz. Bu yasan\u0131n, \u00fclkemize, milletimize hay\u0131rl\u0131 olmas\u0131n\u0131 diliyorum. Bu yasan\u0131n, \u00f6zellikle de sizlere, i\u015f adamlar\u0131m\u0131za, yat\u0131r\u0131mc\u0131lara, sanayicilere hay\u0131rl\u0131 olmas\u0131n\u0131 diliyorum.<\/p>\n<p style=\"text-align: justify;\"><strong>GENEL SE\u00c7\u0130M\u00a0<\/strong><\/p>\n<p style=\"text-align: justify;\"><strong>Orada bir yanl\u0131\u015f yapt\u0131k<\/strong><\/p>\n<p style=\"text-align: justify;\">Hala \u015fu anda bile baz\u0131 muhalif \u00e7evreler \u015funu soruyor, \u2019Ger\u00e7ekten normal se\u00e7imler gene 2015\u2019te mi olacak?\u2019 Ya ne bekliyorsunuz. Zaten istikrar\u0131n teminat\u0131 o, tabii ki 2015 y\u0131l\u0131nda olacak. Ama dert ba\u015fka. Dert acaba kafalar\u0131, zihinleri nas\u0131l buland\u0131r\u0131r\u0131z. Belirlenen, ilan edilen ne ise o tarihte se\u00e7im yap\u0131l\u0131r. Sadece bir cumhurba\u015fkanl\u0131\u011f\u0131 se\u00e7imini 7 y\u0131lda de\u011fil de halka gidelim diye b\u00f6yle bir s\u00f6z\u00fc o zaman parlamentoda grubu olan bir partiye o s\u00f6z\u00fc verdik. Orada 5 y\u0131ldan 4 y\u0131la inme noktas\u0131nda bir anla\u015fma yapt\u0131k. Orada bir yanl\u0131\u015f yapt\u0131k. Ke\u015fke biz onlarla o anla\u015fmay\u0131 yapmam\u0131\u015f olsayd\u0131k. Yine 5 y\u0131lda bir bu \u00fclkede genel se\u00e7imler devam etmi\u015f olsayd\u0131. Ancak biz s\u00f6z\u00fcm\u00fczde durduk.<\/p>\n<p style=\"text-align: justify;\"><strong>\u2018iktidar-cemaat kavgal\u0131\u2019 \u0130ddias\u0131na yan\u0131t\u00a0<\/strong><\/p>\n<p style=\"text-align: justify;\"><strong>\u2018Senlik benlik kavgas\u0131na izin vermeyece\u011fiz\u2019\u00a0<\/strong><\/p>\n<p style=\"text-align: justify;\">TUSKON \u00fcyelerinin ayakta alk\u0131\u015flad\u0131\u011f\u0131 Ba\u015fbakan Erdo\u011fan konu\u015fmas\u0131nda son d\u00f6nemdeki \u201ciktidar ile cemaat aras\u0131nda kavga var\u201d iddialar\u0131na \u015fu mesajla noktay\u0131 koydu:<\/p>\n<p style=\"text-align: justify;\">OMUZ OMUZA: Bu h\u00fck\u00fcmet, milletin deste\u011fini, milletin g\u00fcc\u00fcn\u00fc, milletin hay\u0131r duas\u0131n\u0131 ald\u0131. \u0130\u015fte bu sayede her se\u00e7imden hamdolsun zaferle \u00e7\u0131kt\u0131, her se\u00e7imden birinci \u00e7\u0131kt\u0131, her se\u00e7imden oylar\u0131n\u0131 artt\u0131rarak \u00e7\u0131kt\u0131. Sizin de bizim de ba\u015far\u0131m\u0131z\u0131n arkas\u0131nda sadece ve sadece millet var. Allah\u2019\u0131n izniyle, bug\u00fcne kadar milletimizle y\u00fcr\u00fcd\u00fc\u011f\u00fcm\u00fcz bu yolda ayn\u0131 \u015fekilde milletimizle y\u00fcr\u00fcmeye devam edece\u011fiz. Bug\u00fcne kadar birlikte y\u00fcr\u00fcd\u00fc\u011f\u00fcm\u00fcz arkada\u015flar\u0131m\u0131zla, dostlar\u0131m\u0131zla, karde\u015flerimizle ayr\u0131l\u0131\u011fa d\u00fc\u015fmeden el ele, omuz omuza beraber y\u00fcr\u00fcmeye devam edece\u011fiz. Bug\u00fcne kadar, hi\u00e7bir zaman bize \u2019ben\u2019 demek yak\u0131\u015fmaz. Biz enaniyetten uzak duraca\u011f\u0131z. Bizim kitab\u0131m\u0131zda \u2019ben\u2019 yok, \u2019biz\u2019 var. Senlik, benlik kavgas\u0131na asla m\u00fcsaade etmeyece\u011fiz. Fitneye, nifaka asla prim vermeyece\u011fiz. Bug\u00fcne kadar beraber y\u00fcr\u00fcd\u00fc\u011f\u00fcm\u00fcz bu yolda, in\u015fallah ayn\u0131 \u015fekilde beraber y\u00fcr\u00fcmeye, T\u00fcrkiye\u2019yi beraber b\u00fcy\u00fctmeye, milletten ald\u0131\u011f\u0131m\u0131z\u0131, yine millete vermeye devam edece\u011fiz.<\/p>\n<p style=\"text-align: justify;\"><strong>Son y\u0131llar\u0131n y\u0131ld\u0131z\u0131 TUSKON\u00a0<\/strong><\/p>\n<p style=\"text-align: justify;\">TUSKON (T\u00fcrkiye \u0130\u015fadamlar\u0131 ve Sanayiciler Konfederasyonu), T\u00fcrkiye\u2019nin ekonomik ve sosyal kalk\u0131nmas\u0131na katk\u0131da bulunmak \u00fczere hizmet veren i\u015fadamlar\u0131 derneklerinin \u00e7at\u0131 organizasyonu olarak 2005 y\u0131l\u0131nda kuruldu. \u00dclke \u00e7ap\u0131nda yay\u0131lm\u0131\u015f 7 ayr\u0131 b\u00f6lgesel i\u015f d\u00fcnyas\u0131 federasyonunun olu\u015fturdu\u011fu TUSKON b\u00fcnyesinde, T\u00fcrkiye genelinde, 80 ilde 172 i\u015fadam\u0131 derne\u011fi faaliyet g\u00f6steriyor. TUSKON\u2019un kurulu\u015fu s\u00fcreci, \u00f6zellikle Anadolu\u2019da 1990\u2019l\u0131 y\u0131llar\u0131n sonlar\u0131nda i\u015fadamlar\u0131n\u0131n dernekle\u015fmeye ba\u015flamas\u0131na dayan\u0131yor. Bu dernekler \u00f6nce federasyonlar olu\u015fturdular, ard\u0131ndan da TUSKON \u00e7at\u0131s\u0131 alt\u0131nda birle\u015ftiler. TUSKON, kuruldu\u011fu g\u00fcnden itibaren TOBB\u2019un kurulu\u015fu olan DE\u0130K(D\u0131\u015f Ekonomik \u0130li\u015fkiler Kurulu)\u2019e rakip olarak g\u00f6r\u00fcld\u00fc. Uluslararas\u0131 organizasyonlarda giderek \u00f6ne \u00e7\u0131kan TUSKON, ba\u015fta Ba\u015fbakan ard\u0131ndan da Cumhurba\u015fkan\u0131\u2019n\u0131n kat\u0131ld\u0131\u011f\u0131 uluslararas\u0131 organizasyonlarda DE\u0130K yerine ge\u00e7ti. Son d\u00f6nemde ekonomiyle ilgili Bakanlar\u0131n neredeyse t\u00fcm d\u0131\u015f \u00fclke ziyaretlerinde en ba\u015fta TUSKON yer al\u0131yor.<\/p>\n<p style=\"text-align: justify;\"><a href=\"http:\/\/haber.gazetevatan.com\/erdogan-biz-bir-kez-yanlis-yaptik\/440318\/9\/Siyaset\" target=\"_blank\">Kaynak : VATAN Gazetesi<\/a><\/p>\n","protected":false},"excerpt":{"rendered":"<p style=\"text-align: center;\">\n<p style=\"text-align: justify;\">Ba\u015fbakan Recep Tayyip Erdo\u011fan, TUSKON 4. Ola\u011fan Genel Kurulu&#8217;nda konu\u015ftu. Erdo\u011fan &#8216;Biz bir kez yanl\u0131\u015f yapt\u0131k. Se\u00e7imleri 5 y\u0131ldan 4 y\u0131la indirdik&#8217; dedi<\/p>\n<p style=\"text-align: justify;\">\u2018Stat\u00fcko Meclis\u2019ten gereken cevab\u0131 ald\u0131\u2019 <\/p>\n<p style=\"text-align: justify;\">Ba\u015fbakan Erdo\u011fan kademeli e\u011fitim yasas\u0131n\u0131n 28 \u015eubat\u2019\u0131n en \u00f6nemli izini sildi\u011fini belirterek, \u015f\u00f6yle dedi: Milletin iradesi tecelli <\/p>\n","protected":false},"author":1,"featured_media":0,"comment_status":"open","ping_status":"open","sticky":false,"template":"","format":"standard","meta":{"footnotes":""},"categories":[105],"tags":[],"class_list":["post-50230","post","type-post","status-publish","format-standard","hentry","category-gundem","odd"],"_links":{"self":[{"href":"http:\/\/www.korhanyilmaz.com\/index.php?rest_route=\/wp\/v2\/posts\/50230","targetHints":{"allow":["GET"]}}],"collection":[{"href":"http:\/\/www.korhanyilmaz.com\/index.php?rest_route=\/wp\/v2\/posts"}],"about":[{"href":"http:\/\/www.korhanyilmaz.com\/index.php?rest_route=\/wp\/v2\/types\/post"}],"author":[{"embeddable":true,"href":"http:\/\/www.korhanyilmaz.com\/index.php?rest_route=\/wp\/v2\/users\/1"}],"replies":[{"embeddable":true,"href":"http:\/\/www.korhanyilmaz.com\/index.php?rest_route=%2Fwp%2Fv2%2Fcomments&post=50230"}],"version-history":[{"count":0,"href":"http:\/\/www.korhanyilmaz.com\/index.php?rest_route=\/wp\/v2\/posts\/50230\/revisions"}],"wp:attachment":[{"href":"http:\/\/www.korhanyilmaz.com\/index.php?rest_route=%2Fwp%2Fv2%2Fmedia&parent=50230"}],"wp:term":[{"taxonomy":"category","embeddable":true,"href":"http:\/\/www.korhanyilmaz.com\/index.php?rest_route=%2Fwp%2Fv2%2Fcategories&post=50230"},{"taxonomy":"post_tag","embeddable":true,"href":"http:\/\/www.korhanyilmaz.com\/index.php?rest_route=%2Fwp%2Fv2%2Ftags&post=50230"}],"curies":[{"name":"wp","href":"https:\/\/api.w.org\/{rel}","templated":true}]}}