{"id":50222,"date":"2012-03-31T15:42:14","date_gmt":"2012-03-31T12:42:14","guid":{"rendered":"http:\/\/www.korhanyilmaz.com\/?p=50222"},"modified":"2012-04-01T07:28:26","modified_gmt":"2012-04-01T04:28:26","slug":"insan-yakmanin-zamanasimi-olmaz","status":"publish","type":"post","link":"http:\/\/www.korhanyilmaz.com\/?p=50222","title":{"rendered":"&#8216;\u0130nsan yakman\u0131n zamana\u015f\u0131m\u0131 olmaz&#8217;"},"content":{"rendered":"<p style=\"text-align: center;\"><a href=\"http:\/\/www.korhanyilmaz.com\/wp-content\/uploads\/2012\/04\/A181.jpg\"  class=\"lightview\"><img loading=\"lazy\" decoding=\"async\" class=\"aligncenter  wp-image-50223\" src=\"http:\/\/www.korhanyilmaz.com\/wp-content\/uploads\/2012\/04\/A181.jpg\" alt=\"\" width=\"336\" height=\"223\" \/><\/a><\/p>\n<p style=\"text-align: justify;\">Sivas Katliam\u0131 Davas\u0131&#8217;n\u0131n 19 y\u0131l sonra zamana\u015f\u0131m\u0131 nedeniyle d\u00fc\u015fmesi protesto edildi. Kad\u0131k\u00f6y Meydan\u0131&#8217;nda d\u00fczenlenen mitinge binlerce ki\u015fi kat\u0131ld\u0131.<\/p>\n<p style=\"text-align: justify;\">\u0130STANBUL &#8211; 1993 y\u0131l\u0131nda 37 ki\u015finin ya\u015fam\u0131n\u0131 yitirdi\u011fi Sivas Katliam\u0131 Davas\u0131, 19 y\u0131l sonra zamana\u015f\u0131m\u0131 nedeniyle d\u00fc\u015ft\u00fc. Ankara 11. A\u011f\u0131r Ceza Mahkemesi\u2019nin ald\u0131\u011f\u0131 bu karar\u0131 ele\u015ftiren binlerce insan bug\u00fcn \u00f6\u011fle saatlerinde Kad\u0131k\u00f6y\u2019e akt\u0131.\u00a0<!--more--><\/p>\n<p style=\"text-align: justify;\">Tepe Nautilus AVM, Haydarpa\u015fa Numune E\u011fitim ve Ara\u015ft\u0131rma Hastanesi ile Haydarpa\u015fa Gar\u0131\u2019n\u0131n \u00f6n\u00fcnde toplanan gruplar, 12.00\u2019da meydana do\u011fru y\u00fcr\u00fcmeye ba\u015flad\u0131.<\/p>\n<p style=\"text-align: justify;\">&#8220;Sivas\u2019\u0131n \u0131\u015f\u0131\u011f\u0131 s\u00f6nmeyecek&#8221; , &#8220;Davam\u0131z mah\u015fere kalmayacak&#8221; , &#8220;Katil devlet hesap verecek&#8221; , &#8220;Sivas onurdur onuruna sahip \u00e7\u0131k&#8221; , &#8220;\u0130nsanl\u0131k su\u00e7una zamana\u015f\u0131m\u0131 olmaz&#8221; ve &#8220;Ampul Tayyip&#8221; sloganlar\u0131 atan topluluk, Sivas Olaylar\u0131\u2019nda hayat\u0131n\u0131 kaybeden ki\u015filerin foto\u011fraflar\u0131n\u0131 da ta\u015f\u0131d\u0131.<\/p>\n<p style=\"text-align: justify;\">Avrupa Alevi Bekta\u015fi Birlikleri Federasyonu, Pir Sultan Abdal K\u00fclt\u00fcr Derne\u011fi, Hac\u0131bekta\u015f-\u0131 Veli Anadolu K\u00fclt\u00fcr Vakf\u0131, Alevi K\u00fclt\u00fcr Dernekleri ve Alevi Bekta\u015fi Federasyonu\u2019nun organize etti\u011fi mitinge, siyasi partiler ile \u00e7ok say\u0131da sivil toplum kurulu\u015fu da destek verdi. Gruplar, R\u0131ht\u0131m Caddesi \u00fczerinde olu\u015fturulan arama noktalar\u0131ndan ge\u00e7erek meydana ula\u015ft\u0131.<\/p>\n<p style=\"text-align: justify;\"><strong>FENERBAH\u00c7EL\u0130LER DE MEYDANDA<\/strong><\/p>\n<p style=\"text-align: justify;\">Kendilerine Fenerbahche Sol A\u00e7\u0131k Taraftar Grubu ad\u0131n\u0131 veren yakla\u015f\u0131k 30 ki\u015fi, \u00fczerinde &#8220;Adalet tatilde yetki katilde&#8221; , &#8220;Sar\u0131n\u0131n kavgas\u0131nda lacivert d\u00fc\u015flerimiz var&#8221; c\u00fcmlelerinin yaz\u0131l\u0131 oldu\u011fu pankartlar\u0131 a\u00e7t\u0131. &#8220;Erdo\u011fan\u2019\u0131n fi\u015fini Fenerbah\u00e7e \u00e7ekecek&#8221; sloganlar\u0131 da atan topluluk mitinge kat\u0131lan di\u011fer vatanda\u015flar taraf\u0131ndan alk\u0131\u015flarla kar\u015f\u0131land\u0131.<\/p>\n<p style=\"text-align: justify;\">Meydana kurulan dev platforma \u00e7\u0131karak toplulu\u011fa seslenen Alevi Bekta\u015fi Federasyonu Ba\u015fkan\u0131 Selahattin \u00d6zel, Avrupa Alevi Bekta\u015f\u0131 Birlikleri Federasyonu Ba\u015fkan\u0131 Turgut \u00d6ker, Pir Sultan Abdul K\u00fclt\u00fcr Derne\u011fi Ba\u015fkan\u0131 H\u00fcseyin G\u00fczelg\u00fcl ve Hac\u0131bekta\u015f-\u0131 Veli Anadolu K\u00fclt\u00fcr Vakf\u0131 Ba\u015fkan\u0131 Ercan Ge\u00e7mez, mahkemenin ald\u0131\u011f\u0131 zamana\u015f\u0131m\u0131 karar\u0131n\u0131 ele\u015ftirdi.<\/p>\n<p style=\"text-align: justify;\"><a href=\"http:\/\/www.radikal.com.tr\/Radikal.aspx?aType=RadikalDetayV3&amp;ArticleID=1083498&amp;CategoryID=77\" target=\"_blank\">Kaynak : Radikal.com.tr<\/a><\/p>\n","protected":false},"excerpt":{"rendered":"<p style=\"text-align: center;\">\n<p style=\"text-align: justify;\">Sivas Katliam\u0131 Davas\u0131&#8217;n\u0131n 19 y\u0131l sonra zamana\u015f\u0131m\u0131 nedeniyle d\u00fc\u015fmesi protesto edildi. Kad\u0131k\u00f6y Meydan\u0131&#8217;nda d\u00fczenlenen mitinge binlerce ki\u015fi kat\u0131ld\u0131.<\/p>\n<p style=\"text-align: justify;\">\u0130STANBUL &#8211; 1993 y\u0131l\u0131nda 37 ki\u015finin ya\u015fam\u0131n\u0131 yitirdi\u011fi Sivas Katliam\u0131 Davas\u0131, 19 y\u0131l sonra zamana\u015f\u0131m\u0131 nedeniyle d\u00fc\u015ft\u00fc. Ankara 11. A\u011f\u0131r Ceza Mahkemesi\u2019nin ald\u0131\u011f\u0131 bu karar\u0131 ele\u015ftiren binlerce insan bug\u00fcn \u00f6\u011fle <\/p>\n","protected":false},"author":1,"featured_media":0,"comment_status":"open","ping_status":"open","sticky":false,"template":"","format":"standard","meta":{"footnotes":""},"categories":[105],"tags":[],"class_list":["post-50222","post","type-post","status-publish","format-standard","hentry","category-gundem","odd"],"_links":{"self":[{"href":"http:\/\/www.korhanyilmaz.com\/index.php?rest_route=\/wp\/v2\/posts\/50222","targetHints":{"allow":["GET"]}}],"collection":[{"href":"http:\/\/www.korhanyilmaz.com\/index.php?rest_route=\/wp\/v2\/posts"}],"about":[{"href":"http:\/\/www.korhanyilmaz.com\/index.php?rest_route=\/wp\/v2\/types\/post"}],"author":[{"embeddable":true,"href":"http:\/\/www.korhanyilmaz.com\/index.php?rest_route=\/wp\/v2\/users\/1"}],"replies":[{"embeddable":true,"href":"http:\/\/www.korhanyilmaz.com\/index.php?rest_route=%2Fwp%2Fv2%2Fcomments&post=50222"}],"version-history":[{"count":0,"href":"http:\/\/www.korhanyilmaz.com\/index.php?rest_route=\/wp\/v2\/posts\/50222\/revisions"}],"wp:attachment":[{"href":"http:\/\/www.korhanyilmaz.com\/index.php?rest_route=%2Fwp%2Fv2%2Fmedia&parent=50222"}],"wp:term":[{"taxonomy":"category","embeddable":true,"href":"http:\/\/www.korhanyilmaz.com\/index.php?rest_route=%2Fwp%2Fv2%2Fcategories&post=50222"},{"taxonomy":"post_tag","embeddable":true,"href":"http:\/\/www.korhanyilmaz.com\/index.php?rest_route=%2Fwp%2Fv2%2Ftags&post=50222"}],"curies":[{"name":"wp","href":"https:\/\/api.w.org\/{rel}","templated":true}]}}