{"id":50219,"date":"2012-03-31T12:52:55","date_gmt":"2012-03-31T09:52:55","guid":{"rendered":"http:\/\/www.korhanyilmaz.com\/?p=50219"},"modified":"2012-04-01T07:09:57","modified_gmt":"2012-04-01T04:09:57","slug":"elektrik-carpacak","status":"publish","type":"post","link":"http:\/\/www.korhanyilmaz.com\/?p=50219","title":{"rendered":"Elektrik \u00e7arpacak!"},"content":{"rendered":"<p style=\"text-align: center;\"><a href=\"http:\/\/www.korhanyilmaz.com\/wp-content\/uploads\/2012\/04\/A180.jpg\"  class=\"lightview\"><img loading=\"lazy\" decoding=\"async\" class=\"aligncenter  wp-image-50220\" src=\"http:\/\/www.korhanyilmaz.com\/wp-content\/uploads\/2012\/04\/A180.jpg\" alt=\"\" width=\"336\" height=\"223\" \/><\/a><\/p>\n<p style=\"text-align: justify;\"><strong>Elektri\u011fe y\u00fczde 8.1 oran\u0131nda zam yap\u0131ld\u0131<\/strong><\/p>\n<p style=\"text-align: justify;\">Enerji Piyasas\u0131 D\u00fczenleme Kurumu (EPDK), 1 Nisan 2012 tarihinden ge\u00e7erli olmak \u00fczere, kilowatsaat baz\u0131nda, vergi ve fonlar dahil olmak \u00fczere nihai elektrik fiyatlar\u0131na zam yapt\u0131. Evlerde y\u00fczde 9.2, sanayide 8.7, ticarethanelerde kullan\u0131lan elektri\u011fe ise y\u00fczde 4.3&#8217;l\u00fck art\u0131\u015f yap\u0131ld\u0131.EPDK, yar\u0131ndan ge\u00e7erli olmak \u00fczere, kilovatsaat (kWh) baz\u0131nda, vergi ve fonlar dahil olmak \u00fczere nihai t\u00fcketicinin kulland\u0131\u011f\u0131 elektrik fiyatlar\u0131nda a\u011f\u0131rl\u0131 ortalama olarak y\u00fczde 8,1 oran\u0131nda art\u0131\u015f yap\u0131ld\u0131\u011f\u0131n\u0131 bildirdi.\u00a0<!--more--><\/p>\n<p style=\"text-align: justify;\">EPDK&#8217;dan yap\u0131lan yaz\u0131l\u0131 a\u00e7\u0131klamada, Kurul&#8217;un bug\u00fcnk\u00fc toplant\u0131s\u0131nda elektrik perakende sat\u0131\u015f fiyatlar\u0131n\u0131 olu\u015fturan maliyetlerdeki de\u011fi\u015fimler ile T\u00fcrkiye Elektrik Ticaret ve Taahh\u00fct Anonim \u015eirketi&#8217;nin (TETA\u015e) tarife teklifiniN de\u011ferlendirilerek karara ba\u011flad\u0131\u011f\u0131 kaydedildi.<\/p>\n<p style=\"text-align: justify;\">A\u00e7\u0131klamada, bu \u00e7er\u00e7evede 1 Nisan 2012 tarihinden ge\u00e7erli (yar\u0131n) olmak \u00fczere, kWh baz\u0131nda, vergi ve fonlar dahil olmak \u00fczere nihai elektrik fiyatlar\u0131n\u0131n a\u011f\u0131rl\u0131kl\u0131 ortalama olarak y\u00fczde 8.1 oran\u0131nda artt\u0131\u011f\u0131 kaydedildi.<\/p>\n<p style=\"text-align: justify;\">A\u00e7\u0131klamada, \u201cAyn\u0131 kapsamda, tek zamanl\u0131 perakende elektrik sat\u0131\u015f fiyatlar\u0131, meskende y\u00fczde 9,26 oran\u0131nda bir de\u011fi\u015fimle 32,515 kuru\u015fa, orta gerilim seviyesinde da\u011f\u0131t\u0131ma g\u00f6m\u00fcl\u00fc sanayide y\u00fczde 8,71 oran\u0131nda de\u011fi\u015fimle 26,672 kuru\u015fa, da\u011f\u0131t\u0131ma g\u00f6m\u00fcl\u00fc ticarethanelerde y\u00fczde 4,33 oran\u0131nda bir de\u011fi\u015fimle 33,253 kuru\u015fa y\u00fckselmi\u015ftir\u201d denildi.<\/p>\n<p style=\"text-align: justify;\"><strong>Ortalama 6 liral\u0131k art\u0131\u015f olacak<\/strong><\/p>\n<p style=\"text-align: justify;\">EPDK&#8217;n\u0131n son zam karar\u0131 ile birlikte, ortalama 60 TL ayl\u0131k elektrik faturas\u0131 \u00f6deyen bir t\u00fcketici, zaml\u0131 tarife ile birlikte ayl\u0131k 65.6 TL&#8217;lik fatura \u00f6deyecek.<\/p>\n<p style=\"text-align: justify;\"><a href=\"http:\/\/www.radikal.com.tr\/Radikal.aspx?aType=RadikalDetayV3&amp;ArticleID=1083483\" target=\"_blank\">Kaynak : Radikal.com.tr<\/a><\/p>\n","protected":false},"excerpt":{"rendered":"<p style=\"text-align: center;\">\n<p style=\"text-align: justify;\">Elektri\u011fe y\u00fczde 8.1 oran\u0131nda zam yap\u0131ld\u0131<\/p>\n<p style=\"text-align: justify;\">Enerji Piyasas\u0131 D\u00fczenleme Kurumu (EPDK), 1 Nisan 2012 tarihinden ge\u00e7erli olmak \u00fczere, kilowatsaat baz\u0131nda, vergi ve fonlar dahil olmak \u00fczere nihai elektrik fiyatlar\u0131na zam yapt\u0131. Evlerde y\u00fczde 9.2, sanayide 8.7, ticarethanelerde kullan\u0131lan elektri\u011fe ise y\u00fczde 4.3&#8217;l\u00fck art\u0131\u015f yap\u0131ld\u0131.EPDK, yar\u0131ndan ge\u00e7erli olmak \u00fczere, <\/p>\n","protected":false},"author":1,"featured_media":0,"comment_status":"open","ping_status":"open","sticky":false,"template":"","format":"standard","meta":{"footnotes":""},"categories":[7],"tags":[],"class_list":["post-50219","post","type-post","status-publish","format-standard","hentry","category-ekonomi","odd"],"_links":{"self":[{"href":"http:\/\/www.korhanyilmaz.com\/index.php?rest_route=\/wp\/v2\/posts\/50219","targetHints":{"allow":["GET"]}}],"collection":[{"href":"http:\/\/www.korhanyilmaz.com\/index.php?rest_route=\/wp\/v2\/posts"}],"about":[{"href":"http:\/\/www.korhanyilmaz.com\/index.php?rest_route=\/wp\/v2\/types\/post"}],"author":[{"embeddable":true,"href":"http:\/\/www.korhanyilmaz.com\/index.php?rest_route=\/wp\/v2\/users\/1"}],"replies":[{"embeddable":true,"href":"http:\/\/www.korhanyilmaz.com\/index.php?rest_route=%2Fwp%2Fv2%2Fcomments&post=50219"}],"version-history":[{"count":0,"href":"http:\/\/www.korhanyilmaz.com\/index.php?rest_route=\/wp\/v2\/posts\/50219\/revisions"}],"wp:attachment":[{"href":"http:\/\/www.korhanyilmaz.com\/index.php?rest_route=%2Fwp%2Fv2%2Fmedia&parent=50219"}],"wp:term":[{"taxonomy":"category","embeddable":true,"href":"http:\/\/www.korhanyilmaz.com\/index.php?rest_route=%2Fwp%2Fv2%2Fcategories&post=50219"},{"taxonomy":"post_tag","embeddable":true,"href":"http:\/\/www.korhanyilmaz.com\/index.php?rest_route=%2Fwp%2Fv2%2Ftags&post=50219"}],"curies":[{"name":"wp","href":"https:\/\/api.w.org\/{rel}","templated":true}]}}