{"id":50216,"date":"2012-03-31T22:24:38","date_gmt":"2012-03-31T19:24:38","guid":{"rendered":"http:\/\/www.korhanyilmaz.com\/?p=50216"},"modified":"2012-04-01T07:06:50","modified_gmt":"2012-04-01T04:06:50","slug":"dogalgaza-yuzde-18-zam","status":"publish","type":"post","link":"http:\/\/www.korhanyilmaz.com\/?p=50216","title":{"rendered":"Do\u011falgaza y\u00fczde 18 zam!"},"content":{"rendered":"<p style=\"text-align: center;\"><a href=\"http:\/\/www.korhanyilmaz.com\/wp-content\/uploads\/2012\/04\/A0179.jpg\"  class=\"lightview\"><img loading=\"lazy\" decoding=\"async\" class=\"aligncenter  wp-image-50217\" src=\"http:\/\/www.korhanyilmaz.com\/wp-content\/uploads\/2012\/04\/A0179.jpg\" alt=\"\" width=\"336\" height=\"223\" \/><\/a><\/p>\n<p style=\"text-align: justify;\">Elektri\u011fe gelen fahi\u015f zamdan sonra y\u00fcksek oranl\u0131 bir zam da do\u011falgaza geldi.<\/p>\n<p style=\"text-align: justify;\">Enerji ve Tabii Kaynaklar Bakan\u0131 Taner Y\u0131ld\u0131z, do\u011falgaza yar\u0131ndan ge\u00e7erli olmak \u00fczere y\u00fczde 18,72&#8217;ye varan oranlarda zam yap\u0131ld\u0131\u011f\u0131n\u0131 bildirdi.<\/p>\n<p style=\"text-align: justify;\">Akdeniz \u0130hracat\u00e7\u0131lar Birli\u011fi\u2019nin toplant\u0131s\u0131na kat\u0131lmak \u00fczere Kayseri\u2019ye gelen ve Erciyes da\u011f\u0131nda ba\u015far\u0131l\u0131 ihracat\u00e7\u0131lara \u00f6d\u00fcllerini veren Bakan Taner Y\u0131ld\u0131z daha sonra, Mirada Del Lago Otel\u2019deki program\u0131na kat\u0131ld\u0131. Akkuyu N\u00fckleer Santrali\u2019nin bar\u0131\u015f\u00e7\u0131l ama\u00e7larla kullan\u0131lmak \u00fczere s\u0131cak bakt\u0131\u011f\u0131n\u0131 kaydeden Y\u0131ld\u0131z, &#8220;\u00d6zellikle santralin in\u015faat\u0131na olduk\u00e7a dikkat edilecektir. \u015e\u00f6yleki T\u00fcrkiye\u2019de daha ya\u015fanmad\u0131, ama 9 b\u00fcy\u00fckl\u00fc\u011f\u00fcndeki bir depreme bile dayan\u0131kl\u0131 olacakt\u0131r&#8221; dedi.\u00a0<!--more--><\/p>\n<p style=\"text-align: justify;\">Bug\u00fcn EPDK\u2019n\u0131n elektri\u011fe yapt\u0131\u011f\u0131 y\u00fczde 8,1\u2019lik zamdan sonra, do\u011falgaz fiyatlar\u0131n\u0131n da d\u00f6viz ve ham petrol fiyat art\u0131\u015f\u0131na ba\u011fl\u0131 olarak gece 00.00\u2019dan itibaren ge\u00e7erli olmak \u00fczere y\u00fczde 18.72 zamla sat\u0131laca\u011f\u0131n\u0131 a\u00e7\u0131klayan Bakan Taner Y\u0131ld\u0131z, &#8220;Tabi zamdan ho\u015flanmad\u0131\u011f\u0131m\u0131 ve sevmedi\u011fimi s\u00f6yleyebilirim. D\u00fcnyan\u0131n ger\u00e7eklerini de y\u00fcz\u00fcn\u00fcz\u00fc ellerinizle kapatarak izleyemezsiniz. Do\u011falgaz, bu gece yani 1 Nisan\u2019dan itibaren y\u00fczde 18,72 zaml\u0131 olarak abonelere ula\u015facak. Ham petrol\u00fcn varil fiyat\u0131 dolar baz\u0131nda artt\u0131. Ayn\u0131 zamanda T\u00fcrkiye bunu lira olarak tahsil ediyor. Bu bankac\u0131lar\u0131n a\u00e7\u0131k pozisyon dedi\u011fi durumdur. Yani s\u0131rf d\u00f6vizin art\u0131\u015f\u0131yla bile T\u00fcrkiye\u2019nin y\u00fczde 17\u2019ler civar\u0131nda bir fiyat art\u0131\u015f\u0131 s\u00f6zkonusu. Ham petrol ve son do\u011falgaz zamlar\u0131na bakt\u0131\u011f\u0131m\u0131zda son 19 ayda y\u00fczde 29\u2019 luk zam geldi. Y\u00fczde 12-17\u2019lik de d\u00f6viz zamm\u0131n\u0131 hari\u00e7 tutuyorum. D\u00f6viz ve ham petrol\u00fcn fiyat\u0131n\u0131n y\u00fckselmesi bu zamm\u0131n zeminini haz\u0131rlad\u0131&#8221; diye konu\u015ftu.<\/p>\n<p style=\"text-align: justify;\"><a href=\"http:\/\/www.radikal.com.tr\/Radikal.aspx?aType=RadikalDetayV3&amp;ArticleID=1083542&amp;CategoryID=80\" target=\"_blank\">Kaynak : Radikal.com.tr<\/a><\/p>\n","protected":false},"excerpt":{"rendered":"<p style=\"text-align: center;\">\n<p style=\"text-align: justify;\">Elektri\u011fe gelen fahi\u015f zamdan sonra y\u00fcksek oranl\u0131 bir zam da do\u011falgaza geldi.<\/p>\n<p style=\"text-align: justify;\">Enerji ve Tabii Kaynaklar Bakan\u0131 Taner Y\u0131ld\u0131z, do\u011falgaza yar\u0131ndan ge\u00e7erli olmak \u00fczere y\u00fczde 18,72&#8217;ye varan oranlarda zam yap\u0131ld\u0131\u011f\u0131n\u0131 bildirdi.<\/p>\n<p style=\"text-align: justify;\">Akdeniz \u0130hracat\u00e7\u0131lar Birli\u011fi\u2019nin toplant\u0131s\u0131na kat\u0131lmak \u00fczere Kayseri\u2019ye gelen ve Erciyes da\u011f\u0131nda ba\u015far\u0131l\u0131 ihracat\u00e7\u0131lara \u00f6d\u00fcllerini veren <\/p>\n","protected":false},"author":1,"featured_media":0,"comment_status":"open","ping_status":"open","sticky":false,"template":"","format":"standard","meta":{"footnotes":""},"categories":[7],"tags":[],"class_list":["post-50216","post","type-post","status-publish","format-standard","hentry","category-ekonomi","odd"],"_links":{"self":[{"href":"http:\/\/www.korhanyilmaz.com\/index.php?rest_route=\/wp\/v2\/posts\/50216","targetHints":{"allow":["GET"]}}],"collection":[{"href":"http:\/\/www.korhanyilmaz.com\/index.php?rest_route=\/wp\/v2\/posts"}],"about":[{"href":"http:\/\/www.korhanyilmaz.com\/index.php?rest_route=\/wp\/v2\/types\/post"}],"author":[{"embeddable":true,"href":"http:\/\/www.korhanyilmaz.com\/index.php?rest_route=\/wp\/v2\/users\/1"}],"replies":[{"embeddable":true,"href":"http:\/\/www.korhanyilmaz.com\/index.php?rest_route=%2Fwp%2Fv2%2Fcomments&post=50216"}],"version-history":[{"count":0,"href":"http:\/\/www.korhanyilmaz.com\/index.php?rest_route=\/wp\/v2\/posts\/50216\/revisions"}],"wp:attachment":[{"href":"http:\/\/www.korhanyilmaz.com\/index.php?rest_route=%2Fwp%2Fv2%2Fmedia&parent=50216"}],"wp:term":[{"taxonomy":"category","embeddable":true,"href":"http:\/\/www.korhanyilmaz.com\/index.php?rest_route=%2Fwp%2Fv2%2Fcategories&post=50216"},{"taxonomy":"post_tag","embeddable":true,"href":"http:\/\/www.korhanyilmaz.com\/index.php?rest_route=%2Fwp%2Fv2%2Ftags&post=50216"}],"curies":[{"name":"wp","href":"https:\/\/api.w.org\/{rel}","templated":true}]}}