{"id":50207,"date":"2012-03-30T22:06:46","date_gmt":"2012-03-30T19:06:46","guid":{"rendered":"http:\/\/www.korhanyilmaz.com\/?p=50207"},"modified":"2012-03-31T00:59:12","modified_gmt":"2012-03-30T21:59:12","slug":"erdogan-28-subatin-son-izi-tozlu-raflara","status":"publish","type":"post","link":"http:\/\/www.korhanyilmaz.com\/?p=50207","title":{"rendered":"Erdo\u011fan: 28 \u015eubat&#8217;\u0131n son izi tozlu raflara"},"content":{"rendered":"<p style=\"text-align: justify;\"><a href=\"http:\/\/www.korhanyilmaz.com\/wp-content\/uploads\/2012\/03\/A0177.jpg\"  class=\"lightview\"><img loading=\"lazy\" decoding=\"async\" class=\"aligncenter size-full wp-image-50208\" title=\"\" src=\"http:\/\/www.korhanyilmaz.com\/wp-content\/uploads\/2012\/03\/A0177.jpg\" alt=\"\" width=\"298\" height=\"221\" \/><\/a><\/p>\n<p style=\"text-align: justify;\">Ba\u015fbakan Erdo\u011fan, zorunlu e\u011fitim s\u00fcresini 12 y\u0131la \u00e7\u0131karan teklifin Meclis Genel Kurulu\u2019nda kabul edilmesinin ard\u0131ndan AK Partili milletvekillerine te\u015fekk\u00fcr konu\u015fmas\u0131 yapt\u0131.<\/p>\n<p style=\"text-align: justify;\">\u0130STANBUL &#8211; Erdo\u011fan, zorunlu e\u011fitim s\u00fcresinin 12 y\u0131la \u00e7\u0131kar\u0131lmas\u0131yla ilgili milletvekillerinin TBMM&#8217;de yo\u011fun bir \u00e7al\u0131\u015fma y\u00fcr\u00fctt\u00fc\u011f\u00fcn\u00fc belirterek, &#8221;Sizler tarihimize kara bir leke olarak kaz\u0131nm\u0131\u015f, bin y\u0131l s\u00fcrece\u011fi iddia edilen 28 \u015eubat&#8217;\u0131n son izini 28 \u015eubat&#8217;tan 15 y\u0131l sonra geri d\u00f6nmemek \u00fczere tarihin tozlu raflar\u0131na Allah&#8217;\u0131n izniyle kald\u0131rd\u0131n\u0131z&#8221; dedi.\u00a0<!--more--><\/p>\n<p style=\"text-align: justify;\">Erdo\u011fan, AK Parti Genel Merkezi&#8217;nde d\u00fczenlenen yemekteki konu\u015fmas\u0131na, &#8221;Do\u011frusu bug\u00fcn ben \u00e7ok duyguluyum. TBMM, \u00f6zellikle de sizler bug\u00fcn bir kez daha tarih yazd\u0131n\u0131z. Tarihe silinmeyecek bir not d\u00fc\u015ft\u00fcn\u00fcz. Belki bunu biz anlam\u0131yor olabiliriz ama inan\u0131yorum ki gelecek ku\u015faklar, gelecek nesiller bunu anlayacaklar ve hay\u0131rla yad edecekler&#8221; diyerek ba\u015flad\u0131.<\/p>\n<p style=\"text-align: justify;\">Bu yasan\u0131n sadece milli e\u011fitimi ilgilendirmedi\u011fini dile getiren Erdo\u011fan, &#8221;Bu yasa, T\u00fcrkiye&#8217;de milli egemenli\u011finin ger\u00e7ek sahibinin kim oldu\u011funu bir kez daha ispat etmi\u015f, bir kez daha teyit etmi\u015f bir yasad\u0131r. \u00c7\u0131kard\u0131\u011f\u0131m\u0131z yasa, T\u00fcrkiye&#8217;de demokrasinin ne kadar ileri standartlara ula\u015ft\u0131\u011f\u0131n\u0131n, ayn\u0131 zamanda ne b\u00fcy\u00fck bir i\u015flerlik kazand\u0131\u011f\u0131n\u0131n ispat\u0131 olan bir yasad\u0131r&#8221; diye konu\u015ftu.<\/p>\n<p style=\"text-align: justify;\">Erdo\u011fan, s\u00f6zlerini \u015f\u00f6yle s\u00fcrd\u00fcrd\u00fc:<\/p>\n<p style=\"text-align: justify;\">&#8221;\u00c7\u0131kan bu yasayla egemenli\u011fin millete ait oldu\u011fu bir kez daha kay\u0131t alt\u0131na al\u0131nm\u0131\u015ft\u0131r. AK Parti&#8217;yi kurarken, 3 Kas\u0131m se\u00e7imlerine girerken s\u0131k\u00e7a tekrarlad\u0131\u011f\u0131m\u0131z &#8216;yeter s\u00f6z de karar da milletindir&#8217; ifadesi, bu yasan\u0131n \u00e7\u0131kmas\u0131yla bir kez daha anlam kazanm\u0131\u015ft\u0131r. Bask\u0131yla, dayatmayla getirilen bir d\u00fczenlemeyi milletin vicdan\u0131na ve kendi vicdan\u0131n\u0131za kulak vererek demokratik yollarla d\u00fczelttiniz.<\/p>\n<p style=\"text-align: justify;\">Sizler az\u0131nl\u0131\u011f\u0131n \u00e7o\u011funlu\u011fa h\u00fckmetmesinin bir eseri olan kesintisiz e\u011fitimi, milletin egemenli\u011fini y\u00fcceltmek yoluyla tashih ettiniz. Hani parlamentoda dediler ya, diyorlard\u0131 ya &#8216;fa\u015fist, \u015fu, bu&#8217;&#8230; Aslolan, fa\u015fist bir bask\u0131yla gelen d\u00fczenleme i\u015fte bug\u00fcn tamamen demokratik bir yolla d\u00fczeltilmi\u015ftir. Sizler tarihimize kara bir leke olarak kaz\u0131nm\u0131\u015f, bin y\u0131l s\u00fcrece\u011fi iddia edilen 28 \u015eubat&#8217;\u0131n son izini 28 \u015eubat&#8217;tan 15 y\u0131l sonra geri d\u00f6nmemek \u00fczere tarihin tozlu raflar\u0131na Allah&#8217;\u0131n izniyle kald\u0131rd\u0131n\u0131z.<\/p>\n<p style=\"text-align: justify;\">\u0130\u015fte bu nedenle sizleri kutluyorum. Tarihi bir d\u00fczeltme yapt\u0131\u011f\u0131n\u0131z i\u00e7in, egemenli\u011fi tekrar millete tevdi etti\u011finiz i\u00e7in, millet egemenli\u011fini ve demokrasiyi bir kez daha y\u00fcceltti\u011finiz i\u00e7in sizleri tebrik ediyorum, kutluyorum&#8221;<\/p>\n<p style=\"text-align: justify;\">Erdo\u011fan, &#8221;Ad\u0131n\u0131 tarihe yazd\u0131ran, ad\u0131n\u0131 milletin haf\u0131zas\u0131na, milletin vicdan\u0131na yazd\u0131ran bu kadroyu y\u00fcrekten kutluyorum&#8221; dedi.<\/p>\n<p style=\"text-align: justify;\"><strong>&#8221;BU GECE HAMDI UNUTMAZSINIZ&#8221;<\/strong><\/p>\n<p style=\"text-align: justify;\">&#8221;\u0130\u015fte bug\u00fcn genel kurulda bu yanl\u0131\u015f\u0131 sizler d\u00fczelttiniz. \u015eunu s\u00f6yleyeyim, 9. Madde&#8217;de MHP&#8217;nin verdi\u011fi deste\u011fe, daha ileri gidiyorum, BDP&#8217;den de 5 arkada\u015f\u0131n verdi\u011fi deste\u011fe de \u015fahs\u0131m, milletim ad\u0131na da te\u015fekk\u00fcr ediyorum&#8221; diyen Erdo\u011fan, \u00e7ocuklar\u0131n art\u0131k kendi ve anne babalar\u0131n\u0131n tercihleri do\u011frultusunda milli ve manevi de\u011ferlerini, dini de\u011ferlerini \u00e7ok daha g\u00fc\u00e7l\u00fc \u015fekilde \u00f6\u011freneceklerini vurgulad\u0131.<\/p>\n<p style=\"text-align: justify;\">Erdo\u011fan, &#8221;\u00dcniversiteler belli \u00e7ocuklara, belli s\u0131n\u0131f ve z\u00fcmrelere de\u011fil, art\u0131k bu \u00fclkenin t\u00fcm \u00e7ocuklar\u0131na kap\u0131lar\u0131n\u0131 ard\u0131na kadar a\u00e7acaklar&#8221; dedi.<\/p>\n<p style=\"text-align: justify;\">Art\u0131k \u00e7ocuklar\u0131n ayak bileklerinde zincirlerin ba\u011fl\u0131 olmayaca\u011f\u0131n\u0131 kaydeden Erdo\u011fan, \u00e7ocuklar\u0131n zihinlerinde bulan\u0131k yap\u0131n\u0131n bulunmayaca\u011f\u0131n\u0131 s\u00f6yledi. \u00c7ocuklar\u0131n rahat hareket edeceklerini anlatan Ba\u015fbakan Erdo\u011fan, &#8221;K\u00f6r ideolojilerin, dar kal\u0131plar\u0131n, ikna odalar\u0131n\u0131n esir ald\u0131\u011f\u0131 okullar\u0131m\u0131z bug\u00fcnden itibaren \u00f6zg\u00fcrle\u015fecekler, modernle\u015fecekler, \u00e7a\u011fa en g\u00fc\u00e7l\u00fc \u015fekilde ayak uydurup d\u00fcnya ile rekabete giri\u015fecekler&#8221; diye konu\u015ftu.<\/p>\n<p style=\"text-align: justify;\">Bug\u00fcn\u00fcn neresinden bak\u0131l\u0131rsa bak\u0131ls\u0131n tarihi bir g\u00fcn oldu\u011funu vurgulayan Erdo\u011fan, bug\u00fcn\u00fcn T\u00fcrkiye i\u00e7in \u00f6nemli bir g\u00fcn oldu\u011funu s\u00f6yledi. Erdo\u011fan, &#8221;Gururluyuz, ama kibirli de\u011filiz. Onurluyuz, ama hi\u00e7bir zaman \u015f\u0131marm\u0131yoruz, \u015f\u0131marmayaca\u011f\u0131z&#8221; dedi.<\/p>\n<p style=\"text-align: justify;\"><strong>&#8216;KURAN B\u0130R \u0130LHAM KAYNA\u011eIDIR&#8221;<\/strong><\/p>\n<p style=\"text-align: justify;\">Ba\u015fbakan Erdo\u011fan, \u015funlar\u0131 s\u00f6yledi:<\/p>\n<p style=\"text-align: justify;\">&#8221;9. Madde esnas\u0131nda Kuran&#8217;\u0131n ve Peygamberimizin hayat\u0131n\u0131n, ikinci ve \u00fc\u00e7\u00fcnc\u00fc kademede, yani ortaokul ve lisede se\u00e7meli olarak verilmesine y\u00f6nelik \u00f6nergeler verilmesinden tabii CHP \u00e7ok rahats\u0131z. Fakat bug\u00fcn \u0130zmir&#8217;de bakt\u0131m, metro konu\u015fmas\u0131nda O da bunu i\u015fliyor. Orada ne dese be\u011fenirsiniz? Biz diyor &#8216;Kuran-\u0131 Kerim&#8217;i b\u00f6yle gayet g\u00fczel i\u015flemeli k\u0131l\u0131flar i\u00e7erisinde, odam\u0131z\u0131n ba\u015fucunda hep saklar\u0131z. Yast\u0131klar\u0131m\u0131z\u0131n hemen alt\u0131nda, ba\u015fucumuzda saklar\u0131z&#8217;. Gel de Akif&#8217;i anma. Akif merhum \u00e7ok g\u00fczel s\u00f6yl\u00fcyor. &#8216;Ya a\u00e7ar nazm\u0131 celilin bakar\u0131z yapra\u011f\u0131na, ya \u00fcfler ge\u00e7eriz bir \u00f6l\u00fcn\u00fcn topra\u011f\u0131na, inmemi\u015ftir Kuran bunu hakk\u0131yla bilin, ne mezarda okunmak, ne fal bakmak i\u00e7in&#8217;&#8230;<\/p>\n<p style=\"text-align: justify;\">Say\u0131n K\u0131l\u0131\u00e7daro\u011flu, Kuran bir s\u00fcs e\u015fyas\u0131 de\u011fildir. Kuran, bir ilham kayna\u011f\u0131d\u0131r. Onun i\u00e7in Akif&#8217;i biraz okuman laz\u0131m. Sadece milli mar\u015f olarak \u0130stiklal Mar\u015f\u0131&#8217;n\u0131 da okumak yetmez. Anlamak laz\u0131m. Onu duymak laz\u0131m. Bunlarda b\u00f6yle bir \u015fey yok. Biz diyor &#8216;Besmeleyi \u00e7ekeriz, okuruz&#8217;. \u0130n\u015fallah \u00f6yledir.&#8221;<\/p>\n<p style=\"text-align: justify;\"><strong>&#8221;ZORAK\u0130, MECBUR\u0130 DE\u011e\u0130L&#8221;<\/strong><\/p>\n<p style=\"text-align: justify;\">&#8221;TBMM&#8217;de de bir tanesi, &#8216;din bezirganlar\u0131&#8217; olarak AK Parti&#8217;yi kastediyor. Olsa olsa en ala din bezirgan\u0131 sizden olur, sizden&#8221; diyen Ba\u015fbakan Erdo\u011fan, \u015f\u00f6yle devam etti:<\/p>\n<p style=\"text-align: justify;\">&#8221;\u00c7\u00fcnk\u00fc bu ya\u015fan\u0131r, konu\u015fulmaz. Aradaki fark bu. Bundan niye o kadar rahats\u0131z oluyorsunuz? Bunda madem s\u0131k\u0131nt\u0131m\u0131z yok. Oy birli\u011fiyle genel kuruldan bu i\u015f \u00e7\u0131ksa b\u00f6yle bir tart\u0131\u015fma olur mu? Niye bu sizi rahats\u0131z ediyor? Bunun sizi hi\u00e7 rahats\u0131z etmemesi gerekirdi. Ya ne demek, se\u00e7meli yahu. Zoraki de\u011fil, mecburi de\u011fil. Kemal Efendi, torununu oraya cebren g\u00f6nderme. Gerek yok. \u0130ste\u011fe ba\u011fl\u0131. \u0130ster g\u00f6nderirsin, ister g\u00f6ndermezsin. B\u00f6yle bir \u015fey yok. Rahat ol. B\u00fct\u00fcn efrad\u0131n\u0131z, onlar da rahat olsun. Cebir yok. \u0130stersen g\u00f6nderirsin. Niye bundan rahats\u0131z oluyorsun? \u0130\u015fte \u00fczen nokta bu. Niye? Rahats\u0131zlar. \u00c7\u00fcnk\u00fc gelece\u011fi g\u00f6r\u00fcyorlar. Neyi g\u00f6r\u00fcyorlar? \u00c7\u00fcnk\u00fc bu milletin ruh k\u00f6k\u00fcnde bunun aray\u0131\u015f\u0131 var. Bunu bekliyor.&#8221;<\/p>\n<p style=\"text-align: justify;\">Erdo\u011fan, 28 \u015eubat d\u00f6neminde \u00e7ocuklar\u0131n camiye g\u00f6nderilmesinin yasakland\u0131\u011f\u0131n\u0131 belirterek, 15 ya\u015f\u0131ndan b\u00fcy\u00fck \u00e7ocuklar\u0131n camiye g\u00f6nderilmesi karar\u0131n\u0131n o d\u00f6nemde al\u0131nd\u0131\u011f\u0131n\u0131 s\u00f6yledi.<\/p>\n<p style=\"text-align: justify;\">\u00a0Erdo\u011fan, &#8221;O, fa\u015fizan bir bask\u0131yd\u0131 ama siz millet iradesiyle bunu d\u00fczelttiniz. 15 ya\u015f\u0131ndan sonra o \u00e7ocuk daha neyi \u00f6\u011frenecek yahu? Bitiriyor zaten her \u015feyi. Art\u0131k o ba\u015fka i\u015flerle me\u015fgul&#8221; dedi. Erdo\u011fan, \u00e7ocuklar\u0131n, 15 ya\u015f\u0131na kadar ne verilirse ald\u0131\u011f\u0131n\u0131 dile getirdi.<\/p>\n<p style=\"text-align: justify;\"><a href=\"http:\/\/www.ntvmsnbc.com\/id\/25335511\/\" target=\"_blank\">Kaynak : NTVMSNBC<\/a><\/p>\n","protected":false},"excerpt":{"rendered":"<p style=\"text-align: justify;\">\n<p style=\"text-align: justify;\">Ba\u015fbakan Erdo\u011fan, zorunlu e\u011fitim s\u00fcresini 12 y\u0131la \u00e7\u0131karan teklifin Meclis Genel Kurulu\u2019nda kabul edilmesinin ard\u0131ndan AK Partili milletvekillerine te\u015fekk\u00fcr konu\u015fmas\u0131 yapt\u0131.<\/p>\n<p style=\"text-align: justify;\">\u0130STANBUL &#8211; Erdo\u011fan, zorunlu e\u011fitim s\u00fcresinin 12 y\u0131la \u00e7\u0131kar\u0131lmas\u0131yla ilgili milletvekillerinin TBMM&#8217;de yo\u011fun bir \u00e7al\u0131\u015fma y\u00fcr\u00fctt\u00fc\u011f\u00fcn\u00fc belirterek, &#8221;Sizler tarihimize kara bir leke olarak kaz\u0131nm\u0131\u015f, bin y\u0131l s\u00fcrece\u011fi <\/p>\n","protected":false},"author":1,"featured_media":0,"comment_status":"open","ping_status":"open","sticky":false,"template":"","format":"standard","meta":{"footnotes":""},"categories":[105],"tags":[],"class_list":["post-50207","post","type-post","status-publish","format-standard","hentry","category-gundem","odd"],"_links":{"self":[{"href":"http:\/\/www.korhanyilmaz.com\/index.php?rest_route=\/wp\/v2\/posts\/50207","targetHints":{"allow":["GET"]}}],"collection":[{"href":"http:\/\/www.korhanyilmaz.com\/index.php?rest_route=\/wp\/v2\/posts"}],"about":[{"href":"http:\/\/www.korhanyilmaz.com\/index.php?rest_route=\/wp\/v2\/types\/post"}],"author":[{"embeddable":true,"href":"http:\/\/www.korhanyilmaz.com\/index.php?rest_route=\/wp\/v2\/users\/1"}],"replies":[{"embeddable":true,"href":"http:\/\/www.korhanyilmaz.com\/index.php?rest_route=%2Fwp%2Fv2%2Fcomments&post=50207"}],"version-history":[{"count":0,"href":"http:\/\/www.korhanyilmaz.com\/index.php?rest_route=\/wp\/v2\/posts\/50207\/revisions"}],"wp:attachment":[{"href":"http:\/\/www.korhanyilmaz.com\/index.php?rest_route=%2Fwp%2Fv2%2Fmedia&parent=50207"}],"wp:term":[{"taxonomy":"category","embeddable":true,"href":"http:\/\/www.korhanyilmaz.com\/index.php?rest_route=%2Fwp%2Fv2%2Fcategories&post=50207"},{"taxonomy":"post_tag","embeddable":true,"href":"http:\/\/www.korhanyilmaz.com\/index.php?rest_route=%2Fwp%2Fv2%2Ftags&post=50207"}],"curies":[{"name":"wp","href":"https:\/\/api.w.org\/{rel}","templated":true}]}}