{"id":50202,"date":"2012-03-30T15:54:08","date_gmt":"2012-03-30T12:54:08","guid":{"rendered":"http:\/\/www.korhanyilmaz.com\/?p=50202"},"modified":"2012-03-30T18:20:32","modified_gmt":"2012-03-30T15:20:32","slug":"onlar-katliamin-40-yilinda-anildi","status":"publish","type":"post","link":"http:\/\/www.korhanyilmaz.com\/?p=50202","title":{"rendered":"On\u2019lar katliam\u0131n 40. y\u0131l\u0131nda an\u0131ld\u0131"},"content":{"rendered":"<p style=\"text-align: center;\"><a href=\"http:\/\/www.korhanyilmaz.com\/wp-content\/uploads\/2012\/03\/A0175.jpg\"  class=\"lightview\"><img loading=\"lazy\" decoding=\"async\" class=\"aligncenter  wp-image-50203\" src=\"http:\/\/www.korhanyilmaz.com\/wp-content\/uploads\/2012\/03\/A0175.jpg\" alt=\"\" width=\"319\" height=\"212\" \/><\/a><\/p>\n<p style=\"text-align: justify;\">Deniz Gezmi\u015f, H\u00fcseyin \u0130nan ve Yusuf Aslan\u2019\u0131n idamlar\u0131n\u0131 engellemek i\u00e7in yapt\u0131klar\u0131 eylem s\u0131ras\u0131nda 30 Mart 1972\u2019de K\u0131z\u0131ldere&#8217;de katledilen Mahir \u00c7ayan, Sabahattin Kurt, Nihat Y\u0131lmaz, Saffet Alp, Sinan Kaz\u0131m \u00d6z\u00fcdo\u011fru, Ertan Saruhan, H\u00fcdai Ar\u0131kan, Ahmet Atasoy, \u00d6mer Ayna ve Cihan Alptekin, Ankara\u2019da \u00e7e\u015fitli etkinliklerle an\u0131ld\u0131.<!--more--><\/p>\n<p style=\"text-align: justify;\"><a href=\"http:\/\/www.korhanyilmaz.com\/wp-content\/uploads\/2012\/03\/A0176.jpg\"  class=\"lightview\"><img loading=\"lazy\" decoding=\"async\" class=\"alignleft  wp-image-50204\" style=\"margin-left: 10px; margin-right: 10px;\" src=\"http:\/\/www.korhanyilmaz.com\/wp-content\/uploads\/2012\/03\/A0176.jpg\" alt=\"\" width=\"319\" height=\"214\" \/><\/a>Katliam\u0131n 40. y\u0131l\u0131nda Kar\u015f\u0131yaka Mezarl\u0131\u011f\u0131\u2019nda bulunan Mahir \u00c7ayan\u2019\u0131n mezar\u0131 ba\u015f\u0131nda yap\u0131lan anmalarda \u201cOn\u2019lar\u0131n m\u00fccadeleleri\u201d \u00f6rnek al\u0131narak, birlikte m\u00fccadele vurgusu yap\u0131ld\u0131. Halklar\u0131n Demokratik Kongresi\u2019nin (HDK) \u00c7ayan\u2019\u0131n mezar\u0131 ba\u015f\u0131nda yapt\u0131\u011f\u0131 anmada, \u201cYa\u015fas\u0131n Devrim ve Sosyalizm\u201d, \u201cDevrim \u015fehitleri \u00f6l\u00fcms\u00fczd\u00fcr\u201d ve \u201c\u015eeh\u00eet na mirin\u201d sloganlar\u0131 at\u0131ld\u0131. EMEP Genel Ba\u015fkan Yard\u0131mc\u0131s\u0131 Fevzi Ayber, BDP \u0130l Ba\u015fkan\u0131 Aday\u2019\u0131n da kat\u0131ld\u0131\u011f\u0131 anmada a\u00e7\u0131klamay\u0131 HDK Ankara \u0130l Meclisi ad\u0131na H\u00fcseyin Gevher yapt\u0131.<\/p>\n<p style=\"text-align: justify;\">Gevher, On\u2019lar\u0131n m\u00fccadelesinin emek\u00e7i yoksul halk\u0131n bulundu\u011fu her alanda sahiplenildi\u011fine vurgu yapt\u0131. \u201cMahirlerden, Cihan\u2019lardan ilham alan devrimciler, m\u00fccadelelerini zafere ta\u015f\u0131mak i\u00e7in k\u00f6yleri, fabrikalar\u0131, okullar\u0131 \u00fcniversiteleri \u00f6zg\u00fcrl\u00fck, demokrasi ve sosyalizm m\u00fccadelesinin alanlar\u0131 haline getirmeye \u00e7al\u0131\u015ft\u0131lar\u201d diyen Gevher, 12 Eyl\u00fcl askeri darbesinin bile yok edemedi\u011fi m\u00fccadelenin bug\u00fcn \u201c12 Eyl\u00fcl darbesinin kurumsalla\u015fm\u0131\u015f hali\u201d olan AKP h\u00fck\u00fcmetine kar\u015f\u0131 s\u00fcrd\u00fc\u011f\u00fcn\u00fc ifade etti. Gevher, 2012 Newroz mitinglerinin bunun en a\u00e7\u0131k g\u00f6stergesi oldu\u011funu kaydetti.<\/p>\n<p style=\"text-align: justify;\"><strong>KIZILDERE DEVR\u0130MC\u0130 DAYANI\u015eMANIN ADIDIR<\/strong><\/p>\n<p style=\"text-align: justify;\">HDK Ankara Gen\u00e7li\u011fi\u2019nin \u00c7ayan\u2019\u0131n mezar\u0131 ba\u015f\u0131nda s\u00f6yledi\u011fi K\u00fcrt\u00e7e mar\u015flar\u0131n ard\u0131ndan, 68\u2019liler Dayan\u0131\u015fma Derne\u011fi ve Devrimci 78\u2019liler Federasyonu da birer anma ger\u00e7ekle\u015ftirdi. Burada konu\u015fan 68\u2019liler Dayan\u0131\u015fma Derne\u011fi Genel Ba\u015fkan\u0131 Hasan Ko\u00e7, \u201cK\u0131z\u0131ldere devrimci direni\u015fin tarihidir. K\u0131z\u0131ldere, teslim olmaman\u0131n sembol\u00fcd\u00fcr. K\u0131z\u0131ldere, devrimci dayan\u0131\u015fman\u0131n ad\u0131d\u0131r\u201d dedi. Ko\u00e7, birlikte m\u00fccadele \u00e7a\u011fr\u0131s\u0131 yapt\u0131. \u00d6DP, Halkevleri ve Halk Cephesi de \u00c7ayan\u2019\u0131n mezar\u0131 ba\u015f\u0131nda ayr\u0131 ayr\u0131 etkinlikler yaparak, On\u2019lar\u0131 and\u0131.<\/p>\n<p style=\"text-align: justify;\">Ankara \u00dcniversitesi Siyasal Bilgiler Fak\u00fcltesi\u2019nde ise SBF-DER ve M\u00fclkiyeliler Derne\u011fi ortak bir a\u00e7\u0131klama yapt\u0131. (Ankara\/EVRENSEL)<\/p>\n<p style=\"text-align: justify;\"><strong>\u0130STANBUL&#8217;DA DA ANILDILAR\u00a0<\/strong><\/p>\n<p style=\"text-align: justify;\">K\u0131z\u0131ldere\u2019de katledilen Mahir \u00c7ayan ve yolda\u015flar\u0131 \u0130stanbul\u2019da da yap\u0131lan y\u00fcr\u00fcy\u00fc\u015fle an\u0131ld\u0131. Taksim Tramvay Dura\u011f\u0131\u2019nda bir araya gelen kitle \u00f6rg\u00fctleri ve siyasi partiler buradan Galatasaray Meydan\u0131\u2019na do\u011fru y\u00fcr\u00fcy\u00fc\u015fe ge\u00e7ti. Ellerinde Mahir \u00c7ayan ve arkada\u015flar\u0131n\u0131n foto\u011fraflar\u0131n\u0131 ta\u015f\u0131yan y\u00fczlerce ki\u015fi s\u0131k s\u0131k \u201cDireni\u015f tarihi onurumuzdur\u201d \u201cYa\u015fas\u0131n devrimci dayan\u0131\u015fma\u201d \u201cFa\u015fizme kar\u015f\u0131 omuz omuza\u201d sloganlar\u0131 att\u0131. Y\u00fcr\u00fcy\u00fc\u015f boyunca devrimci \u00f6nderler Mahir \u00c7ayan, \u0130brahim Kaypakkaya, Mazlum Do\u011fan ve Deniz Gezmi\u015f\u2019in isimleri s\u00f6ylendi ve grup \u2018ya\u015f\u0131yor\u2019 diye hayk\u0131rd\u0131. Yakla\u015f\u0131k k\u0131rk dakika s\u00fcren y\u00fcr\u00fcy\u00fc\u015f\u00fcn ard\u0131ndan Galatasaray Meydan\u0131\u2019na varan kitle burada t\u00fcm devrim \u015fehitleri i\u00e7in bir dakikal\u0131k sayg\u0131 duru\u015funda bulundu. Sayg\u0131 duru\u015funun ard\u0131ndan Halkevleri, \u00d6DP, BDP, EMEP, ESP, SDP ve T\u00d6P imzal\u0131 ortak a\u00e7\u0131klamay\u0131 okuyan Mustafa Atalay, Mahir \u00c7ayan\u2019\u0131n foto\u011fraflar\u0131n\u0131 evine asanlar\u0131n ve kitaplar\u0131n\u0131 okuyanlar\u0131n bask\u0131yla kar\u015f\u0131la\u015ft\u0131\u011f\u0131 bir s\u00fcre\u00e7te K\u0131z\u0131ldere\u2019nin daha da anlam kazand\u0131\u011f\u0131n\u0131 s\u00f6yledi. \u201cK\u0131z\u0131ldere devrimci dayan\u0131\u015fmad\u0131r\u201d diyen Atalay \u201c Siyasal iktidar\u0131n t\u00fcm devrimci de\u011ferlere, sald\u0131r\u0131lar\u0131n\u0131 yo\u011funla\u015ft\u0131rd\u0131\u011f\u0131 bu d\u00f6nemde bir kez daha dayan\u0131\u015fmayla tarihimize sahip \u00e7\u0131k\u0131yoruz\u201d diye konu\u015ftu. (\u0130stanbul\/EVRENSEL)<\/p>\n<p style=\"text-align: justify;\"><a href=\"http:\/\/www.evrensel.net\/news.php?id=26097\" target=\"_blank\">Kaynak : Evrensel.net<\/a><\/p>\n","protected":false},"excerpt":{"rendered":"<p style=\"text-align: center;\">\n<p style=\"text-align: justify;\">Deniz Gezmi\u015f, H\u00fcseyin \u0130nan ve Yusuf Aslan\u2019\u0131n idamlar\u0131n\u0131 engellemek i\u00e7in yapt\u0131klar\u0131 eylem s\u0131ras\u0131nda 30 Mart 1972\u2019de K\u0131z\u0131ldere&#8217;de katledilen Mahir \u00c7ayan, Sabahattin Kurt, Nihat Y\u0131lmaz, Saffet Alp, Sinan Kaz\u0131m \u00d6z\u00fcdo\u011fru, Ertan Saruhan, H\u00fcdai Ar\u0131kan, Ahmet Atasoy, \u00d6mer Ayna ve Cihan Alptekin, Ankara\u2019da \u00e7e\u015fitli etkinliklerle an\u0131ld\u0131.<\/p>\n","protected":false},"author":1,"featured_media":0,"comment_status":"open","ping_status":"open","sticky":false,"template":"","format":"standard","meta":{"footnotes":""},"categories":[105],"tags":[],"class_list":["post-50202","post","type-post","status-publish","format-standard","hentry","category-gundem","odd"],"_links":{"self":[{"href":"http:\/\/www.korhanyilmaz.com\/index.php?rest_route=\/wp\/v2\/posts\/50202","targetHints":{"allow":["GET"]}}],"collection":[{"href":"http:\/\/www.korhanyilmaz.com\/index.php?rest_route=\/wp\/v2\/posts"}],"about":[{"href":"http:\/\/www.korhanyilmaz.com\/index.php?rest_route=\/wp\/v2\/types\/post"}],"author":[{"embeddable":true,"href":"http:\/\/www.korhanyilmaz.com\/index.php?rest_route=\/wp\/v2\/users\/1"}],"replies":[{"embeddable":true,"href":"http:\/\/www.korhanyilmaz.com\/index.php?rest_route=%2Fwp%2Fv2%2Fcomments&post=50202"}],"version-history":[{"count":0,"href":"http:\/\/www.korhanyilmaz.com\/index.php?rest_route=\/wp\/v2\/posts\/50202\/revisions"}],"wp:attachment":[{"href":"http:\/\/www.korhanyilmaz.com\/index.php?rest_route=%2Fwp%2Fv2%2Fmedia&parent=50202"}],"wp:term":[{"taxonomy":"category","embeddable":true,"href":"http:\/\/www.korhanyilmaz.com\/index.php?rest_route=%2Fwp%2Fv2%2Fcategories&post=50202"},{"taxonomy":"post_tag","embeddable":true,"href":"http:\/\/www.korhanyilmaz.com\/index.php?rest_route=%2Fwp%2Fv2%2Ftags&post=50202"}],"curies":[{"name":"wp","href":"https:\/\/api.w.org\/{rel}","templated":true}]}}