{"id":50198,"date":"2012-03-30T14:41:22","date_gmt":"2012-03-30T11:41:22","guid":{"rendered":"http:\/\/www.korhanyilmaz.com\/?p=50198"},"modified":"2012-03-30T18:15:13","modified_gmt":"2012-03-30T15:15:13","slug":"arinc-dur-denilecegi-yerde-vur-denilmemeli","status":"publish","type":"post","link":"http:\/\/www.korhanyilmaz.com\/?p=50198","title":{"rendered":"Ar\u0131n\u00e7: Dur denilece\u011fi yerde, vur denilmemeli"},"content":{"rendered":"<p style=\"text-align: center;\"><a href=\"http:\/\/www.korhanyilmaz.com\/wp-content\/uploads\/2012\/03\/A0174.jpg\"  class=\"lightview\"><img loading=\"lazy\" decoding=\"async\" class=\"aligncenter  wp-image-50199\" src=\"http:\/\/www.korhanyilmaz.com\/wp-content\/uploads\/2012\/03\/A0174.jpg\" alt=\"\" width=\"380\" height=\"218\" \/><\/a><\/p>\n<p style=\"text-align: justify;\">Ba\u015fbakan Yard\u0131mc\u0131s\u0131 B\u00fclent Ar\u0131n\u00e7, Meclis&#8217;te ya\u015fanan tart\u0131\u015fmalarla ilgili &#8220;Genel ba\u015fkanlar\u0131n, parti y\u00f6netimlerinin milletvekillerimize tavsiyelerde, telkinlerde bulunmas\u0131 gerekir. Dur denilece\u011fi yerde, vur denilmemelidir&#8221; diye konu\u015ftu.<\/p>\n<p style=\"text-align: justify;\">KIR\u015eEH\u0130R &#8211; Ba\u015fbakan Yard\u0131mc\u0131s\u0131 B\u00fclent Ar\u0131n\u00e7, T\u00fcrkiye B\u00fcy\u00fck Millet Meclisi&#8217;nde ya\u015fanan tart\u0131\u015fmalarla ilgili, &#8221;Dur denilece\u011fi yerde, vur denilmemelidir. Ama baz\u0131 genel ba\u015fkanlar ve parti y\u00f6netimleri bu ta\u015fk\u0131nl\u0131klar\u0131 yapanlara dur diyecekleri yerde vur demeye \u00e7al\u0131\u015f\u0131yorlar. Bu, parlamento tarihimiz i\u00e7in \u00e7ok ho\u015f bir durum de\u011fil&#8221; dedi.\u00a0<!--more--><\/p>\n<p style=\"text-align: justify;\">AK Parti \u0130l Kongresi&#8217;ne kat\u0131lmak \u00fczere K\u0131r\u015fehir&#8217;e gelen Ba\u015fbakan Yard\u0131mc\u0131s\u0131 B\u00fclent Ar\u0131n\u00e7, K\u0131r\u015fehir Belediye Ba\u015fkan\u0131 Ya\u015far Bah\u00e7eci&#8217;yi ziyaret etti.<\/p>\n<p style=\"text-align: justify;\">Ziyarette gazetecilerin sorular\u0131n\u0131 yan\u0131tlayan Ar\u0131n\u00e7, &#8221;Mecliste tansiyon bir hayli y\u00fcksek, 4+4+4&#8217;ten dolay\u0131. Tansiyon nas\u0131l d\u00fc\u015fecek? Uzla\u015f\u0131 olacak m\u0131?&#8221; sorusu \u00fczerine, &#8221;Meclis&#8217;e giren zaten y\u00fcksek tansiyon hastas\u0131 olur. Ben oldum mesela. Meclisin yap\u0131s\u0131ndan m\u0131d\u0131r, neyindendir bilmiyorum&#8221; diye konu\u015ftu.<\/p>\n<p style=\"text-align: justify;\">Sadece son g\u00fcnlerdeki tart\u0131\u015fmalarla ilgili de\u011fil, Meclis&#8217;te \u00e7ok yo\u011fun i\u015fler oldu\u011funu, milletvekillerinin hem se\u00e7menleriyle hem kanun tasar\u0131lar\u0131yla b\u00fcy\u00fck bir stres alt\u0131nda \u00e7al\u0131\u015ft\u0131klar\u0131n\u0131 ifade eden Ar\u0131n\u00e7, s\u00f6zlerini \u015f\u00f6yle s\u00fcrd\u00fcrd\u00fc:<\/p>\n<p style=\"text-align: justify;\">&#8221;Meclis&#8217;te tansiyon vard\u0131r ama tart\u0131\u015fma ve gerginlik ho\u015flan\u0131lmayan, arzu edilmeyen bir geli\u015fme. Buna kimin sebep oldu\u011funu tart\u0131\u015fmalar\u0131 izlerseniz siz g\u00f6rebilirsiniz. Belli bir partiyi su\u00e7lamam herhalde yak\u0131\u015f\u0131k almaz. Ama benim tavsiyem gerginli\u011fi art\u0131ran, insanlar\u0131n ki\u015filik haklar\u0131na sayg\u0131s\u0131zca sald\u0131rmadan vazge\u00e7ilmesidir. Konu\u015fmalara dikkat edilmesidir.&#8221;<\/p>\n<p style=\"text-align: justify;\">Milletvekillerinin konu\u015fma yaparken dikkat edece\u011fi tek hususun i\u00e7 t\u00fcz\u00fc\u011fe uygun davranmak oldu\u011funu belirten Ar\u0131n\u00e7, \u015funlar\u0131 kaydetti:<\/p>\n<p style=\"text-align: justify;\">&#8221;\u0130\u00e7 t\u00fcz\u00fc\u011fe uygun davranmak ba\u015fta Meclis Ba\u015fkan\u0131m\u0131z olmak \u00fczere t\u00fcm milletvekillerinin g\u00f6revidir. Haklar vard\u0131r ama ona uygun davranmak da bir g\u00f6revdir. \u0130\u00e7 t\u00fcz\u00fc\u011f\u00fc hi\u00e7e sayarak ba\u011f\u0131rarak, \u00e7a\u011f\u0131rarak, k\u00fcrs\u00fc i\u015fgal ederek, birbirine bir \u015feyler f\u0131rlatarak, d\u00fcnya parlamentolar\u0131n\u0131n baz\u0131lar\u0131nda bu g\u00f6r\u00fcnt\u00fcler vard\u0131r. Ama bize yak\u0131\u015fm\u0131yor do\u011frusu. Kim sebep oluyorsa bundan vazge\u00e7mesi gerekir. Bunlardan vazge\u00e7ilmesi konusunda da genel ba\u015fkanlar\u0131n, parti y\u00f6netimlerinin milletvekillerimize tavsiyelerde, telkinlerde bulunmas\u0131 gerekir. Dur denilece\u011fi yerde, vur denilmemelidir. Ama baz\u0131 genel ba\u015fkanlar ve parti y\u00f6netimleri bu ta\u015fk\u0131nl\u0131klar\u0131 yapanlara dur diyecekleri yerde vur demeye \u00e7al\u0131\u015f\u0131yorlar. Bu parlamento tarihimiz i\u00e7in \u00e7ok ho\u015f bir durum de\u011fil. \u00dcmit ediyorum ki, bu tart\u0131\u015fmalardan parlamentomuz en k\u0131sa zamanda kurtulur. Y\u00fcksek tansiyon olmaz. Ho\u015fg\u00f6r\u00fc ile arkada\u015f\u00e7a, dost\u00e7a, sadece i\u00e7 t\u00fcz\u00fck kurallar\u0131na ele\u015ftiriler yap\u0131l\u0131r ve \u00f6nergeler verilir, konu\u015fmalar yap\u0131l\u0131r. Yasan\u0131n daha m\u00fckemmel olmas\u0131 i\u00e7in \u00e7al\u0131\u015f\u0131l\u0131r. Ben buna uygun davranan b\u00fct\u00fcn milletvekillerimizi candan kutluyorum. Tersine davran\u0131\u015f i\u00e7inde bulunanlara da s\u00fcratle bundan vazge\u00e7meleri teklifinde bulunuyorum.&#8221;<\/p>\n<p style=\"text-align: justify;\"><strong>&#8216;E\u011e\u0130T\u0130M S\u0130STEM\u0130 YEN\u0130DEN D\u0130ZAYN ED\u0130LM\u0130\u015e OLACAK&#8217;<\/strong><\/p>\n<p style=\"text-align: justify;\">Ar\u0131n\u00e7, Kur&#8217;an-\u0131 Kerim ve Hz. Peygamber&#8217;in hayat\u0131n\u0131n se\u00e7meli ders olarak okutulmas\u0131yla ilgili soru \u00fczerine de, \u015f\u00f6yle konu\u015ftu:<\/p>\n<p style=\"text-align: justify;\">&#8221;Milletimiz bundan b\u00fcy\u00fck bir memnuniyet duydu. Bize gelen haberler b\u00f6yle. Kanun hen\u00fcz \u00e7\u0131kmad\u0131, sadece 9. madde \u00f6nerge ile yeniden tanzim edilmi\u015f oldu. \u0130lk 4 y\u0131ll\u0131k s\u00fcre ilkokuldur, ortas\u0131 4 y\u0131ll\u0131k ortaokuldur, sonu da lisedir. B\u00fct\u00fcn okullarda se\u00e7meli dersler okutulacakt\u0131r. Se\u00e7meli dersler taleplere g\u00f6re, yine Milli E\u011fitim Temel Kanunu&#8217;na g\u00f6re, Milli E\u011fitim \u015euras\u0131&#8217;nda al\u0131nan kararlara uygun olarak konulacakt\u0131r.<\/p>\n<p style=\"text-align: justify;\">Ancak Milliyet\u00e7i Hareket Partisi&#8217;nin de verdi\u011fi reddedilen bir \u00f6nerge, bunu daha m\u00fckemmel hale getiren AK Parti&#8217;nin verdi\u011fi bir \u00f6nerge ile Kur&#8217;an-\u0131 Kerim ve Hz. Peygamber&#8217;in hayat\u0131 \u0130slam tarihine y\u00f6nelik baz\u0131 bilgiler i\u00e7eren se\u00e7meli derslerin konulmas\u0131, ayr\u0131ca isim olarak girdi. Bunun d\u0131\u015f\u0131ndaki se\u00e7meli dersler de Milli E\u011fitim Bakanl\u0131\u011f\u0131 taraf\u0131ndan tespit edilecektir. Talim Terbiye Kurullar\u0131n\u0131n ve di\u011ferlerinin i\u015ftiraki ile b\u00fct\u00fcn bu dersler se\u00e7meli olacakt\u0131r. \u0130ste\u011fe ba\u011fl\u0131 olacakt\u0131r. Kimse mecbur edilmeden, bask\u0131 alt\u0131nda kalmadan bu dersler isteyenlere verilecektir. \u00c7ok orijinal dersler de bulacaks\u0131n\u0131z. Bu bir zenginliktir. E\u011fitimin daha g\u00fc\u00e7l\u00fc olmas\u0131 i\u00e7in konulmu\u015f tedbirlerdir. D\u00fcn de kabul edilen \u00f6nerge ile bu zenginli\u011fe bir destek olundu\u011fu kanaatindeyim. Ana muhalefet partisinin \u015fiddetle buna kar\u015f\u0131 \u00e7\u0131kt\u0131\u011f\u0131n\u0131 ve bunun adeta bir tehlike oldu\u011funu s\u00f6ylediklerini s\u00f6zlerime eklemeliyim. Milletimiz b\u00fcy\u00fck bir \u00e7o\u011funlukla bu t\u00fcr derslerin \u00f6\u011frencilere faydal\u0131 olaca\u011f\u0131n\u0131, se\u00e7imlik hale getirilmesini istiyordu. Umar\u0131m istedi\u011fine kavu\u015fmu\u015f oldu. Kanun bu \u015fekliyle \u00e7\u0131karsa art\u0131k b\u00fct\u00fcn\u00fc itibariyle T\u00fcrkiye&#8217;de e\u011fitim sistemi yeniden dizayn edilmi\u015f olacak. Umar\u0131m ki e\u011fitimimize olumlu katk\u0131lar sa\u011flayacak.&#8221;<\/p>\n<p style=\"text-align: justify;\"><a href=\"http:\/\/www.ntvmsnbc.com\/id\/25335422\/\" target=\"_blank\">Kaynak : NTVMSNBC<\/a><\/p>\n","protected":false},"excerpt":{"rendered":"<p style=\"text-align: center;\">\n<p style=\"text-align: justify;\">Ba\u015fbakan Yard\u0131mc\u0131s\u0131 B\u00fclent Ar\u0131n\u00e7, Meclis&#8217;te ya\u015fanan tart\u0131\u015fmalarla ilgili &#8220;Genel ba\u015fkanlar\u0131n, parti y\u00f6netimlerinin milletvekillerimize tavsiyelerde, telkinlerde bulunmas\u0131 gerekir. Dur denilece\u011fi yerde, vur denilmemelidir&#8221; diye konu\u015ftu.<\/p>\n<p style=\"text-align: justify;\">KIR\u015eEH\u0130R &#8211; Ba\u015fbakan Yard\u0131mc\u0131s\u0131 B\u00fclent Ar\u0131n\u00e7, T\u00fcrkiye B\u00fcy\u00fck Millet Meclisi&#8217;nde ya\u015fanan tart\u0131\u015fmalarla ilgili, &#8221;Dur denilece\u011fi yerde, vur denilmemelidir. Ama baz\u0131 genel ba\u015fkanlar ve parti <\/p>\n","protected":false},"author":1,"featured_media":0,"comment_status":"open","ping_status":"open","sticky":false,"template":"","format":"standard","meta":{"footnotes":""},"categories":[105],"tags":[],"class_list":["post-50198","post","type-post","status-publish","format-standard","hentry","category-gundem","odd"],"_links":{"self":[{"href":"http:\/\/www.korhanyilmaz.com\/index.php?rest_route=\/wp\/v2\/posts\/50198","targetHints":{"allow":["GET"]}}],"collection":[{"href":"http:\/\/www.korhanyilmaz.com\/index.php?rest_route=\/wp\/v2\/posts"}],"about":[{"href":"http:\/\/www.korhanyilmaz.com\/index.php?rest_route=\/wp\/v2\/types\/post"}],"author":[{"embeddable":true,"href":"http:\/\/www.korhanyilmaz.com\/index.php?rest_route=\/wp\/v2\/users\/1"}],"replies":[{"embeddable":true,"href":"http:\/\/www.korhanyilmaz.com\/index.php?rest_route=%2Fwp%2Fv2%2Fcomments&post=50198"}],"version-history":[{"count":0,"href":"http:\/\/www.korhanyilmaz.com\/index.php?rest_route=\/wp\/v2\/posts\/50198\/revisions"}],"wp:attachment":[{"href":"http:\/\/www.korhanyilmaz.com\/index.php?rest_route=%2Fwp%2Fv2%2Fmedia&parent=50198"}],"wp:term":[{"taxonomy":"category","embeddable":true,"href":"http:\/\/www.korhanyilmaz.com\/index.php?rest_route=%2Fwp%2Fv2%2Fcategories&post=50198"},{"taxonomy":"post_tag","embeddable":true,"href":"http:\/\/www.korhanyilmaz.com\/index.php?rest_route=%2Fwp%2Fv2%2Ftags&post=50198"}],"curies":[{"name":"wp","href":"https:\/\/api.w.org\/{rel}","templated":true}]}}